{"id":1093,"date":"2023-02-21T08:23:33","date_gmt":"2023-02-21T07:23:33","guid":{"rendered":"https:\/\/grupamisyjna.misjonarze.pl\/?p=1093"},"modified":"2023-05-31T10:56:07","modified_gmt":"2023-05-31T08:56:07","slug":"wielki-post-grupy-misyjnej","status":"publish","type":"post","link":"https:\/\/grupamisyjna.misjonarze.pl\/?p=1093","title":{"rendered":"WIELKI POST GRUPY MISYJNEJ"},"content":{"rendered":"<p>&nbsp;<\/p>\n<p style=\"text-align: center;\"><span style=\"font-family: georgia, palatino, serif; font-size: 14pt;\">W \u015arod\u0119 Popielcow\u0105 rozpoczynamy Wielki Post. Konfratrzy z Grupy Misyjnej i ksi\u0119\u017ca wsp\u00f3\u0142pracuj\u0105cy wyrusz\u0105 g\u0142osi\u0107 rekolekcje. Udamy si\u0119 do 51 parafii. Prosimy ca\u0142\u0105 Rodzin\u0119 Wincenty\u0144sk\u0105 o modlitw\u0119 w intencji misjonarzy. Niech dobry B\u00f3g b\u0142ogos\u0142awi ich trud, a Niepokalana objawiaj\u0105ca Cudowny Medalik ma w swojej opiece.<\/span><\/p>\n<p style=\"text-align: center;\"><span style=\"font-family: georgia, palatino, serif; font-size: 14pt;\"><em>Ks. Krzysztof \u0141ytkowski CM <\/em><\/span><\/p>\n<p style=\"text-align: center;\"><span style=\"font-family: georgia, palatino, serif; font-size: 14pt;\">dyrektor Grupy Misyjnej<\/span><\/p>\n<p><img decoding=\"async\" class=\"wp-image-1102 aligncenter\" src=\"https:\/\/grupamisyjna.misjonarze.pl\/wp-content\/uploads\/2023\/02\/4778496-300x300.jpg\" alt=\"\" width=\"182\" height=\"182\" srcset=\"https:\/\/grupamisyjna.misjonarze.pl\/wp-content\/uploads\/2023\/02\/4778496-300x300.jpg 300w, https:\/\/grupamisyjna.misjonarze.pl\/wp-content\/uploads\/2023\/02\/4778496-1024x1024.jpg 1024w, https:\/\/grupamisyjna.misjonarze.pl\/wp-content\/uploads\/2023\/02\/4778496-150x150.jpg 150w, https:\/\/grupamisyjna.misjonarze.pl\/wp-content\/uploads\/2023\/02\/4778496-768x768.jpg 768w, https:\/\/grupamisyjna.misjonarze.pl\/wp-content\/uploads\/2023\/02\/4778496-1536x1536.jpg 1536w, https:\/\/grupamisyjna.misjonarze.pl\/wp-content\/uploads\/2023\/02\/4778496.jpg 2000w\" sizes=\"(max-width: 182px) 100vw, 182px\" \/><\/p>\n<h2><span style=\"font-family: georgia, palatino, serif; font-size: 14pt;\"><strong>Rekolekcje w Mrzezinie<\/strong><\/span><\/h2>\n<p style=\"text-align: justify;\"><span style=\"font-family: georgia, palatino, serif; font-size: 14pt;\">W \u015brod\u0119 popielcow\u0105 rozpocz\u0105\u0142em rekolekcje wielkopostne w parafii pod wezwaniem \u015awi\u0119tych Anio\u0142\u00f3w Str\u00f3\u017c\u00f3w w Mrzezinie ko\u0142o Pucka. Kolejny ju\u017c raz &#8211; g\u0142osz\u0105c rekolekcje w diecezji gda\u0144skiej &#8211; spotykam si\u0119 z pe\u0142nymi szacunku wspomnieniami ksi\u0119\u017cy, kt\u00f3rzy wyra\u017caj\u0105 wdzi\u0119czno\u015b\u0107 za obecno\u015b\u0107 i pos\u0142ug\u0119 Ksi\u0119\u017cy Misjonarzy w Seminarium Gda\u0144skim w Oliwie. Dzisiaj wychowankowie naszych konfratr\u00f3w z gda\u0144skiego seminarium pe\u0142ni\u0105 obowi\u0105zki proboszcz\u00f3w w wielu parafiach tej diecezji oraz inne odpowiedzialne funkcje. Zapewniaj\u0105, \u017ce pami\u0119taj\u0105 o naszych zmar\u0142ych konfratrach (profesorach, wychowawcach, ojcach duchownych). Prosz\u0105, aby serdecznie pozdrawia\u0107 \u017cyj\u0105cych. Co w ich imieniu czyni\u0119&#8230;<\/span><\/p>\n<p style=\"text-align: right;\"><span style=\"font-family: georgia, palatino, serif; font-size: 14pt;\"><em>Ks. Wojciech Koz\u0142owski CM<\/em><\/span><\/p>\n<p>&nbsp;<\/p>\n<!-- Final Tiles Grid Gallery for WordPress v3.6.13 free --><style>#ftg-1818 .tile .icon { color:#ffffff; }#ftg-1818 .ftg-items .loading-bar i { background:#666; }#ftg-1818 .ftg-items .loading-bar { background:#fff; }#ftg-1818 .tile .icon { font-size:12px; }#ftg-1818 .tile .icon { margin: -6px 0 0 -6px; }#ftg-1818 .tile .caption-block .text-wrapper span.text { font-size:12px; }#ftg-1818 .tile .caption-outside .text-wrapper span.text { font-size:12px; }#ftg-1818 .tile .caption-block .text-wrapper span.title { font-size:14px; }#ftg-1818 .tile .caption-outside .text-wrapper span.title { font-size:14px; }#ftg-1818 .tile { background-color: transparent; }#ftg-1818 .tile .caption-block .text-wrapper span.text { color: #ffffff; }#ftg-1818 .tile .caption-block .text-wrapper span.title { color: #ffffff; }#ftg-1818 .tile .caption-outside .text-wrapper span.text { color: #ffffff; }#ftg-1818 .tile .caption-outside .text-wrapper span.title { color: #ffffff; }#ftg-1818 .tile .ftg-social a { color: #ffffff; }#ftg-1818 .tile .caption-block { transition-timing-function:linear; }#ftg-1818 .tile .caption-block { transition-duration:0.25s; }#ftg-1818 .tile .tile-inner:before { background-color: #000000; }#ftg-1818 .tile .tile-inner:before { background-color: rgba(0, 0, 0, 0.8); }<\/style><a name=\"18\"><\/a><div class=\"final-tiles-gallery  ftg-hover-enabled caption-inside  caption-none caption-middle caption-center\" id=\"ftg-1818\" style=\"width: 100%\"><div class='ftg-items'><div class='loading-bar'><i><\/i><\/div><div  class='tile ftg-preload  '><a title=\"20230223_095247\" data-lightbox='ftg-1818' rel='ftg-1818'  class=' tile-inner  ftg-lightbox' href='https:\/\/grupamisyjna.misjonarze.pl\/wp-content\/uploads\/2023\/02\/20230223_095247-768x1024.jpg' ><img alt='20230223_095247' class='item skip-lazy' data-class='item' data-ftg-source='https:\/\/grupamisyjna.misjonarze.pl\/wp-content\/uploads\/2023\/02\/20230223_095247-768x1024.jpg' src='https:\/\/grupamisyjna.misjonarze.pl\/wp-content\/uploads\/2023\/02\/20230223_095247-768x1024.jpg' width='768' height='1024' \/><span class='icon fa fa-zoom'><\/span><div class='caption-block'><div class='text-wrapper'><span class='title'>20230223_095247<\/span><\/div><\/div><\/a><div class='ftg-social'><\/div><\/div><div  class='tile ftg-preload  '><a title=\"20230222_114049\" data-lightbox='ftg-1818' rel='ftg-1818'  class=' tile-inner  ftg-lightbox' href='https:\/\/grupamisyjna.misjonarze.pl\/wp-content\/uploads\/2023\/02\/20230222_114049-768x1024.jpg' ><img alt='20230222_114049' class='item skip-lazy' data-class='item' data-ftg-source='https:\/\/grupamisyjna.misjonarze.pl\/wp-content\/uploads\/2023\/02\/20230222_114049-768x1024.jpg' src='https:\/\/grupamisyjna.misjonarze.pl\/wp-content\/uploads\/2023\/02\/20230222_114049-768x1024.jpg' width='768' height='1024' \/><span class='icon fa fa-zoom'><\/span><div class='caption-block'><div class='text-wrapper'><span class='title'>20230222_114049<\/span><\/div><\/div><\/a><div class='ftg-social'><\/div><\/div><div  class='tile ftg-preload  '><a title=\"20230222_111837\" data-lightbox='ftg-1818' rel='ftg-1818'  class=' tile-inner  ftg-lightbox' href='https:\/\/grupamisyjna.misjonarze.pl\/wp-content\/uploads\/2023\/02\/20230222_111837-768x1024.jpg' ><img alt='20230222_111837' class='item skip-lazy' data-class='item' data-ftg-source='https:\/\/grupamisyjna.misjonarze.pl\/wp-content\/uploads\/2023\/02\/20230222_111837-768x1024.jpg' src='https:\/\/grupamisyjna.misjonarze.pl\/wp-content\/uploads\/2023\/02\/20230222_111837-768x1024.jpg' width='768' height='1024' \/><span class='icon fa fa-zoom'><\/span><div class='caption-block'><div class='text-wrapper'><span class='title'>20230222_111837<\/span><\/div><\/div><\/a><div class='ftg-social'><\/div><\/div><\/div><\/div>\n<p>&nbsp;<\/p>\n<p>&nbsp;<\/p>\n<p style=\"text-align: justify;\"><span style=\"font-family: georgia, palatino, serif; font-size: 14pt;\"><strong>Rekolekcje w Wieszowej<\/strong><\/span><\/p>\n<p style=\"text-align: justify;\"><span style=\"font-family: georgia, palatino, serif; font-size: 14pt;\">Parafia \u015awi\u0119tej Tr\u00f3jcy &#8211; diecezja Gliwicka. Proboszcz ks. Henryk Bensz. Od \u015arody Popielcowej rekolekcje prowadzi\u0142 ks. Zbigniew Knop CM.<\/span><\/p>\n<!-- Final Tiles Grid Gallery for WordPress v3.6.13 free --><style>#ftg-1919 .tile .icon { color:#ffffff; }#ftg-1919 .ftg-items .loading-bar i { background:#666; }#ftg-1919 .ftg-items .loading-bar { background:#fff; }#ftg-1919 .tile .icon { font-size:12px; }#ftg-1919 .tile .icon { margin: -6px 0 0 -6px; }#ftg-1919 .tile .caption-block .text-wrapper span.text { font-size:12px; }#ftg-1919 .tile .caption-outside .text-wrapper span.text { font-size:12px; }#ftg-1919 .tile .caption-block .text-wrapper span.title { font-size:14px; }#ftg-1919 .tile .caption-outside .text-wrapper span.title { font-size:14px; }#ftg-1919 .tile { background-color: transparent; }#ftg-1919 .tile .caption-block .text-wrapper span.text { color: #ffffff; }#ftg-1919 .tile .caption-block .text-wrapper span.title { color: #ffffff; }#ftg-1919 .tile .caption-outside .text-wrapper span.text { color: #ffffff; }#ftg-1919 .tile .caption-outside .text-wrapper span.title { color: #ffffff; }#ftg-1919 .tile .ftg-social a { color: #ffffff; }#ftg-1919 .tile .caption-block { transition-timing-function:linear; }#ftg-1919 .tile .caption-block { transition-duration:0.25s; }#ftg-1919 .tile .tile-inner:before { background-color: #000000; }#ftg-1919 .tile .tile-inner:before { background-color: rgba(0, 0, 0, 0.8); }<\/style><a name=\"19\"><\/a><div class=\"final-tiles-gallery  ftg-hover-enabled caption-inside  caption-none caption-middle caption-center\" id=\"ftg-1919\" style=\"width: 100%\"><div class='ftg-items'><div class='loading-bar'><i><\/i><\/div><div  class='tile ftg-preload  '><a title=\"IMG-20230227-WA0000\" data-lightbox='ftg-1919' rel='ftg-1919'  class=' tile-inner  ftg-lightbox' href='https:\/\/grupamisyjna.misjonarze.pl\/wp-content\/uploads\/2023\/02\/IMG-20230227-WA0000-1024x769.jpg' ><img alt='IMG-20230227-WA0000' class='item skip-lazy' data-class='item' data-ftg-source='https:\/\/grupamisyjna.misjonarze.pl\/wp-content\/uploads\/2023\/02\/IMG-20230227-WA0000-1024x769.jpg' src='https:\/\/grupamisyjna.misjonarze.pl\/wp-content\/uploads\/2023\/02\/IMG-20230227-WA0000-1024x769.jpg' width='1024' height='769' \/><span class='icon fa fa-zoom'><\/span><div class='caption-block'><div class='text-wrapper'><span class='title'>IMG-20230227-WA0000<\/span><\/div><\/div><\/a><div class='ftg-social'><\/div><\/div><div  class='tile ftg-preload  '><a title=\"IMG-20230227-WA0004 (1)\" data-lightbox='ftg-1919' rel='ftg-1919'  class=' tile-inner  ftg-lightbox' href='https:\/\/grupamisyjna.misjonarze.pl\/wp-content\/uploads\/2023\/02\/IMG-20230227-WA0004-1-1024x768.jpg' ><img alt='IMG-20230227-WA0004 (1)' class='item skip-lazy' data-class='item' data-ftg-source='https:\/\/grupamisyjna.misjonarze.pl\/wp-content\/uploads\/2023\/02\/IMG-20230227-WA0004-1-1024x768.jpg' src='https:\/\/grupamisyjna.misjonarze.pl\/wp-content\/uploads\/2023\/02\/IMG-20230227-WA0004-1-1024x768.jpg' width='1024' height='768' \/><span class='icon fa fa-zoom'><\/span><div class='caption-block'><div class='text-wrapper'><span class='title'>IMG-20230227-WA0004 (1)<\/span><\/div><\/div><\/a><div class='ftg-social'><\/div><\/div><div  class='tile ftg-preload  '><a title=\"IMG-20230227-WA0004\" data-lightbox='ftg-1919' rel='ftg-1919'  class=' tile-inner  ftg-lightbox' href='https:\/\/grupamisyjna.misjonarze.pl\/wp-content\/uploads\/2023\/02\/IMG-20230227-WA0004-1024x768.jpg' ><img alt='IMG-20230227-WA0004' class='item skip-lazy' data-class='item' data-ftg-source='https:\/\/grupamisyjna.misjonarze.pl\/wp-content\/uploads\/2023\/02\/IMG-20230227-WA0004-1024x768.jpg' src='https:\/\/grupamisyjna.misjonarze.pl\/wp-content\/uploads\/2023\/02\/IMG-20230227-WA0004-1024x768.jpg' width='1024' height='768' \/><span class='icon fa fa-zoom'><\/span><div class='caption-block'><div class='text-wrapper'><span class='title'>IMG-20230227-WA0004<\/span><\/div><\/div><\/a><div class='ftg-social'><\/div><\/div><div  class='tile ftg-preload  '><a title=\"IMG-20230227-WA0001\" data-lightbox='ftg-1919' rel='ftg-1919'  class=' tile-inner  ftg-lightbox' href='https:\/\/grupamisyjna.misjonarze.pl\/wp-content\/uploads\/2023\/02\/IMG-20230227-WA0001-1024x769.jpg' ><img alt='IMG-20230227-WA0001' class='item skip-lazy' data-class='item' data-ftg-source='https:\/\/grupamisyjna.misjonarze.pl\/wp-content\/uploads\/2023\/02\/IMG-20230227-WA0001-1024x769.jpg' src='https:\/\/grupamisyjna.misjonarze.pl\/wp-content\/uploads\/2023\/02\/IMG-20230227-WA0001-1024x769.jpg' width='1024' height='769' \/><span class='icon fa fa-zoom'><\/span><div class='caption-block'><div class='text-wrapper'><span class='title'>IMG-20230227-WA0001<\/span><\/div><\/div><\/a><div class='ftg-social'><\/div><\/div><\/div><\/div>\n<p>&nbsp;<\/p>\n<p>&nbsp;<\/p>\n<p style=\"text-align: center;\"><span style=\"font-size: 24pt;\"><strong><span style=\"font-family: georgia, palatino, serif;\">I TYDZIE\u0143 WIELKIEGO POSTU<\/span><\/strong><\/span><\/p>\n<p>&nbsp;<\/p>\n<p style=\"text-align: justify;\"><span style=\"font-family: georgia, palatino, serif; font-size: 14pt;\"><strong>Parafia \u015bw. Marcina w Wi\u015bniowej<\/strong><\/span><\/p>\n<p style=\"text-align: justify;\"><span style=\"font-family: georgia, palatino, serif; font-size: 14pt;\">Rekolekcje przeprowadzi\u0142 ks. Krzysztof \u0141ytkowski CM. Wed\u0142ug zapis\u00f3w historycznych misjonarze przeprowadzili w 1914 r. misje \u015bw. Dzia\u0142o si\u0119 to tu\u017c przed wybuchem I wojny \u015bwiatowej. Ksi\u0105dz Proboszcz, ks. Jacek wyrazi\u0142 ch\u0119\u0107 dalszej wsp\u00f3\u0142pracy. Parafianom z Wi\u015bniowej \u017cyczymy owocnego prze\u017cycia Wielkiego Postu i wytrwania w rekolekcyjnych postanowieniach.<\/span><\/p>\n<!-- Final Tiles Grid Gallery for WordPress v3.6.13 free --><style>#ftg-2020 .tile .icon { color:#ffffff; }#ftg-2020 .ftg-items .loading-bar i { background:#666; }#ftg-2020 .ftg-items .loading-bar { background:#fff; }#ftg-2020 .tile .icon { font-size:12px; }#ftg-2020 .tile .icon { margin: -6px 0 0 -6px; }#ftg-2020 .tile .caption-block .text-wrapper span.text { font-size:12px; }#ftg-2020 .tile .caption-outside .text-wrapper span.text { font-size:12px; }#ftg-2020 .tile .caption-block .text-wrapper span.title { font-size:14px; }#ftg-2020 .tile .caption-outside .text-wrapper span.title { font-size:14px; }#ftg-2020 .tile { background-color: transparent; }#ftg-2020 .tile .caption-block .text-wrapper span.text { color: #ffffff; }#ftg-2020 .tile .caption-block .text-wrapper span.title { color: #ffffff; }#ftg-2020 .tile .caption-outside .text-wrapper span.text { color: #ffffff; }#ftg-2020 .tile .caption-outside .text-wrapper span.title { color: #ffffff; }#ftg-2020 .tile .ftg-social a { color: #ffffff; }#ftg-2020 .tile .caption-block { transition-timing-function:linear; }#ftg-2020 .tile .caption-block { transition-duration:0.25s; }#ftg-2020 .tile .tile-inner:before { background-color: #000000; }#ftg-2020 .tile .tile-inner:before { background-color: rgba(0, 0, 0, 0.8); }<\/style><a name=\"20\"><\/a><div class=\"final-tiles-gallery  ftg-hover-enabled caption-inside  caption-none caption-middle caption-center\" id=\"ftg-2020\" style=\"width: 100%\"><div class='ftg-items'><div class='loading-bar'><i><\/i><\/div><div  class='tile ftg-preload  '><a title=\"20230301_190148\" data-lightbox='ftg-2020' rel='ftg-2020'  class=' tile-inner  ftg-lightbox' href='https:\/\/grupamisyjna.misjonarze.pl\/wp-content\/uploads\/2023\/03\/20230301_190148-1024x768.jpg' ><img alt='20230301_190148' class='item skip-lazy' data-class='item' data-ftg-source='https:\/\/grupamisyjna.misjonarze.pl\/wp-content\/uploads\/2023\/03\/20230301_190148-1024x768.jpg' src='https:\/\/grupamisyjna.misjonarze.pl\/wp-content\/uploads\/2023\/03\/20230301_190148-1024x768.jpg' width='1024' height='768' \/><span class='icon fa fa-zoom'><\/span><div class='caption-block'><div class='text-wrapper'><span class='title'>20230301_190148<\/span><\/div><\/div><\/a><div class='ftg-social'><\/div><\/div><div  class='tile ftg-preload  '><a title=\"20230228_100643\" data-lightbox='ftg-2020' rel='ftg-2020'  class=' tile-inner  ftg-lightbox' href='https:\/\/grupamisyjna.misjonarze.pl\/wp-content\/uploads\/2023\/03\/20230228_100643-768x1024.jpg' ><img alt='20230228_100643' class='item skip-lazy' data-class='item' data-ftg-source='https:\/\/grupamisyjna.misjonarze.pl\/wp-content\/uploads\/2023\/03\/20230228_100643-768x1024.jpg' src='https:\/\/grupamisyjna.misjonarze.pl\/wp-content\/uploads\/2023\/03\/20230228_100643-768x1024.jpg' width='768' height='1024' \/><span class='icon fa fa-zoom'><\/span><div class='caption-block'><div class='text-wrapper'><span class='title'>20230228_100643<\/span><\/div><\/div><\/a><div class='ftg-social'><\/div><\/div><div  class='tile ftg-preload  '><a title=\"20230301_181518\" data-lightbox='ftg-2020' rel='ftg-2020'  class=' tile-inner  ftg-lightbox' href='https:\/\/grupamisyjna.misjonarze.pl\/wp-content\/uploads\/2023\/03\/20230301_181518-1024x768.jpg' ><img alt='20230301_181518' class='item skip-lazy' data-class='item' data-ftg-source='https:\/\/grupamisyjna.misjonarze.pl\/wp-content\/uploads\/2023\/03\/20230301_181518-1024x768.jpg' src='https:\/\/grupamisyjna.misjonarze.pl\/wp-content\/uploads\/2023\/03\/20230301_181518-1024x768.jpg' width='1024' height='768' \/><span class='icon fa fa-zoom'><\/span><div class='caption-block'><div class='text-wrapper'><span class='title'>20230301_181518<\/span><\/div><\/div><\/a><div class='ftg-social'><\/div><\/div><div  class='tile ftg-preload  '><a title=\"20230228_080403\" data-lightbox='ftg-2020' rel='ftg-2020'  class=' tile-inner  ftg-lightbox' href='https:\/\/grupamisyjna.misjonarze.pl\/wp-content\/uploads\/2023\/03\/20230228_080403-1024x768.jpg' ><img alt='20230228_080403' class='item skip-lazy' data-class='item' data-ftg-source='https:\/\/grupamisyjna.misjonarze.pl\/wp-content\/uploads\/2023\/03\/20230228_080403-1024x768.jpg' src='https:\/\/grupamisyjna.misjonarze.pl\/wp-content\/uploads\/2023\/03\/20230228_080403-1024x768.jpg' width='1024' height='768' \/><span class='icon fa fa-zoom'><\/span><div class='caption-block'><div class='text-wrapper'><span class='title'>20230228_080403<\/span><\/div><\/div><\/a><div class='ftg-social'><\/div><\/div><div  class='tile ftg-preload  '><a title=\"20230301_190206\" data-lightbox='ftg-2020' rel='ftg-2020'  class=' tile-inner  ftg-lightbox' href='https:\/\/grupamisyjna.misjonarze.pl\/wp-content\/uploads\/2023\/03\/20230301_190206-1024x768.jpg' ><img alt='20230301_190206' class='item skip-lazy' data-class='item' data-ftg-source='https:\/\/grupamisyjna.misjonarze.pl\/wp-content\/uploads\/2023\/03\/20230301_190206-1024x768.jpg' src='https:\/\/grupamisyjna.misjonarze.pl\/wp-content\/uploads\/2023\/03\/20230301_190206-1024x768.jpg' width='1024' height='768' \/><span class='icon fa fa-zoom'><\/span><div class='caption-block'><div class='text-wrapper'><span class='title'>20230301_190206<\/span><\/div><\/div><\/a><div class='ftg-social'><\/div><\/div><div  class='tile ftg-preload  '><a title=\"20230301_113320\" data-lightbox='ftg-2020' rel='ftg-2020'  class=' tile-inner  ftg-lightbox' href='https:\/\/grupamisyjna.misjonarze.pl\/wp-content\/uploads\/2023\/03\/20230301_113320-768x1024.jpg' ><img alt='20230301_113320' class='item skip-lazy' data-class='item' data-ftg-source='https:\/\/grupamisyjna.misjonarze.pl\/wp-content\/uploads\/2023\/03\/20230301_113320-768x1024.jpg' src='https:\/\/grupamisyjna.misjonarze.pl\/wp-content\/uploads\/2023\/03\/20230301_113320-768x1024.jpg' width='768' height='1024' \/><span class='icon fa fa-zoom'><\/span><div class='caption-block'><div class='text-wrapper'><span class='title'>20230301_113320<\/span><\/div><\/div><\/a><div class='ftg-social'><\/div><\/div><\/div><\/div>\n<p>&nbsp;<\/p>\n<p>&nbsp;<\/p>\n<p>&nbsp;<\/p>\n<p><span style=\"font-family: georgia, palatino, serif; font-size: 14pt;\"><strong>Rekolekcje w Skrzyszowie <\/strong><\/span><\/p>\n<p style=\"font-weight: 400; text-align: justify;\"><span style=\"font-family: georgia, palatino, serif; font-size: 14pt;\">Ks. Franciszek Popowicz duszpasterz parafii w Tarnowie, wsp\u00f3\u0142pracownik Grupy Misyjnej przeprowadzi\u0142 w I niedziel\u0119 Wielkiego Postu rekolekcje. Oto jego relacja:<\/span><\/p>\n<p style=\"text-align: justify;\"><span style=\"font-family: georgia, palatino, serif; font-size: 14pt;\">Rekolekcje w Skrzyszowie na \u015al\u0105sku by\u0142y bardzo udane. Naprawd\u0119 \u015bwietna parafia i bardzo sympatyczny proboszcz, kt\u00f3ry jest oddany swojej parafii. A\u017c chcia\u0142o si\u0119 do tych ludzi m\u00f3wi\u0107. Polecam ka\u017cdemu do\u015bwiadczy\u0107 takiej \u017cyczliwo\u015bci ze strony proboszcza i parafian. <\/span><\/p>\n<p style=\"text-align: right;\"><span style=\"font-family: georgia, palatino, serif; font-size: 14pt;\">Pozdrawiam\u00a0<em>ks. Franek Popowicz CM<\/em>\u00a0<\/span><\/p>\n<p>&nbsp;<\/p>\n<!-- Final Tiles Grid Gallery for WordPress v3.6.13 free --><style>#ftg-2121 .tile .icon { color:#ffffff; }#ftg-2121 .ftg-items .loading-bar i { background:#666; }#ftg-2121 .ftg-items .loading-bar { background:#fff; }#ftg-2121 .tile .icon { font-size:12px; }#ftg-2121 .tile .icon { margin: -6px 0 0 -6px; }#ftg-2121 .tile .caption-block .text-wrapper span.text { font-size:12px; }#ftg-2121 .tile .caption-outside .text-wrapper span.text { font-size:12px; }#ftg-2121 .tile .caption-block .text-wrapper span.title { font-size:14px; }#ftg-2121 .tile .caption-outside .text-wrapper span.title { font-size:14px; }#ftg-2121 .tile { background-color: transparent; }#ftg-2121 .tile .caption-block .text-wrapper span.text { color: #ffffff; }#ftg-2121 .tile .caption-block .text-wrapper span.title { color: #ffffff; }#ftg-2121 .tile .caption-outside .text-wrapper span.text { color: #ffffff; }#ftg-2121 .tile .caption-outside .text-wrapper span.title { color: #ffffff; }#ftg-2121 .tile .ftg-social a { color: #ffffff; }#ftg-2121 .tile .caption-block { transition-timing-function:linear; }#ftg-2121 .tile .caption-block { transition-duration:0.25s; }#ftg-2121 .tile .tile-inner:before { background-color: #000000; }#ftg-2121 .tile .tile-inner:before { background-color: rgba(0, 0, 0, 0.8); }<\/style><a name=\"21\"><\/a><div class=\"final-tiles-gallery  ftg-hover-enabled caption-inside  caption-none caption-middle caption-center\" id=\"ftg-2121\" style=\"width: 100%\"><div class='ftg-items'><div class='loading-bar'><i><\/i><\/div><div  class='tile ftg-preload  '><a title=\"IMG_20230228_100759_resized_20230302_102427810\" data-lightbox='ftg-2121' rel='ftg-2121'  class=' tile-inner  ftg-lightbox' href='https:\/\/grupamisyjna.misjonarze.pl\/wp-content\/uploads\/2023\/03\/IMG_20230228_100759_resized_20230302_102427810-1024x768.jpg' ><img alt='IMG_20230228_100759_resized_20230302_102427810' class='item skip-lazy' data-class='item' data-ftg-source='https:\/\/grupamisyjna.misjonarze.pl\/wp-content\/uploads\/2023\/03\/IMG_20230228_100759_resized_20230302_102427810-1024x768.jpg' src='https:\/\/grupamisyjna.misjonarze.pl\/wp-content\/uploads\/2023\/03\/IMG_20230228_100759_resized_20230302_102427810-1024x768.jpg' width='1024' height='768' \/><span class='icon fa fa-zoom'><\/span><div class='caption-block'><div class='text-wrapper'><span class='title'>IMG_20230228_100759_resized_20230302_102427810<\/span><\/div><\/div><\/a><div class='ftg-social'><\/div><\/div><div  class='tile ftg-preload  '><a title=\"IMG_20230228_100757_resized_20230302_102428204\" data-lightbox='ftg-2121' rel='ftg-2121'  class=' tile-inner  ftg-lightbox' href='https:\/\/grupamisyjna.misjonarze.pl\/wp-content\/uploads\/2023\/03\/IMG_20230228_100757_resized_20230302_102428204-1024x768.jpg' ><img alt='IMG_20230228_100757_resized_20230302_102428204' class='item skip-lazy' data-class='item' data-ftg-source='https:\/\/grupamisyjna.misjonarze.pl\/wp-content\/uploads\/2023\/03\/IMG_20230228_100757_resized_20230302_102428204-1024x768.jpg' src='https:\/\/grupamisyjna.misjonarze.pl\/wp-content\/uploads\/2023\/03\/IMG_20230228_100757_resized_20230302_102428204-1024x768.jpg' width='1024' height='768' \/><span class='icon fa fa-zoom'><\/span><div class='caption-block'><div class='text-wrapper'><span class='title'>IMG_20230228_100757_resized_20230302_102428204<\/span><\/div><\/div><\/a><div class='ftg-social'><\/div><\/div><div  class='tile ftg-preload  '><a title=\"IMG_20230228_100755_resized_20230302_102429339\" data-lightbox='ftg-2121' rel='ftg-2121'  class=' tile-inner  ftg-lightbox' href='https:\/\/grupamisyjna.misjonarze.pl\/wp-content\/uploads\/2023\/03\/IMG_20230228_100755_resized_20230302_102429339-1024x768.jpg' ><img alt='IMG_20230228_100755_resized_20230302_102429339' class='item skip-lazy' data-class='item' data-ftg-source='https:\/\/grupamisyjna.misjonarze.pl\/wp-content\/uploads\/2023\/03\/IMG_20230228_100755_resized_20230302_102429339-1024x768.jpg' src='https:\/\/grupamisyjna.misjonarze.pl\/wp-content\/uploads\/2023\/03\/IMG_20230228_100755_resized_20230302_102429339-1024x768.jpg' width='1024' height='768' \/><span class='icon fa fa-zoom'><\/span><div class='caption-block'><div class='text-wrapper'><span class='title'>IMG_20230228_100755_resized_20230302_102429339<\/span><\/div><\/div><\/a><div class='ftg-social'><\/div><\/div><div  class='tile ftg-preload  '><a title=\"IMG_20230228_100751_resized_20230302_102428983\" data-lightbox='ftg-2121' rel='ftg-2121'  class=' tile-inner  ftg-lightbox' href='https:\/\/grupamisyjna.misjonarze.pl\/wp-content\/uploads\/2023\/03\/IMG_20230228_100751_resized_20230302_102428983-1024x768.jpg' ><img alt='IMG_20230228_100751_resized_20230302_102428983' class='item skip-lazy' data-class='item' data-ftg-source='https:\/\/grupamisyjna.misjonarze.pl\/wp-content\/uploads\/2023\/03\/IMG_20230228_100751_resized_20230302_102428983-1024x768.jpg' src='https:\/\/grupamisyjna.misjonarze.pl\/wp-content\/uploads\/2023\/03\/IMG_20230228_100751_resized_20230302_102428983-1024x768.jpg' width='1024' height='768' \/><span class='icon fa fa-zoom'><\/span><div class='caption-block'><div class='text-wrapper'><span class='title'>IMG_20230228_100751_resized_20230302_102428983<\/span><\/div><\/div><\/a><div class='ftg-social'><\/div><\/div><div  class='tile ftg-preload  '><a title=\"IMG_20230228_100634_resized_20230302_102430106\" data-lightbox='ftg-2121' rel='ftg-2121'  class=' tile-inner  ftg-lightbox' href='https:\/\/grupamisyjna.misjonarze.pl\/wp-content\/uploads\/2023\/03\/IMG_20230228_100634_resized_20230302_102430106-768x1024.jpg' ><img alt='IMG_20230228_100634_resized_20230302_102430106' class='item skip-lazy' data-class='item' data-ftg-source='https:\/\/grupamisyjna.misjonarze.pl\/wp-content\/uploads\/2023\/03\/IMG_20230228_100634_resized_20230302_102430106-768x1024.jpg' src='https:\/\/grupamisyjna.misjonarze.pl\/wp-content\/uploads\/2023\/03\/IMG_20230228_100634_resized_20230302_102430106-768x1024.jpg' width='768' height='1024' \/><span class='icon fa fa-zoom'><\/span><div class='caption-block'><div class='text-wrapper'><span class='title'>IMG_20230228_100634_resized_20230302_102430106<\/span><\/div><\/div><\/a><div class='ftg-social'><\/div><\/div><div  class='tile ftg-preload  '><a title=\"IMG_20230228_100627_resized_20230302_102429750\" data-lightbox='ftg-2121' rel='ftg-2121'  class=' tile-inner  ftg-lightbox' href='https:\/\/grupamisyjna.misjonarze.pl\/wp-content\/uploads\/2023\/03\/IMG_20230228_100627_resized_20230302_102429750-1024x768.jpg' ><img alt='IMG_20230228_100627_resized_20230302_102429750' class='item skip-lazy' data-class='item' data-ftg-source='https:\/\/grupamisyjna.misjonarze.pl\/wp-content\/uploads\/2023\/03\/IMG_20230228_100627_resized_20230302_102429750-1024x768.jpg' src='https:\/\/grupamisyjna.misjonarze.pl\/wp-content\/uploads\/2023\/03\/IMG_20230228_100627_resized_20230302_102429750-1024x768.jpg' width='1024' height='768' \/><span class='icon fa fa-zoom'><\/span><div class='caption-block'><div class='text-wrapper'><span class='title'>IMG_20230228_100627_resized_20230302_102429750<\/span><\/div><\/div><\/a><div class='ftg-social'><\/div><\/div><div  class='tile ftg-preload  '><a title=\"IMG_20230228_100629_resized_20230302_102428544\" data-lightbox='ftg-2121' rel='ftg-2121'  class=' tile-inner  ftg-lightbox' href='https:\/\/grupamisyjna.misjonarze.pl\/wp-content\/uploads\/2023\/03\/IMG_20230228_100629_resized_20230302_102428544-1024x768.jpg' ><img alt='IMG_20230228_100629_resized_20230302_102428544' class='item skip-lazy' data-class='item' data-ftg-source='https:\/\/grupamisyjna.misjonarze.pl\/wp-content\/uploads\/2023\/03\/IMG_20230228_100629_resized_20230302_102428544-1024x768.jpg' src='https:\/\/grupamisyjna.misjonarze.pl\/wp-content\/uploads\/2023\/03\/IMG_20230228_100629_resized_20230302_102428544-1024x768.jpg' width='1024' height='768' \/><span class='icon fa fa-zoom'><\/span><div class='caption-block'><div class='text-wrapper'><span class='title'>IMG_20230228_100629_resized_20230302_102428544<\/span><\/div><\/div><\/a><div class='ftg-social'><\/div><\/div><\/div><\/div>\n<p>&nbsp;<\/p>\n<p>&nbsp;<\/p>\n<p><span style=\"font-family: georgia, palatino, serif; font-size: 14pt;\"><strong><span class=\"m_6049770636931869907size\">Parafia Niepokalanego Serca NMP w Pomysku Wielkim<\/span><\/strong><\/span><\/p>\n<p><span style=\"font-family: georgia, palatino, serif; font-size: 14pt;\"><span class=\"m_6049770636931869907size\">Rekolekcje wielkopostne dla doros\u0142ych i dzieci (plus spotkanie dla przygotowuj\u0105cych si\u0119 do Bierzmowania) <\/span><span class=\"m_6049770636931869907size\">Prowadz\u0105cym by\u0142 ks. Pawe\u0142 Szyma\u0144ski \u2013 sta\u0142y wsp\u00f3\u0142pracownik Grupy misyjnej.<\/span><\/span><\/p>\n<!-- Final Tiles Grid Gallery for WordPress v3.6.13 free --><style>#ftg-2222 .tile .icon { color:#ffffff; }#ftg-2222 .ftg-items .loading-bar i { background:#666; }#ftg-2222 .ftg-items .loading-bar { background:#fff; }#ftg-2222 .tile .icon { font-size:12px; }#ftg-2222 .tile .icon { margin: -6px 0 0 -6px; }#ftg-2222 .tile .caption-block .text-wrapper span.text { font-size:12px; }#ftg-2222 .tile .caption-outside .text-wrapper span.text { font-size:12px; }#ftg-2222 .tile .caption-block .text-wrapper span.title { font-size:14px; }#ftg-2222 .tile .caption-outside .text-wrapper span.title { font-size:14px; }#ftg-2222 .tile { background-color: transparent; }#ftg-2222 .tile .caption-block .text-wrapper span.text { color: #ffffff; }#ftg-2222 .tile .caption-block .text-wrapper span.title { color: #ffffff; }#ftg-2222 .tile .caption-outside .text-wrapper span.text { color: #ffffff; }#ftg-2222 .tile .caption-outside .text-wrapper span.title { color: #ffffff; }#ftg-2222 .tile .ftg-social a { color: #ffffff; }#ftg-2222 .tile .caption-block { transition-timing-function:linear; }#ftg-2222 .tile .caption-block { transition-duration:0.25s; }#ftg-2222 .tile .tile-inner:before { background-color: #000000; }#ftg-2222 .tile .tile-inner:before { background-color: rgba(0, 0, 0, 0.8); }<\/style><a name=\"22\"><\/a><div class=\"final-tiles-gallery  ftg-hover-enabled caption-inside  caption-none caption-middle caption-center\" id=\"ftg-2222\" style=\"width: 100%\"><div class='ftg-items'><div class='loading-bar'><i><\/i><\/div><div  class='tile ftg-preload  '><a title=\"DSC_0030\" data-lightbox='ftg-2222' rel='ftg-2222'  class=' tile-inner  ftg-lightbox' href='https:\/\/grupamisyjna.misjonarze.pl\/wp-content\/uploads\/2023\/03\/DSC_0030-1024x681.jpg' ><img alt='DSC_0030' class='item skip-lazy' data-class='item' data-ftg-source='https:\/\/grupamisyjna.misjonarze.pl\/wp-content\/uploads\/2023\/03\/DSC_0030-1024x681.jpg' src='https:\/\/grupamisyjna.misjonarze.pl\/wp-content\/uploads\/2023\/03\/DSC_0030-1024x681.jpg' width='1024' height='681' \/><span class='icon fa fa-zoom'><\/span><div class='caption-block'><div class='text-wrapper'><span class='title'>DSC_0030<\/span><\/div><\/div><\/a><div class='ftg-social'><\/div><\/div><div  class='tile ftg-preload  '><a title=\"DSC_0032\" data-lightbox='ftg-2222' rel='ftg-2222'  class=' tile-inner  ftg-lightbox' href='https:\/\/grupamisyjna.misjonarze.pl\/wp-content\/uploads\/2023\/03\/DSC_0032-1024x681.jpg' ><img alt='DSC_0032' class='item skip-lazy' data-class='item' data-ftg-source='https:\/\/grupamisyjna.misjonarze.pl\/wp-content\/uploads\/2023\/03\/DSC_0032-1024x681.jpg' src='https:\/\/grupamisyjna.misjonarze.pl\/wp-content\/uploads\/2023\/03\/DSC_0032-1024x681.jpg' width='1024' height='681' \/><span class='icon fa fa-zoom'><\/span><div class='caption-block'><div class='text-wrapper'><span class='title'>DSC_0032<\/span><\/div><\/div><\/a><div class='ftg-social'><\/div><\/div><div  class='tile ftg-preload  '><a title=\"DSC_0015\" data-lightbox='ftg-2222' rel='ftg-2222'  class=' tile-inner  ftg-lightbox' href='https:\/\/grupamisyjna.misjonarze.pl\/wp-content\/uploads\/2023\/03\/DSC_0015-1024x681.jpg' ><img alt='DSC_0015' class='item skip-lazy' data-class='item' data-ftg-source='https:\/\/grupamisyjna.misjonarze.pl\/wp-content\/uploads\/2023\/03\/DSC_0015-1024x681.jpg' src='https:\/\/grupamisyjna.misjonarze.pl\/wp-content\/uploads\/2023\/03\/DSC_0015-1024x681.jpg' width='1024' height='681' \/><span class='icon fa fa-zoom'><\/span><div class='caption-block'><div class='text-wrapper'><span class='title'>DSC_0015<\/span><\/div><\/div><\/a><div class='ftg-social'><\/div><\/div><\/div><\/div>\n<p>&nbsp;<\/p>\n<p>&nbsp;<\/p>\n<p><span style=\"font-family: georgia, palatino, serif; font-size: 14pt;\"><strong>Parafia \u015bw. Wojciecha w Ostro\u0142\u0119ce<\/strong><\/span><\/p>\n<p><span style=\"font-family: georgia, palatino, serif; font-size: 14pt;\">Parafia jest prowadzona przez ksi\u0119\u017cy Pallotyn\u00f3w. Rekolekcje przeprowadzi\u0142 ks. Tomasz Dulski. O tym wydarzeniu ks. Tomasz napisa\u0142 m.in. :<\/span><\/p>\n<p style=\"font-weight: 400;\"><span style=\"font-family: georgia, palatino, serif; font-size: 14pt;\">Parafia stosunkowo ma\u0142a (kilka tysi\u0119cy), z dwoma ko\u015bcio\u0142ami &#8211; parafialny i kaplica na wiosce. W przewa\u017caj\u0105cej wi\u0119kszo\u015bci mieszka\u0144cy to ludzie starsi. (\u2026) Atmosfera \u017cyczliwa, serdeczne i ciep\u0142e przyj\u0119cie przez Ksi\u0119\u017cy Pallotyn\u00f3w. (\u2026) Ludzie raczej pobo\u017cni, czu\u0142em dobry odbi\u00f3r s\u0142uchaczy.<\/span><\/p>\n<!-- Final Tiles Grid Gallery for WordPress v3.6.13 free --><style>#ftg-2323 .tile .icon { color:#ffffff; }#ftg-2323 .ftg-items .loading-bar i { background:#666; }#ftg-2323 .ftg-items .loading-bar { background:#fff; }#ftg-2323 .tile .icon { font-size:12px; }#ftg-2323 .tile .icon { margin: -6px 0 0 -6px; }#ftg-2323 .tile .caption-block .text-wrapper span.text { font-size:12px; }#ftg-2323 .tile .caption-outside .text-wrapper span.text { font-size:12px; }#ftg-2323 .tile .caption-block .text-wrapper span.title { font-size:14px; }#ftg-2323 .tile .caption-outside .text-wrapper span.title { font-size:14px; }#ftg-2323 .tile { background-color: transparent; }#ftg-2323 .tile .caption-block .text-wrapper span.text { color: #ffffff; }#ftg-2323 .tile .caption-block .text-wrapper span.title { color: #ffffff; }#ftg-2323 .tile .caption-outside .text-wrapper span.text { color: #ffffff; }#ftg-2323 .tile .caption-outside .text-wrapper span.title { color: #ffffff; }#ftg-2323 .tile .ftg-social a { color: #ffffff; }#ftg-2323 .tile .caption-block { transition-duration:0.25s; }#ftg-2323 .tile .tile-inner:before { background-color: #000000; }#ftg-2323 .tile .tile-inner:before { background-color: rgba(0, 0, 0, 0.8); }#ftg-2323 .tile:hover img {-moz-transform: -moz-rotate(0deg) -moz-scale(0) ;-webkit-transform: -webkit-rotate(0deg) -webkit-scale(0) ;-o-transform: -o-rotate(0deg) -o-scale(0) ;-ms-transform: -ms-rotate(0deg) -ms-scale(0) ;transform: rotate(0deg) scale(0) ;}<\/style><a name=\"23\"><\/a><div class=\"final-tiles-gallery  ftg-hover-enabled caption-inside  caption-none caption-middle caption-center\" id=\"ftg-2323\" style=\"width: 100%\"><div class='ftg-items'><div class='loading-bar'><i><\/i><\/div><div  class='tile ftg-preload  '><a title=\"IMG_8718\" data-lightbox='ftg-2323' rel='ftg-2323'  class=' tile-inner  ftg-lightbox' href='https:\/\/grupamisyjna.misjonarze.pl\/wp-content\/uploads\/2023\/03\/IMG_8718-1024x735.jpg' ><img alt='IMG_8718' class='item skip-lazy' data-class='item' data-ftg-source='https:\/\/grupamisyjna.misjonarze.pl\/wp-content\/uploads\/2023\/03\/IMG_8718-1024x735.jpg' src='https:\/\/grupamisyjna.misjonarze.pl\/wp-content\/uploads\/2023\/03\/IMG_8718-1024x735.jpg' width='1024' height='735' \/><div class='caption-block'><div class='text-wrapper'><span class='title'>IMG_8718<\/span><\/div><\/div><\/a><div class='ftg-social'><\/div><\/div><div  class='tile ftg-preload  '><a title=\"IMG_8724\" data-lightbox='ftg-2323' rel='ftg-2323'  class=' tile-inner  ftg-lightbox' href='https:\/\/grupamisyjna.misjonarze.pl\/wp-content\/uploads\/2023\/03\/IMG_8724-1024x683.jpg' ><img alt='IMG_8724' class='item skip-lazy' data-class='item' data-ftg-source='https:\/\/grupamisyjna.misjonarze.pl\/wp-content\/uploads\/2023\/03\/IMG_8724-1024x683.jpg' src='https:\/\/grupamisyjna.misjonarze.pl\/wp-content\/uploads\/2023\/03\/IMG_8724-1024x683.jpg' width='1024' height='683' \/><div class='caption-block'><div class='text-wrapper'><span class='title'>IMG_8724<\/span><\/div><\/div><\/a><div class='ftg-social'><\/div><\/div><div  class='tile ftg-preload  '><a title=\"IMG_8729\" data-lightbox='ftg-2323' rel='ftg-2323'  class=' tile-inner  ftg-lightbox' href='https:\/\/grupamisyjna.misjonarze.pl\/wp-content\/uploads\/2023\/03\/IMG_8729-1024x683.jpg' ><img alt='IMG_8729' class='item skip-lazy' data-class='item' data-ftg-source='https:\/\/grupamisyjna.misjonarze.pl\/wp-content\/uploads\/2023\/03\/IMG_8729-1024x683.jpg' src='https:\/\/grupamisyjna.misjonarze.pl\/wp-content\/uploads\/2023\/03\/IMG_8729-1024x683.jpg' width='1024' height='683' \/><div class='caption-block'><div class='text-wrapper'><span class='title'>IMG_8729<\/span><\/div><\/div><\/a><div class='ftg-social'><\/div><\/div><\/div><\/div>\n<p>&nbsp;<\/p>\n<p>&nbsp;<\/p>\n<p style=\"text-align: justify;\"><span style=\"font-family: georgia, palatino, serif; font-size: 14pt;\"><strong>Rekolekcje w Parafii \u015aw. Bernarda w Sopocie<\/strong><\/span><\/p>\n<p style=\"text-align: justify;\"><span style=\"font-family: georgia, palatino, serif; font-size: 14pt;\">Jest to kameralna parafia, jedna wierni licznie przyszli na niedzielne msze (pierwszy dzie\u0144 rekolekcji), a tak\u017ce na pozosta\u0142e nauki rekolekcyjne. Spotkania rekolekcyjne odbywa\u0142y si\u0119 od poniedzia\u0142ku do pi\u0105tku w godzinach: 9:00, 18:00, 19:30. Wyj\u0105tkowym momentem by\u0142o spotkanie z seniorami i Msza wraz z nauk\u0105 w Domu Pomocy Spo\u0142ecznej w Sopocie.<\/span><\/p>\n<p style=\"text-align: right;\"><span style=\"font-family: georgia, palatino, serif; font-size: 14pt;\">\u00a0 \u00a0 \u00a0 \u00a0 \u00a0 \u00a0 \u00a0 \u00a0 \u00a0 \u00a0 \u00a0 \u00a0 \u00a0 \u00a0 \u00a0 \u00a0 \u00a0 \u00a0 \u00a0 \u00a0 \u00a0 \u00a0 \u00a0 \u00a0 \u00a0 \u00a0 \u00a0 \u00a0 \u00a0 \u00a0 \u00a0 \u00a0 \u00a0 \u00a0 \u00a0 \u00a0 \u00a0 \u00a0 \u00a0 \u00a0 \u00a0 \u00a0 \u00a0 \u00a0 \u00a0 \u00a0 \u00a0 \u00a0 \u00a0 \u00a0 \u00a0 \u00a0 \u00a0 \u00a0 \u00a0 \u00a0 \u00a0 \u00a0 \u00a0 \u00a0 \u00a0 \u00a0 \u00a0 \u00a0 \u00a0 \u00a0 \u00a0 \u00a0 \u00a0 \u00a0 \u00a0 \u00a0 \u00a0 \u00a0 \u00a0 \u00a0 \u00a0 \u00a0 \u00a0 \u00a0 \u00a0<em> \u00a0Ks. \u0141ukasz Olszewski CM<\/em><\/span><\/p>\n<p>&nbsp;<\/p>\n<!-- Final Tiles Grid Gallery for WordPress v3.6.13 free --><style>#ftg-2727 .tile .icon { color:#ffffff; }#ftg-2727 .ftg-items .loading-bar i { background:#666; }#ftg-2727 .ftg-items .loading-bar { background:#fff; }#ftg-2727 .tile .icon { font-size:12px; }#ftg-2727 .tile .icon { margin: -6px 0 0 -6px; }#ftg-2727 .tile .caption-block .text-wrapper span.text { font-size:12px; }#ftg-2727 .tile .caption-outside .text-wrapper span.text { font-size:12px; }#ftg-2727 .tile .caption-block .text-wrapper span.title { font-size:14px; }#ftg-2727 .tile .caption-outside .text-wrapper span.title { font-size:14px; }#ftg-2727 .tile { background-color: transparent; }#ftg-2727 .tile .caption-block .text-wrapper span.text { color: #ffffff; }#ftg-2727 .tile .caption-block .text-wrapper span.title { color: #ffffff; }#ftg-2727 .tile .caption-outside .text-wrapper span.text { color: #ffffff; }#ftg-2727 .tile .caption-outside .text-wrapper span.title { color: #ffffff; }#ftg-2727 .tile .ftg-social a { color: #ffffff; }#ftg-2727 .tile .caption-block { transition-timing-function:linear; }#ftg-2727 .tile .caption-block { transition-duration:0.25s; }#ftg-2727 .tile .tile-inner:before { background-color: #000000; }#ftg-2727 .tile .tile-inner:before { background-color: rgba(0, 0, 0, 0.8); }<\/style><a name=\"27\"><\/a><div class=\"final-tiles-gallery  ftg-hover-enabled caption-inside  caption-none caption-middle caption-center\" id=\"ftg-2727\" style=\"width: 100%\"><div class='ftg-items'><div class='loading-bar'><i><\/i><\/div><div  class='tile ftg-preload  '><a title=\"IMG-20230312-WA0001\" data-lightbox='ftg-2727' rel='ftg-2727'  class=' tile-inner  ftg-lightbox' href='https:\/\/grupamisyjna.misjonarze.pl\/wp-content\/uploads\/2023\/03\/IMG-20230312-WA0001-461x1024.jpg' ><img alt='IMG-20230312-WA0001' class='item skip-lazy' data-class='item' data-ftg-source='https:\/\/grupamisyjna.misjonarze.pl\/wp-content\/uploads\/2023\/03\/IMG-20230312-WA0001-461x1024.jpg' src='https:\/\/grupamisyjna.misjonarze.pl\/wp-content\/uploads\/2023\/03\/IMG-20230312-WA0001-461x1024.jpg' width='461' height='1024' \/><span class='icon fa fa-zoom'><\/span><div class='caption-block'><div class='text-wrapper'><span class='title'>IMG-20230312-WA0001<\/span><\/div><\/div><\/a><div class='ftg-social'><\/div><\/div><div  class='tile ftg-preload  '><a title=\"IMG-20230312-WA0002\" data-lightbox='ftg-2727' rel='ftg-2727'  class=' tile-inner  ftg-lightbox' href='https:\/\/grupamisyjna.misjonarze.pl\/wp-content\/uploads\/2023\/03\/IMG-20230312-WA0002-1024x461.jpg' ><img alt='IMG-20230312-WA0002' class='item skip-lazy' data-class='item' data-ftg-source='https:\/\/grupamisyjna.misjonarze.pl\/wp-content\/uploads\/2023\/03\/IMG-20230312-WA0002-1024x461.jpg' src='https:\/\/grupamisyjna.misjonarze.pl\/wp-content\/uploads\/2023\/03\/IMG-20230312-WA0002-1024x461.jpg' width='1024' height='461' \/><span class='icon fa fa-zoom'><\/span><div class='caption-block'><div class='text-wrapper'><span class='title'>IMG-20230312-WA0002<\/span><\/div><\/div><\/a><div class='ftg-social'><\/div><\/div><div  class='tile ftg-preload  '><a title=\"IMG-20230312-WA0003\" data-lightbox='ftg-2727' rel='ftg-2727'  class=' tile-inner  ftg-lightbox' href='https:\/\/grupamisyjna.misjonarze.pl\/wp-content\/uploads\/2023\/03\/IMG-20230312-WA0003-1024x461.jpg' ><img alt='IMG-20230312-WA0003' class='item skip-lazy' data-class='item' data-ftg-source='https:\/\/grupamisyjna.misjonarze.pl\/wp-content\/uploads\/2023\/03\/IMG-20230312-WA0003-1024x461.jpg' src='https:\/\/grupamisyjna.misjonarze.pl\/wp-content\/uploads\/2023\/03\/IMG-20230312-WA0003-1024x461.jpg' width='1024' height='461' \/><span class='icon fa fa-zoom'><\/span><div class='caption-block'><div class='text-wrapper'><span class='title'>IMG-20230312-WA0003<\/span><\/div><\/div><\/a><div class='ftg-social'><\/div><\/div><\/div><\/div>\n<p>&nbsp;<\/p>\n<p>&nbsp;<\/p>\n<p><strong><span style=\"font-family: georgia, palatino, serif; font-size: 14pt;\">\u00a0Parafia\u00a0<\/span><span style=\"font-family: georgia, palatino, serif; font-size: 18.6667px;\">\u015bw. Micha\u0142a Archanio\u0142a <\/span><span style=\"font-family: georgia, palatino, serif; font-size: 14pt;\">w D\u0119bowie\u00a0\u00a0<\/span><\/strong><\/p>\n<p><span style=\"font-family: georgia, palatino, serif; font-size: 14pt;\">\u00a0Rekolekcje prowadzi: Ks. Krzysztof Dura CM.<\/span><\/p>\n<p>&nbsp;<\/p>\n<!-- Final Tiles Grid Gallery for WordPress v3.6.13 free --><style>#ftg-3535 .tile .icon { color:#ffffff; }#ftg-3535 .ftg-items .loading-bar i { background:#666; }#ftg-3535 .ftg-items .loading-bar { background:#fff; }#ftg-3535 .tile .icon { font-size:12px; }#ftg-3535 .tile .icon { margin: -6px 0 0 -6px; }#ftg-3535 .tile .caption-block .text-wrapper span.text { font-size:12px; }#ftg-3535 .tile .caption-outside .text-wrapper span.text { font-size:12px; }#ftg-3535 .tile .caption-block .text-wrapper span.title { font-size:14px; }#ftg-3535 .tile .caption-outside .text-wrapper span.title { font-size:14px; }#ftg-3535 .tile { background-color: transparent; }#ftg-3535 .tile .caption-block .text-wrapper span.text { color: #ffffff; }#ftg-3535 .tile .caption-block .text-wrapper span.title { color: #ffffff; }#ftg-3535 .tile .caption-outside .text-wrapper span.text { color: #ffffff; }#ftg-3535 .tile .caption-outside .text-wrapper span.title { color: #ffffff; }#ftg-3535 .tile .ftg-social a { color: #ffffff; }#ftg-3535 .tile .caption-block { transition-timing-function:linear; }#ftg-3535 .tile .caption-block { transition-duration:0.25s; }#ftg-3535 .tile .tile-inner:before { background-color: #000000; }#ftg-3535 .tile .tile-inner:before { background-color: rgba(0, 0, 0, 0.8); }<\/style><a name=\"35\"><\/a><div class=\"final-tiles-gallery  ftg-hover-enabled caption-inside  caption-none caption-middle caption-center\" id=\"ftg-3535\" style=\"width: 100%\"><div class='ftg-items'><div class='loading-bar'><i><\/i><\/div><div  class='tile ftg-preload  '><a title=\"IMG-20230317-WA0006 (1)\" data-lightbox='ftg-3535' rel='ftg-3535'  class=' tile-inner  ftg-lightbox' href='https:\/\/grupamisyjna.misjonarze.pl\/wp-content\/uploads\/2023\/03\/IMG-20230317-WA0006-1-1024x768.jpg' ><img alt='IMG-20230317-WA0006 (1)' class='item skip-lazy' data-class='item' data-ftg-source='https:\/\/grupamisyjna.misjonarze.pl\/wp-content\/uploads\/2023\/03\/IMG-20230317-WA0006-1-1024x768.jpg' src='https:\/\/grupamisyjna.misjonarze.pl\/wp-content\/uploads\/2023\/03\/IMG-20230317-WA0006-1-1024x768.jpg' width='1024' height='768' \/><span class='icon fa fa-zoom'><\/span><div class='caption-block'><div class='text-wrapper'><span class='title'>IMG-20230317-WA0006 (1)<\/span><\/div><\/div><\/a><div class='ftg-social'><\/div><\/div><div  class='tile ftg-preload  '><a title=\"IMG-20230317-WA0007 (1)\" data-lightbox='ftg-3535' rel='ftg-3535'  class=' tile-inner  ftg-lightbox' href='https:\/\/grupamisyjna.misjonarze.pl\/wp-content\/uploads\/2023\/03\/IMG-20230317-WA0007-1-1024x768.jpg' ><img alt='IMG-20230317-WA0007 (1)' class='item skip-lazy' data-class='item' data-ftg-source='https:\/\/grupamisyjna.misjonarze.pl\/wp-content\/uploads\/2023\/03\/IMG-20230317-WA0007-1-1024x768.jpg' src='https:\/\/grupamisyjna.misjonarze.pl\/wp-content\/uploads\/2023\/03\/IMG-20230317-WA0007-1-1024x768.jpg' width='1024' height='768' \/><span class='icon fa fa-zoom'><\/span><div class='caption-block'><div class='text-wrapper'><span class='title'>IMG-20230317-WA0007 (1)<\/span><\/div><\/div><\/a><div class='ftg-social'><\/div><\/div><div  class='tile ftg-preload  '><a title=\"IMG-20230317-WA0008 (1)\" data-lightbox='ftg-3535' rel='ftg-3535'  class=' tile-inner  ftg-lightbox' href='https:\/\/grupamisyjna.misjonarze.pl\/wp-content\/uploads\/2023\/03\/IMG-20230317-WA0008-1.jpg' ><img alt='IMG-20230317-WA0008 (1)' class='item skip-lazy' data-class='item' data-ftg-source='https:\/\/grupamisyjna.misjonarze.pl\/wp-content\/uploads\/2023\/03\/IMG-20230317-WA0008-1.jpg' src='https:\/\/grupamisyjna.misjonarze.pl\/wp-content\/uploads\/2023\/03\/IMG-20230317-WA0008-1.jpg' width='764' height='573' \/><span class='icon fa fa-zoom'><\/span><div class='caption-block'><div class='text-wrapper'><span class='title'>IMG-20230317-WA0008 (1)<\/span><\/div><\/div><\/a><div class='ftg-social'><\/div><\/div><\/div><\/div>\n<p>&nbsp;<\/p>\n<p><strong><span style=\"font-family: georgia, palatino, serif; font-size: 14pt;\">Parafia p.w. \u015aw. Jakuba Mniejszego Aposto\u0142a w D\u0105br\u00f3wce Nowej<\/span><\/strong><\/p>\n<p style=\"text-align: justify;\"><span style=\"font-family: georgia, palatino, serif; font-size: 14pt;\">Pierwszy tydzie\u0144 Wielkiego Postu. Parafia p.w. \u015aw. Jakuba Mniejszego Aposto\u0142a. Rekolekcje wyg\u0142osi\u0142 ks. Maciej Kuczak. Oto jego <\/span><span style=\"font-family: georgia, palatino, serif; font-size: 14pt;\">relacja:<\/span><\/p>\n<p style=\"text-align: justify;\"><span style=\"font-family: georgia, palatino, serif; font-size: 14pt;\">\u201eParafia przynale\u017cy do diecezji bydgoskiej i obejmuje swoim zasi\u0119giem 6 miejscowo\u015bci o profilu rolniczym. Murowana \u015bwi\u0105tynia <\/span><span style=\"font-family: georgia, palatino, serif; font-size: 14pt;\">zosta\u0142a wzniesiona w latach 1888-1889. Architektura ko\u015bcio\u0142a ucierpia\u0142a na skutej dzia\u0142a\u0144 wojennych. Odbudowa trwa\u0142a w latach 1947 &#8211; <\/span><span style=\"font-family: georgia, palatino, serif; font-size: 14pt;\">1949. Odnowiona \u015bwi\u0105tynia zosta\u0142a konsekrowana w 1962 roku. Na terenie parafii w miejscowo\u015bci Wojnowo jest szko\u0142a podstawowa. <\/span><span style=\"font-family: georgia, palatino, serif; font-size: 14pt;\">Dzieci uczestnicz\u0105 w rekolekcjach wielkopostnych przez pierwsze dwa dni na terenie szko\u0142y w dw\u00f3ch grupach. Trzeci dzie\u0144 rekolekcji <\/span><span style=\"font-family: georgia, palatino, serif; font-size: 14pt;\">prze\u017cywaj\u0105 w ko\u015bciele. Godna podkre\u015blenia jest wspania\u0142a atmosfera, kt\u00f3r\u0105 tworzy Dyrekcja szko\u0142y wraz z nauczycielami, bior\u0105cymi <\/span><span style=\"font-family: georgia, palatino, serif; font-size: 14pt;\">przez ca\u0142y czas czynny udzia\u0142 w rekolekcjach wraz z uczniami\u201d.<\/span><\/p>\n<p>&nbsp;<\/p>\n<p>&nbsp;<\/p>\n<p>&nbsp;<\/p>\n<p>&nbsp;<\/p>\n<p style=\"text-align: center;\"><span style=\"font-family: georgia, palatino, serif; font-size: 24pt;\"><strong>II TYDZIE\u0143 WIELKIEGO POSTU<\/strong><\/span><\/p>\n<p>&nbsp;<\/p>\n<p><span style=\"font-size: 14pt; font-family: georgia, palatino, serif;\"><strong>Parafia w Trzeme\u015bni<\/strong><\/span><\/p>\n<p style=\"text-align: justify;\"><span style=\"font-size: 14pt; font-family: georgia, palatino, serif;\">Po trzech latach ponownie mia\u0142em zaszczyt poprowadzi\u0107 rekolekcje wielkopostne w parafii w Trzeme\u015bni ko\u0142o My\u015blenic. Od drugiej niedzieli Wielkiego Postu spotkania rekolekcyjne odbywa\u0142y si\u0119 w ko\u015bciele parafialnym w Trzeme\u015bni ko\u0142o My\u015blenic oraz w kaplicy w Por\u0119bie. Por\u0119ba to rodzinna miejscowo\u015b\u0107 naszego Konfratra, ksi\u0119dza J\u00f3zefa Klatki CM, kt\u00f3ry jest misjonarzem na Madagaskarze.<\/span><\/p>\n<p style=\"text-align: right;\"><span style=\"font-family: georgia, palatino, serif; font-size: 14pt;\"><em>Ks. Wojciech Koz\u0142owski CM<\/em><\/span><\/p>\n<p>&nbsp;<\/p>\n<!-- Final Tiles Grid Gallery for WordPress v3.6.13 free --><style>#ftg-2424 .tile .icon { color:#ffffff; }#ftg-2424 .ftg-items .loading-bar i { background:#666; }#ftg-2424 .ftg-items .loading-bar { background:#fff; }#ftg-2424 .tile .icon { font-size:12px; }#ftg-2424 .tile .icon { margin: -6px 0 0 -6px; }#ftg-2424 .tile .caption-block .text-wrapper span.text { font-size:12px; }#ftg-2424 .tile .caption-outside .text-wrapper span.text { font-size:12px; }#ftg-2424 .tile .caption-block .text-wrapper span.title { font-size:14px; }#ftg-2424 .tile .caption-outside .text-wrapper span.title { font-size:14px; }#ftg-2424 .tile { background-color: transparent; }#ftg-2424 .tile .caption-block .text-wrapper span.text { color: #ffffff; }#ftg-2424 .tile .caption-block .text-wrapper span.title { color: #ffffff; }#ftg-2424 .tile .caption-outside .text-wrapper span.text { color: #ffffff; }#ftg-2424 .tile .caption-outside .text-wrapper span.title { color: #ffffff; }#ftg-2424 .tile .ftg-social a { color: #ffffff; }#ftg-2424 .tile .caption-block { transition-timing-function:linear; }#ftg-2424 .tile .caption-block { transition-duration:0.25s; }#ftg-2424 .tile .tile-inner:before { background-color: #000000; }#ftg-2424 .tile .tile-inner:before { background-color: rgba(0, 0, 0, 0.8); }<\/style><a name=\"24\"><\/a><div class=\"final-tiles-gallery  ftg-hover-enabled caption-inside  caption-none caption-middle caption-center\" id=\"ftg-2424\" style=\"width: 100%\"><div class='ftg-items'><div class='loading-bar'><i><\/i><\/div><div  class='tile ftg-preload  '><a title=\"20230307_085648\" data-lightbox='ftg-2424' rel='ftg-2424'  class=' tile-inner  ftg-lightbox' href='https:\/\/grupamisyjna.misjonarze.pl\/wp-content\/uploads\/2023\/03\/20230307_085648-768x1024.jpg' ><img alt='20230307_085648' class='item skip-lazy' data-class='item' data-ftg-source='https:\/\/grupamisyjna.misjonarze.pl\/wp-content\/uploads\/2023\/03\/20230307_085648-768x1024.jpg' src='https:\/\/grupamisyjna.misjonarze.pl\/wp-content\/uploads\/2023\/03\/20230307_085648-768x1024.jpg' width='768' height='1024' \/><span class='icon fa fa-zoom'><\/span><div class='caption-block'><div class='text-wrapper'><span class='title'>20230307_085648<\/span><\/div><\/div><\/a><div class='ftg-social'><\/div><\/div><div  class='tile ftg-preload  '><a title=\"20230307_085513\" data-lightbox='ftg-2424' rel='ftg-2424'  class=' tile-inner  ftg-lightbox' href='https:\/\/grupamisyjna.misjonarze.pl\/wp-content\/uploads\/2023\/03\/20230307_085513-768x1024.jpg' ><img alt='20230307_085513' class='item skip-lazy' data-class='item' data-ftg-source='https:\/\/grupamisyjna.misjonarze.pl\/wp-content\/uploads\/2023\/03\/20230307_085513-768x1024.jpg' src='https:\/\/grupamisyjna.misjonarze.pl\/wp-content\/uploads\/2023\/03\/20230307_085513-768x1024.jpg' width='768' height='1024' \/><span class='icon fa fa-zoom'><\/span><div class='caption-block'><div class='text-wrapper'><span class='title'>20230307_085513<\/span><\/div><\/div><\/a><div class='ftg-social'><\/div><\/div><div  class='tile ftg-preload  '><a title=\"20230306_113425\" data-lightbox='ftg-2424' rel='ftg-2424'  class=' tile-inner  ftg-lightbox' href='https:\/\/grupamisyjna.misjonarze.pl\/wp-content\/uploads\/2023\/03\/20230306_113425-768x1024.jpg' ><img alt='20230306_113425' class='item skip-lazy' data-class='item' data-ftg-source='https:\/\/grupamisyjna.misjonarze.pl\/wp-content\/uploads\/2023\/03\/20230306_113425-768x1024.jpg' src='https:\/\/grupamisyjna.misjonarze.pl\/wp-content\/uploads\/2023\/03\/20230306_113425-768x1024.jpg' width='768' height='1024' \/><span class='icon fa fa-zoom'><\/span><div class='caption-block'><div class='text-wrapper'><span class='title'>20230306_113425<\/span><\/div><\/div><\/a><div class='ftg-social'><\/div><\/div><\/div><\/div>\n<p>&nbsp;<\/p>\n<p><span style=\"font-family: georgia, palatino, serif; font-size: 12pt;\"><strong><span style=\"font-family: georgia, palatino, serif; font-size: 14pt;\">Parafia \u015aw. Maksymiliana Marii Kolbego w Bydgoszczy\u00a0<\/span><\/strong><\/span><\/p>\n<p><span style=\"font-family: georgia, palatino, serif; font-size: 14pt;\">Drugi tydzie\u0144 Wielkiego Postu. Ks. Zbigniew Knop przeprowadzi\u0142 rekolekcje w Bydgoszczy w par. \u015aw. Maksymiliana Marii Kolbego. Jak mo\u017cna zobaczy\u0107 na zdj\u0119ciach by\u0142y to tak\u017ce rekolekcje dla dzieci<\/span><\/p>\n<p>&nbsp;<\/p>\n<!-- Final Tiles Grid Gallery for WordPress v3.6.13 free --><style>#ftg-2525 .tile .icon { color:#ffffff; }#ftg-2525 .ftg-items .loading-bar i { background:#666; }#ftg-2525 .ftg-items .loading-bar { background:#fff; }#ftg-2525 .tile .icon { font-size:12px; }#ftg-2525 .tile .icon { margin: -6px 0 0 -6px; }#ftg-2525 .tile .caption-block .text-wrapper span.text { font-size:12px; }#ftg-2525 .tile .caption-outside .text-wrapper span.text { font-size:12px; }#ftg-2525 .tile .caption-block .text-wrapper span.title { font-size:14px; }#ftg-2525 .tile .caption-outside .text-wrapper span.title { font-size:14px; }#ftg-2525 .tile { background-color: transparent; }#ftg-2525 .tile .caption-block .text-wrapper span.text { color: #ffffff; }#ftg-2525 .tile .caption-block .text-wrapper span.title { color: #ffffff; }#ftg-2525 .tile .caption-outside .text-wrapper span.text { color: #ffffff; }#ftg-2525 .tile .caption-outside .text-wrapper span.title { color: #ffffff; }#ftg-2525 .tile .ftg-social a { color: #ffffff; }#ftg-2525 .tile .caption-block { transition-timing-function:linear; }#ftg-2525 .tile .caption-block { transition-duration:0.25s; }#ftg-2525 .tile .tile-inner:before { background-color: #000000; }#ftg-2525 .tile .tile-inner:before { background-color: rgba(0, 0, 0, 0.8); }<\/style><a name=\"25\"><\/a><div class=\"final-tiles-gallery  ftg-hover-enabled caption-inside  caption-none caption-middle caption-center\" id=\"ftg-2525\" style=\"width: 100%\"><div class='ftg-items'><div class='loading-bar'><i><\/i><\/div><div  class='tile ftg-preload  '><a title=\"IMG-20230308-WA0001\" data-lightbox='ftg-2525' rel='ftg-2525'  class=' tile-inner  ftg-lightbox' href='https:\/\/grupamisyjna.misjonarze.pl\/wp-content\/uploads\/2023\/03\/IMG-20230308-WA0001-575x1024.jpg' ><img alt='IMG-20230308-WA0001' class='item skip-lazy' data-class='item' data-ftg-source='https:\/\/grupamisyjna.misjonarze.pl\/wp-content\/uploads\/2023\/03\/IMG-20230308-WA0001-575x1024.jpg' src='https:\/\/grupamisyjna.misjonarze.pl\/wp-content\/uploads\/2023\/03\/IMG-20230308-WA0001-575x1024.jpg' width='575' height='1024' \/><span class='icon fa fa-zoom'><\/span><div class='caption-block'><div class='text-wrapper'><span class='title'>IMG-20230308-WA0001<\/span><\/div><\/div><\/a><div class='ftg-social'><\/div><\/div><div  class='tile ftg-preload  '><a title=\"IMG-20230308-WA0002\" data-lightbox='ftg-2525' rel='ftg-2525'  class=' tile-inner  ftg-lightbox' href='https:\/\/grupamisyjna.misjonarze.pl\/wp-content\/uploads\/2023\/03\/IMG-20230308-WA0002-575x1024.jpg' ><img alt='IMG-20230308-WA0002' class='item skip-lazy' data-class='item' data-ftg-source='https:\/\/grupamisyjna.misjonarze.pl\/wp-content\/uploads\/2023\/03\/IMG-20230308-WA0002-575x1024.jpg' src='https:\/\/grupamisyjna.misjonarze.pl\/wp-content\/uploads\/2023\/03\/IMG-20230308-WA0002-575x1024.jpg' width='575' height='1024' \/><span class='icon fa fa-zoom'><\/span><div class='caption-block'><div class='text-wrapper'><span class='title'>IMG-20230308-WA0002<\/span><\/div><\/div><\/a><div class='ftg-social'><\/div><\/div><div  class='tile ftg-preload  '><a title=\"IMG-20230308-WA0000\" data-lightbox='ftg-2525' rel='ftg-2525'  class=' tile-inner  ftg-lightbox' href='https:\/\/grupamisyjna.misjonarze.pl\/wp-content\/uploads\/2023\/03\/IMG-20230308-WA0000-768x1024.jpg' ><img alt='IMG-20230308-WA0000' class='item skip-lazy' data-class='item' data-ftg-source='https:\/\/grupamisyjna.misjonarze.pl\/wp-content\/uploads\/2023\/03\/IMG-20230308-WA0000-768x1024.jpg' src='https:\/\/grupamisyjna.misjonarze.pl\/wp-content\/uploads\/2023\/03\/IMG-20230308-WA0000-768x1024.jpg' width='768' height='1024' \/><span class='icon fa fa-zoom'><\/span><div class='caption-block'><div class='text-wrapper'><span class='title'>IMG-20230308-WA0000<\/span><\/div><\/div><\/a><div class='ftg-social'><\/div><\/div><\/div><\/div>\n<p>&nbsp;<\/p>\n<p style=\"text-align: justify;\"><span style=\"font-family: georgia, palatino, serif; font-size: 14pt;\"><strong>Parafia Podwy\u017cszenia Krzy\u017ca \u015aw. i sanktuarium \u015bw. Huberta w \u017bo\u0142\u0119dowie<\/strong><\/span><\/p>\n<p style=\"text-align: justify;\"><span style=\"font-family: georgia, palatino, serif; font-size: 14pt;\">\u017bo\u0142\u0119dowo ma\u0142a miejscowo\u015b\u0107 pod Bydgoszcz\u0105. Parafia Podwy\u017cszenia Krzy\u017ca \u015aw. i sanktuarium \u015bw. Huberta.\u00a0 Rekolekcje dla doros\u0142ych i dzieci. Przeprowadzi\u0142 ks. Krzysztof \u0141ytkowski CM.<\/span><\/p>\n<p>&nbsp;<\/p>\n<!-- Final Tiles Grid Gallery for WordPress v3.6.13 free --><style>#ftg-2626 .tile .icon { color:#ffffff; }#ftg-2626 .ftg-items .loading-bar i { background:#666; }#ftg-2626 .ftg-items .loading-bar { background:#fff; }#ftg-2626 .tile .icon { font-size:12px; }#ftg-2626 .tile .icon { margin: -6px 0 0 -6px; }#ftg-2626 .tile .caption-block .text-wrapper span.text { font-size:12px; }#ftg-2626 .tile .caption-outside .text-wrapper span.text { font-size:12px; }#ftg-2626 .tile .caption-block .text-wrapper span.title { font-size:14px; }#ftg-2626 .tile .caption-outside .text-wrapper span.title { font-size:14px; }#ftg-2626 .tile { background-color: transparent; }#ftg-2626 .tile .caption-block .text-wrapper span.text { color: #ffffff; }#ftg-2626 .tile .caption-block .text-wrapper span.title { color: #ffffff; }#ftg-2626 .tile .caption-outside .text-wrapper span.text { color: #ffffff; }#ftg-2626 .tile .caption-outside .text-wrapper span.title { color: #ffffff; }#ftg-2626 .tile .ftg-social a { color: #ffffff; }#ftg-2626 .tile .caption-block { transition-timing-function:linear; }#ftg-2626 .tile .caption-block { transition-duration:0.25s; }#ftg-2626 .tile .tile-inner:before { background-color: #000000; }#ftg-2626 .tile .tile-inner:before { background-color: rgba(0, 0, 0, 0.8); }<\/style><a name=\"26\"><\/a><div class=\"final-tiles-gallery  ftg-hover-enabled caption-inside  caption-none caption-middle caption-center\" id=\"ftg-2626\" style=\"width: 100%\"><div class='ftg-items'><div class='loading-bar'><i><\/i><\/div><div  class='tile ftg-preload  '><a title=\"IMG-20230309-WA0004 (1)\" data-lightbox='ftg-2626' rel='ftg-2626'  class=' tile-inner  ftg-lightbox' href='https:\/\/grupamisyjna.misjonarze.pl\/wp-content\/uploads\/2023\/03\/IMG-20230309-WA0004-1-1024x461.jpg' ><img alt='IMG-20230309-WA0004 (1)' class='item skip-lazy' data-class='item' data-ftg-source='https:\/\/grupamisyjna.misjonarze.pl\/wp-content\/uploads\/2023\/03\/IMG-20230309-WA0004-1-1024x461.jpg' src='https:\/\/grupamisyjna.misjonarze.pl\/wp-content\/uploads\/2023\/03\/IMG-20230309-WA0004-1-1024x461.jpg' width='1024' height='461' \/><span class='icon fa fa-zoom'><\/span><div class='caption-block'><div class='text-wrapper'><span class='title'>IMG-20230309-WA0004 (1)<\/span><\/div><\/div><\/a><div class='ftg-social'><\/div><\/div><div  class='tile ftg-preload  '><a title=\"IMG-20230309-WA0003\" data-lightbox='ftg-2626' rel='ftg-2626'  class=' tile-inner  ftg-lightbox' href='https:\/\/grupamisyjna.misjonarze.pl\/wp-content\/uploads\/2023\/03\/IMG-20230309-WA0003-768x1024.jpg' ><img alt='IMG-20230309-WA0003' class='item skip-lazy' data-class='item' data-ftg-source='https:\/\/grupamisyjna.misjonarze.pl\/wp-content\/uploads\/2023\/03\/IMG-20230309-WA0003-768x1024.jpg' src='https:\/\/grupamisyjna.misjonarze.pl\/wp-content\/uploads\/2023\/03\/IMG-20230309-WA0003-768x1024.jpg' width='768' height='1024' \/><span class='icon fa fa-zoom'><\/span><div class='caption-block'><div class='text-wrapper'><span class='title'>IMG-20230309-WA0003<\/span><\/div><\/div><\/a><div class='ftg-social'><\/div><\/div><div  class='tile ftg-preload  '><a title=\"IMG-20230309-WA0000\" data-lightbox='ftg-2626' rel='ftg-2626'  class=' tile-inner  ftg-lightbox' href='https:\/\/grupamisyjna.misjonarze.pl\/wp-content\/uploads\/2023\/03\/IMG-20230309-WA0000-1024x461.jpg' ><img alt='IMG-20230309-WA0000' class='item skip-lazy' data-class='item' data-ftg-source='https:\/\/grupamisyjna.misjonarze.pl\/wp-content\/uploads\/2023\/03\/IMG-20230309-WA0000-1024x461.jpg' src='https:\/\/grupamisyjna.misjonarze.pl\/wp-content\/uploads\/2023\/03\/IMG-20230309-WA0000-1024x461.jpg' width='1024' height='461' \/><span class='icon fa fa-zoom'><\/span><div class='caption-block'><div class='text-wrapper'><span class='title'>IMG-20230309-WA0000<\/span><\/div><\/div><\/a><div class='ftg-social'><\/div><\/div><div  class='tile ftg-preload  '><a title=\"IMG-20230309-WA0002\" data-lightbox='ftg-2626' rel='ftg-2626'  class=' tile-inner  ftg-lightbox' href='https:\/\/grupamisyjna.misjonarze.pl\/wp-content\/uploads\/2023\/03\/IMG-20230309-WA0002-768x1024.jpg' ><img alt='IMG-20230309-WA0002' class='item skip-lazy' data-class='item' data-ftg-source='https:\/\/grupamisyjna.misjonarze.pl\/wp-content\/uploads\/2023\/03\/IMG-20230309-WA0002-768x1024.jpg' src='https:\/\/grupamisyjna.misjonarze.pl\/wp-content\/uploads\/2023\/03\/IMG-20230309-WA0002-768x1024.jpg' width='768' height='1024' \/><span class='icon fa fa-zoom'><\/span><div class='caption-block'><div class='text-wrapper'><span class='title'>IMG-20230309-WA0002<\/span><\/div><\/div><\/a><div class='ftg-social'><\/div><\/div><div  class='tile ftg-preload  '><a title=\"IMG-20230309-WA0001\" data-lightbox='ftg-2626' rel='ftg-2626'  class=' tile-inner  ftg-lightbox' href='https:\/\/grupamisyjna.misjonarze.pl\/wp-content\/uploads\/2023\/03\/IMG-20230309-WA0001-1024x461.jpg' ><img alt='IMG-20230309-WA0001' class='item skip-lazy' data-class='item' data-ftg-source='https:\/\/grupamisyjna.misjonarze.pl\/wp-content\/uploads\/2023\/03\/IMG-20230309-WA0001-1024x461.jpg' src='https:\/\/grupamisyjna.misjonarze.pl\/wp-content\/uploads\/2023\/03\/IMG-20230309-WA0001-1024x461.jpg' width='1024' height='461' \/><span class='icon fa fa-zoom'><\/span><div class='caption-block'><div class='text-wrapper'><span class='title'>IMG-20230309-WA0001<\/span><\/div><\/div><\/a><div class='ftg-social'><\/div><\/div><\/div><\/div>\n<p>&nbsp;<\/p>\n<p><span style=\"font-family: georgia, palatino, serif; font-size: 14pt;\"><strong>Rekolekcje parafii MB Wniebowzi\u0119cia &#8211;\u00a0Wierzchowo\u00a0<\/strong><\/span><\/p>\n<p style=\"text-align: justify;\"><span style=\"font-family: georgia, palatino, serif; font-size: 14pt;\">Parafia liczy nieco ponad tysi\u0105c wiernych. Nauki zosta\u0142y wyg\u0142oszone w ko\u015bciele parafialnym i na dw\u00f3ch filiach oraz, dla dzieci, w dw\u00f3ch szko\u0142ach: Wierzchowo oraz Iwin.<\/span><\/p>\n<p style=\"text-align: right;\"><em><span style=\"font-family: georgia, palatino, serif; font-size: 14pt;\">Ks. Pawe\u0142 Szyma\u0144ski CM<\/span><\/em><\/p>\n<p>&nbsp;<\/p>\n<p>&nbsp;<\/p>\n<p><span style=\"font-family: georgia, palatino, serif; font-size: 14pt;\"><strong>Parafia \u015bw. Wojciecha w Bydgoszczy<\/strong><\/span><\/p>\n<p><span style=\"font-family: georgia, palatino, serif; font-size: 14pt;\">Rekolekcje przeprowadzi\u0142 ks. Andrzej Giero\u0144 CM.<\/span><\/p>\n<p>&nbsp;<\/p>\n<!-- Final Tiles Grid Gallery for WordPress v3.6.13 free --><style>#ftg-3434 .tile .icon { color:#ffffff; }#ftg-3434 .ftg-items .loading-bar i { background:#666; }#ftg-3434 .ftg-items .loading-bar { background:#fff; }#ftg-3434 .tile .icon { font-size:12px; }#ftg-3434 .tile .icon { margin: -6px 0 0 -6px; }#ftg-3434 .tile .caption-block .text-wrapper span.text { font-size:12px; }#ftg-3434 .tile .caption-outside .text-wrapper span.text { font-size:12px; }#ftg-3434 .tile .caption-block .text-wrapper span.title { font-size:14px; }#ftg-3434 .tile .caption-outside .text-wrapper span.title { font-size:14px; }#ftg-3434 .tile { background-color: transparent; }#ftg-3434 .tile .caption-block .text-wrapper span.text { color: #ffffff; }#ftg-3434 .tile .caption-block .text-wrapper span.title { color: #ffffff; }#ftg-3434 .tile .caption-outside .text-wrapper span.text { color: #ffffff; }#ftg-3434 .tile .caption-outside .text-wrapper span.title { color: #ffffff; }#ftg-3434 .tile .ftg-social a { color: #ffffff; }#ftg-3434 .tile .caption-block { transition-timing-function:linear; }#ftg-3434 .tile .caption-block { transition-duration:0.25s; }#ftg-3434 .tile .tile-inner:before { background-color: #000000; }#ftg-3434 .tile .tile-inner:before { background-color: rgba(0, 0, 0, 0.8); }<\/style><a name=\"34\"><\/a><div class=\"final-tiles-gallery  ftg-hover-enabled caption-inside  caption-none caption-middle caption-center\" id=\"ftg-3434\" style=\"width: 100%\"><div class='ftg-items'><div class='loading-bar'><i><\/i><\/div><div  class='tile ftg-preload  '><a title=\"2019-02-03 \u015bw. Wojciech (1)\" data-lightbox='ftg-3434' rel='ftg-3434'  class=' tile-inner  ftg-lightbox' href='https:\/\/grupamisyjna.misjonarze.pl\/wp-content\/uploads\/2023\/03\/2019-02-03-sw.-Wojciech-1-1024x498.jpg' ><img alt='2019-02-03 \u015bw. Wojciech (1)' class='item skip-lazy' data-class='item' data-ftg-source='https:\/\/grupamisyjna.misjonarze.pl\/wp-content\/uploads\/2023\/03\/2019-02-03-sw.-Wojciech-1-1024x498.jpg' src='https:\/\/grupamisyjna.misjonarze.pl\/wp-content\/uploads\/2023\/03\/2019-02-03-sw.-Wojciech-1-1024x498.jpg' width='1024' height='498' \/><span class='icon fa fa-zoom'><\/span><div class='caption-block'><div class='text-wrapper'><span class='title'>2019-02-03 \u015bw. Wojciech (1)<\/span><\/div><\/div><\/a><div class='ftg-social'><\/div><\/div><div  class='tile ftg-preload  '><a title=\"2021-12-21 \u015bw. Wojciech (1)\" data-lightbox='ftg-3434' rel='ftg-3434'  class=' tile-inner  ftg-lightbox' href='https:\/\/grupamisyjna.misjonarze.pl\/wp-content\/uploads\/2023\/03\/2021-12-21-sw.-Wojciech-1.jpg' ><img alt='2021-12-21 \u015bw. Wojciech (1)' class='item skip-lazy' data-class='item' data-ftg-source='https:\/\/grupamisyjna.misjonarze.pl\/wp-content\/uploads\/2023\/03\/2021-12-21-sw.-Wojciech-1.jpg' src='https:\/\/grupamisyjna.misjonarze.pl\/wp-content\/uploads\/2023\/03\/2021-12-21-sw.-Wojciech-1.jpg' width='574' height='1020' \/><span class='icon fa fa-zoom'><\/span><div class='caption-block'><div class='text-wrapper'><span class='title'>2021-12-21 \u015bw. Wojciech (1)<\/span><\/div><\/div><\/a><div class='ftg-social'><\/div><\/div><\/div><\/div>\n<p>&nbsp;<\/p>\n<p><strong><span style=\"font-family: georgia, palatino, serif; font-size: 14pt;\">Rekolekcje w Sadowie<\/span><\/strong><\/p>\n<p style=\"text-align: justify;\"><span style=\"font-family: georgia, palatino, serif; font-size: 14pt;\">Ks. Maciej Kuczak, kt\u00f3ry przynale\u017cy do Grupy Misyjnej jest tak\u017ce jednym z koordynator\u00f3w Nowenny ku czci Matki Bo\u017cej objawiaj\u0105cej Cudowny Medalik. W ramach nowenny przeprowadzi\u0142 rekolekcje wielkopostne w Sadowie. Relacja ks. Macieja:<\/span><\/p>\n<p style=\"text-align: justify;\"><span style=\"font-family: georgia, palatino, serif; font-size: 14pt;\">\u201eParafia przynale\u017cy do diecezji gliwickiej. Zabytkowy barokowy ko\u015bci\u00f3\u0142 si\u0119ga swoimi pocz\u0105tkami XIV wieku, chocia\u017c sama parafia w Sadowie zosta\u0142a utworzona na prawie polskim w po\u0142owie XIII wieku. \u015awi\u0105tynia zosta\u0142a konsekrowana w 1331 roku. Z up\u0142ywem lat by\u0142a nieustannie rozbudowywana. W czasach Reformacji uleg\u0142a dewastacji. Odbudow\u0119 ko\u015bcio\u0142a zako\u0144czono w 1671 roku. W tym\u017ce roku zosta\u0142 on ponownie po\u015bwi\u0119cony i powierzony opiece Patrona \u2013 \u015aw. J\u00f3zefa. \u015awi\u0105tynia jest drugim historycznie najstarszym ko\u015bcio\u0142em w Polsce pw. \u015aw. J\u00f3zefa. Obecnie przechodzi gruntown\u0105 renowacj\u0119 pod nadzorem konserwatora zabytk\u00f3w. Charakterystyczne s\u0105 odtworzone ju\u017c finalnie niepe\u0142ne freski na \u015bcianach prezbiterium. Na terenie parafii znajduje si\u0119 te\u017c ko\u015bci\u00f3\u0142 filialny w Droniowicach oraz szko\u0142a podstawowa. Uczniowie prze\u017cywaj\u0105 swoje rekolekcje w \u015bwi\u0105tyni w dw\u00f3ch grupach w ramach parafialnych rekolekcji wielkopostnych. W parafii w 2023 roku zosta\u0142a uroczy\u015bcie zainaugurowana Nowenna ku czci Matki Bo\u017cej Niepokalanej objawiaj\u0105cej Cudowny Medalik w ramach przygotowania do Jubileuszu 200-lecia Objawie\u0144 w 2030r.\u201d<\/span><\/p>\n<p>&nbsp;<\/p>\n<p>&nbsp;<\/p>\n<p style=\"text-align: center;\"><span style=\"font-family: georgia, palatino, serif; font-size: 24pt;\"><strong>III TYDZIE\u0143 WIELKIEGO POSTU<\/strong><\/span><\/p>\n<p style=\"text-align: left;\"><strong><span style=\"font-size: 14pt;\"><span style=\"font-family: georgia, palatino, serif;\">Rekolekcje w\u00a0<\/span><span style=\"font-family: georgia, palatino, serif;\">Redditch &#8211; <\/span><span style=\"font-family: georgia, palatino, serif;\">Polska Misia Katolicka w Wielkiej Brytanii\u00a0\u00a0<\/span><\/span><\/strong><\/p>\n<p style=\"text-align: justify;\"><span style=\"font-family: georgia, palatino, serif; font-size: 14pt;\">Grupa Misyjna kontynuuje wsp\u00f3\u0142prac\u0119 z Polsk\u0105 Misj\u0105 Katolick\u0105 w Wielkiej Brytanii, w Redditch. W dniach 11.03 &#8211; 13.03 rekolekcje przeprowadzki ks. Krzysztof \u0141ytkowski. Wg Ksi\u0119dza Proboszcza Bartosza Kasprzyszaka frekwencja by\u0142a dobra. Jedn\u0105 z urokliwych miejscowo\u015bci nale\u017c\u0105cych do Polskiej Misji jest Stratford-upon-Avon. To tu urodzi\u0142 si\u0119 Szekspir. Tu tak\u017ce zosta\u0142 pochowany. Ciekawostk\u0105 jest to, \u017ce w Stratford znajduje si\u0119 niewielka statua Jana Kochanowskiego.<\/span><\/p>\n<p>&nbsp;<\/p>\n<p><span style=\"font-family: georgia, palatino, serif; font-size: 14pt;\">\u00a0 \u00a0 \u00a0Ko\u015bci\u00f3\u0142 w Redditch<\/span><\/p>\n<!-- Final Tiles Grid Gallery for WordPress v3.6.13 free --><style>#ftg-2828 .tile .icon { color:#ffffff; }#ftg-2828 .ftg-items .loading-bar i { background:#666; }#ftg-2828 .ftg-items .loading-bar { background:#fff; }#ftg-2828 .tile .icon { font-size:12px; }#ftg-2828 .tile .icon { margin: -6px 0 0 -6px; }#ftg-2828 .tile .caption-block .text-wrapper span.text { font-size:12px; }#ftg-2828 .tile .caption-outside .text-wrapper span.text { font-size:12px; }#ftg-2828 .tile .caption-block .text-wrapper span.title { font-size:14px; }#ftg-2828 .tile .caption-outside .text-wrapper span.title { font-size:14px; }#ftg-2828 .tile { background-color: transparent; }#ftg-2828 .tile .caption-block .text-wrapper span.text { color: #ffffff; }#ftg-2828 .tile .caption-block .text-wrapper span.title { color: #ffffff; }#ftg-2828 .tile .caption-outside .text-wrapper span.text { color: #ffffff; }#ftg-2828 .tile .caption-outside .text-wrapper span.title { color: #ffffff; }#ftg-2828 .tile .ftg-social a { color: #ffffff; }#ftg-2828 .tile .caption-block { transition-duration:0.25s; }#ftg-2828 .tile .tile-inner:before { background-color: #000000; }#ftg-2828 .tile .tile-inner:before { background-color: rgba(0, 0, 0, 0.8); }#ftg-2828 .tile:hover img {-moz-transform: -moz-rotate(0deg) -moz-scale(0) ;-webkit-transform: -webkit-rotate(0deg) -webkit-scale(0) ;-o-transform: -o-rotate(0deg) -o-scale(0) ;-ms-transform: -ms-rotate(0deg) -ms-scale(0) ;transform: rotate(0deg) scale(0) ;}<\/style><a name=\"28\"><\/a><div class=\"final-tiles-gallery  ftg-hover-enabled caption-inside  caption-none caption-middle caption-center\" id=\"ftg-2828\" style=\"width: 100%\"><div class='ftg-items'><div class='loading-bar'><i><\/i><\/div><div  class='tile ftg-preload  '><a title=\"IMG-20230312-WA0005\" data-lightbox='ftg-2828' rel='ftg-2828'  class=' tile-inner  ftg-lightbox' href='https:\/\/grupamisyjna.misjonarze.pl\/wp-content\/uploads\/2023\/03\/IMG-20230312-WA0005-768x1024.jpg' ><img alt='IMG-20230312-WA0005' class='item skip-lazy' data-class='item' data-ftg-source='https:\/\/grupamisyjna.misjonarze.pl\/wp-content\/uploads\/2023\/03\/IMG-20230312-WA0005-768x1024.jpg' src='https:\/\/grupamisyjna.misjonarze.pl\/wp-content\/uploads\/2023\/03\/IMG-20230312-WA0005-768x1024.jpg' width='768' height='1024' \/><div class='caption-block'><div class='text-wrapper'><span class='title'>IMG-20230312-WA0005<\/span><\/div><\/div><\/a><div class='ftg-social'><\/div><\/div><div  class='tile ftg-preload  '><a title=\"IMG-20230312-WA0004\" data-lightbox='ftg-2828' rel='ftg-2828'  class=' tile-inner  ftg-lightbox' href='https:\/\/grupamisyjna.misjonarze.pl\/wp-content\/uploads\/2023\/03\/IMG-20230312-WA0004-768x1024.jpg' ><img alt='IMG-20230312-WA0004' class='item skip-lazy' data-class='item' data-ftg-source='https:\/\/grupamisyjna.misjonarze.pl\/wp-content\/uploads\/2023\/03\/IMG-20230312-WA0004-768x1024.jpg' src='https:\/\/grupamisyjna.misjonarze.pl\/wp-content\/uploads\/2023\/03\/IMG-20230312-WA0004-768x1024.jpg' width='768' height='1024' \/><div class='caption-block'><div class='text-wrapper'><span class='title'>IMG-20230312-WA0004<\/span><\/div><\/div><\/a><div class='ftg-social'><\/div><\/div><div  class='tile ftg-preload  '><a title=\"IMG-20230313-WA0002\" data-lightbox='ftg-2828' rel='ftg-2828'  class=' tile-inner  ftg-lightbox' href='https:\/\/grupamisyjna.misjonarze.pl\/wp-content\/uploads\/2023\/03\/IMG-20230313-WA0002-854x1024.jpg' ><img alt='IMG-20230313-WA0002' class='item skip-lazy' data-class='item' data-ftg-source='https:\/\/grupamisyjna.misjonarze.pl\/wp-content\/uploads\/2023\/03\/IMG-20230313-WA0002-854x1024.jpg' src='https:\/\/grupamisyjna.misjonarze.pl\/wp-content\/uploads\/2023\/03\/IMG-20230313-WA0002-854x1024.jpg' width='854' height='1024' \/><div class='caption-block'><div class='text-wrapper'><span class='title'>IMG-20230313-WA0002<\/span><\/div><\/div><\/a><div class='ftg-social'><\/div><\/div><div  class='tile ftg-preload  '><a title=\"IMG-20230313-WA0003\" data-lightbox='ftg-2828' rel='ftg-2828'  class=' tile-inner  ftg-lightbox' href='https:\/\/grupamisyjna.misjonarze.pl\/wp-content\/uploads\/2023\/03\/IMG-20230313-WA0003-484x1024.jpg' ><img alt='IMG-20230313-WA0003' class='item skip-lazy' data-class='item' data-ftg-source='https:\/\/grupamisyjna.misjonarze.pl\/wp-content\/uploads\/2023\/03\/IMG-20230313-WA0003-484x1024.jpg' src='https:\/\/grupamisyjna.misjonarze.pl\/wp-content\/uploads\/2023\/03\/IMG-20230313-WA0003-484x1024.jpg' width='484' height='1024' \/><div class='caption-block'><div class='text-wrapper'><span class='title'>IMG-20230313-WA0003<\/span><\/div><\/div><\/a><div class='ftg-social'><\/div><\/div><div  class='tile ftg-preload  '><a title=\"IMG-20230313-WA0001\" data-lightbox='ftg-2828' rel='ftg-2828'  class=' tile-inner  ftg-lightbox' href='https:\/\/grupamisyjna.misjonarze.pl\/wp-content\/uploads\/2023\/03\/IMG-20230313-WA0001-1024x484.jpg' ><img alt='IMG-20230313-WA0001' class='item skip-lazy' data-class='item' data-ftg-source='https:\/\/grupamisyjna.misjonarze.pl\/wp-content\/uploads\/2023\/03\/IMG-20230313-WA0001-1024x484.jpg' src='https:\/\/grupamisyjna.misjonarze.pl\/wp-content\/uploads\/2023\/03\/IMG-20230313-WA0001-1024x484.jpg' width='1024' height='484' \/><div class='caption-block'><div class='text-wrapper'><span class='title'>IMG-20230313-WA0001<\/span><\/div><\/div><\/a><div class='ftg-social'><\/div><\/div><\/div><\/div>\n<p>&nbsp;<\/p>\n<p><span style=\"font-family: georgia, palatino, serif; font-size: 14pt;\">\u00a0 \u00a0 \u00a0Ko\u015bci\u00f3\u0142 w Stratford<\/span><\/p>\n<!-- Final Tiles Grid Gallery for WordPress v3.6.13 free --><style>#ftg-2929 .tile .icon { color:#ffffff; }#ftg-2929 .ftg-items .loading-bar i { background:#666; }#ftg-2929 .ftg-items .loading-bar { background:#fff; }#ftg-2929 .tile .icon { font-size:12px; }#ftg-2929 .tile .icon { margin: -6px 0 0 -6px; }#ftg-2929 .tile .caption-block .text-wrapper span.text { font-size:12px; }#ftg-2929 .tile .caption-outside .text-wrapper span.text { font-size:12px; }#ftg-2929 .tile .caption-block .text-wrapper span.title { font-size:14px; }#ftg-2929 .tile .caption-outside .text-wrapper span.title { font-size:14px; }#ftg-2929 .tile { background-color: transparent; }#ftg-2929 .tile .caption-block .text-wrapper span.text { color: #ffffff; }#ftg-2929 .tile .caption-block .text-wrapper span.title { color: #ffffff; }#ftg-2929 .tile .caption-outside .text-wrapper span.text { color: #ffffff; }#ftg-2929 .tile .caption-outside .text-wrapper span.title { color: #ffffff; }#ftg-2929 .tile .ftg-social a { color: #ffffff; }#ftg-2929 .tile .caption-block { transition-duration:0.25s; }#ftg-2929 .tile .tile-inner:before { background-color: #000000; }#ftg-2929 .tile .tile-inner:before { background-color: rgba(0, 0, 0, 0.8); }#ftg-2929 .tile:hover img {-moz-transform: -moz-rotate(0deg) -moz-scale(0) ;-webkit-transform: -webkit-rotate(0deg) -webkit-scale(0) ;-o-transform: -o-rotate(0deg) -o-scale(0) ;-ms-transform: -ms-rotate(0deg) -ms-scale(0) ;transform: rotate(0deg) scale(0) ;}<\/style><a name=\"29\"><\/a><div class=\"final-tiles-gallery  ftg-hover-enabled caption-inside  caption-none caption-middle caption-center\" id=\"ftg-2929\" style=\"width: 100%\"><div class='ftg-items'><div class='loading-bar'><i><\/i><\/div><div  class='tile ftg-preload  '><a title=\"IMG-20230312-WA0008\" data-lightbox='ftg-2929' rel='ftg-2929'  class=' tile-inner  ftg-lightbox' href='https:\/\/grupamisyjna.misjonarze.pl\/wp-content\/uploads\/2023\/03\/IMG-20230312-WA0008-768x1024.jpg' ><img alt='IMG-20230312-WA0008' class='item skip-lazy' data-class='item' data-ftg-source='https:\/\/grupamisyjna.misjonarze.pl\/wp-content\/uploads\/2023\/03\/IMG-20230312-WA0008-768x1024.jpg' src='https:\/\/grupamisyjna.misjonarze.pl\/wp-content\/uploads\/2023\/03\/IMG-20230312-WA0008-768x1024.jpg' width='768' height='1024' \/><div class='caption-block'><div class='text-wrapper'><span class='title'>IMG-20230312-WA0008<\/span><\/div><\/div><\/a><div class='ftg-social'><\/div><\/div><div  class='tile ftg-preload  '><a title=\"IMG-20230312-WA0007\" data-lightbox='ftg-2929' rel='ftg-2929'  class=' tile-inner  ftg-lightbox' href='https:\/\/grupamisyjna.misjonarze.pl\/wp-content\/uploads\/2023\/03\/IMG-20230312-WA0007-768x1024.jpg' ><img alt='IMG-20230312-WA0007' class='item skip-lazy' data-class='item' data-ftg-source='https:\/\/grupamisyjna.misjonarze.pl\/wp-content\/uploads\/2023\/03\/IMG-20230312-WA0007-768x1024.jpg' src='https:\/\/grupamisyjna.misjonarze.pl\/wp-content\/uploads\/2023\/03\/IMG-20230312-WA0007-768x1024.jpg' width='768' height='1024' \/><div class='caption-block'><div class='text-wrapper'><span class='title'>IMG-20230312-WA0007<\/span><\/div><\/div><\/a><div class='ftg-social'><\/div><\/div><div  class='tile ftg-preload  '><a title=\"IMG-20230312-WA0010\" data-lightbox='ftg-2929' rel='ftg-2929'  class=' tile-inner  ftg-lightbox' href='https:\/\/grupamisyjna.misjonarze.pl\/wp-content\/uploads\/2023\/03\/IMG-20230312-WA0010-768x1024.jpg' ><img alt='IMG-20230312-WA0010' class='item skip-lazy' data-class='item' data-ftg-source='https:\/\/grupamisyjna.misjonarze.pl\/wp-content\/uploads\/2023\/03\/IMG-20230312-WA0010-768x1024.jpg' src='https:\/\/grupamisyjna.misjonarze.pl\/wp-content\/uploads\/2023\/03\/IMG-20230312-WA0010-768x1024.jpg' width='768' height='1024' \/><div class='caption-block'><div class='text-wrapper'><span class='title'>IMG-20230312-WA0010<\/span><\/div><\/div><\/a><div class='ftg-social'><\/div><\/div><div  class='tile ftg-preload  '><a title=\"IMG-20230312-WA0009\" data-lightbox='ftg-2929' rel='ftg-2929'  class=' tile-inner  ftg-lightbox' href='https:\/\/grupamisyjna.misjonarze.pl\/wp-content\/uploads\/2023\/03\/IMG-20230312-WA0009-768x1024.jpg' ><img alt='IMG-20230312-WA0009' class='item skip-lazy' data-class='item' data-ftg-source='https:\/\/grupamisyjna.misjonarze.pl\/wp-content\/uploads\/2023\/03\/IMG-20230312-WA0009-768x1024.jpg' src='https:\/\/grupamisyjna.misjonarze.pl\/wp-content\/uploads\/2023\/03\/IMG-20230312-WA0009-768x1024.jpg' width='768' height='1024' \/><div class='caption-block'><div class='text-wrapper'><span class='title'>IMG-20230312-WA0009<\/span><\/div><\/div><\/a><div class='ftg-social'><\/div><\/div><div  class='tile ftg-preload  '><a title=\"IMG-20230312-WA0006\" data-lightbox='ftg-2929' rel='ftg-2929'  class=' tile-inner  ftg-lightbox' href='https:\/\/grupamisyjna.misjonarze.pl\/wp-content\/uploads\/2023\/03\/IMG-20230312-WA0006-1024x768.jpg' ><img alt='IMG-20230312-WA0006' class='item skip-lazy' data-class='item' data-ftg-source='https:\/\/grupamisyjna.misjonarze.pl\/wp-content\/uploads\/2023\/03\/IMG-20230312-WA0006-1024x768.jpg' src='https:\/\/grupamisyjna.misjonarze.pl\/wp-content\/uploads\/2023\/03\/IMG-20230312-WA0006-1024x768.jpg' width='1024' height='768' \/><div class='caption-block'><div class='text-wrapper'><span class='title'>IMG-20230312-WA0006<\/span><\/div><\/div><\/a><div class='ftg-social'><\/div><\/div><div  class='tile ftg-preload  '><a title=\"IMG-20230312-WA0000\" data-lightbox='ftg-2929' rel='ftg-2929'  class=' tile-inner  ftg-lightbox' href='https:\/\/grupamisyjna.misjonarze.pl\/wp-content\/uploads\/2023\/03\/IMG-20230312-WA0000-1024x768.jpg' ><img alt='IMG-20230312-WA0000' class='item skip-lazy' data-class='item' data-ftg-source='https:\/\/grupamisyjna.misjonarze.pl\/wp-content\/uploads\/2023\/03\/IMG-20230312-WA0000-1024x768.jpg' src='https:\/\/grupamisyjna.misjonarze.pl\/wp-content\/uploads\/2023\/03\/IMG-20230312-WA0000-1024x768.jpg' width='1024' height='768' \/><div class='caption-block'><div class='text-wrapper'><span class='title'>IMG-20230312-WA0000<\/span><\/div><\/div><\/a><div class='ftg-social'><\/div><\/div><\/div><\/div>\n<p><span style=\"font-family: georgia, palatino, serif; font-size: 14pt;\">\u00a0 \u00a0 \u00a0Ko\u015bci\u00f3\u0142 w Evesham<\/span><\/p>\n<!-- Final Tiles Grid Gallery for WordPress v3.6.13 free --><style>#ftg-3030 .tile .icon { color:#ffffff; }#ftg-3030 .ftg-items .loading-bar i { background:#666; }#ftg-3030 .ftg-items .loading-bar { background:#fff; }#ftg-3030 .tile .icon { font-size:12px; }#ftg-3030 .tile .icon { margin: -6px 0 0 -6px; }#ftg-3030 .tile .caption-block .text-wrapper span.text { font-size:12px; }#ftg-3030 .tile .caption-outside .text-wrapper span.text { font-size:12px; }#ftg-3030 .tile .caption-block .text-wrapper span.title { font-size:14px; }#ftg-3030 .tile .caption-outside .text-wrapper span.title { font-size:14px; }#ftg-3030 .tile { background-color: transparent; }#ftg-3030 .tile .caption-block .text-wrapper span.text { color: #ffffff; }#ftg-3030 .tile .caption-block .text-wrapper span.title { color: #ffffff; }#ftg-3030 .tile .caption-outside .text-wrapper span.text { color: #ffffff; }#ftg-3030 .tile .caption-outside .text-wrapper span.title { color: #ffffff; }#ftg-3030 .tile .ftg-social a { color: #ffffff; }#ftg-3030 .tile .caption-block { transition-timing-function:linear; }#ftg-3030 .tile .caption-block { transition-duration:0.25s; }#ftg-3030 .tile .tile-inner:before { background-color: #000000; }#ftg-3030 .tile .tile-inner:before { background-color: rgba(0, 0, 0, 0.8); }<\/style><a name=\"30\"><\/a><div class=\"final-tiles-gallery  ftg-hover-enabled caption-inside  caption-none caption-middle caption-center\" id=\"ftg-3030\" style=\"width: 100%\"><div class='ftg-items'><div class='loading-bar'><i><\/i><\/div><div  class='tile ftg-preload  '><a title=\"IMG-20230313-WA0007\" data-lightbox='ftg-3030' rel='ftg-3030'  class=' tile-inner  ftg-lightbox' href='https:\/\/grupamisyjna.misjonarze.pl\/wp-content\/uploads\/2023\/03\/IMG-20230313-WA0007-768x1024.jpg' ><img alt='IMG-20230313-WA0007' class='item skip-lazy' data-class='item' data-ftg-source='https:\/\/grupamisyjna.misjonarze.pl\/wp-content\/uploads\/2023\/03\/IMG-20230313-WA0007-768x1024.jpg' src='https:\/\/grupamisyjna.misjonarze.pl\/wp-content\/uploads\/2023\/03\/IMG-20230313-WA0007-768x1024.jpg' width='768' height='1024' \/><span class='icon fa fa-zoom'><\/span><div class='caption-block'><div class='text-wrapper'><span class='title'>IMG-20230313-WA0007<\/span><\/div><\/div><\/a><div class='ftg-social'><\/div><\/div><div  class='tile ftg-preload  '><a title=\"IMG-20230313-WA0006 (1)\" data-lightbox='ftg-3030' rel='ftg-3030'  class=' tile-inner  ftg-lightbox' href='https:\/\/grupamisyjna.misjonarze.pl\/wp-content\/uploads\/2023\/03\/IMG-20230313-WA0006-1-461x1024.jpg' ><img alt='IMG-20230313-WA0006 (1)' class='item skip-lazy' data-class='item' data-ftg-source='https:\/\/grupamisyjna.misjonarze.pl\/wp-content\/uploads\/2023\/03\/IMG-20230313-WA0006-1-461x1024.jpg' src='https:\/\/grupamisyjna.misjonarze.pl\/wp-content\/uploads\/2023\/03\/IMG-20230313-WA0006-1-461x1024.jpg' width='461' height='1024' \/><span class='icon fa fa-zoom'><\/span><div class='caption-block'><div class='text-wrapper'><span class='title'>IMG-20230313-WA0006 (1)<\/span><\/div><\/div><\/a><div class='ftg-social'><\/div><\/div><div  class='tile ftg-preload  '><a title=\"IMG-20230313-WA0004 (1)\" data-lightbox='ftg-3030' rel='ftg-3030'  class=' tile-inner  ftg-lightbox' href='https:\/\/grupamisyjna.misjonarze.pl\/wp-content\/uploads\/2023\/03\/IMG-20230313-WA0004-1-461x1024.jpg' ><img alt='IMG-20230313-WA0004 (1)' class='item skip-lazy' data-class='item' data-ftg-source='https:\/\/grupamisyjna.misjonarze.pl\/wp-content\/uploads\/2023\/03\/IMG-20230313-WA0004-1-461x1024.jpg' src='https:\/\/grupamisyjna.misjonarze.pl\/wp-content\/uploads\/2023\/03\/IMG-20230313-WA0004-1-461x1024.jpg' width='461' height='1024' \/><span class='icon fa fa-zoom'><\/span><div class='caption-block'><div class='text-wrapper'><span class='title'>IMG-20230313-WA0004 (1)<\/span><\/div><\/div><\/a><div class='ftg-social'><\/div><\/div><div  class='tile ftg-preload  '><a title=\"IMG-20230313-WA0005 (1)\" data-lightbox='ftg-3030' rel='ftg-3030'  class=' tile-inner  ftg-lightbox' href='https:\/\/grupamisyjna.misjonarze.pl\/wp-content\/uploads\/2023\/03\/IMG-20230313-WA0005-1-461x1024.jpg' ><img alt='IMG-20230313-WA0005 (1)' class='item skip-lazy' data-class='item' data-ftg-source='https:\/\/grupamisyjna.misjonarze.pl\/wp-content\/uploads\/2023\/03\/IMG-20230313-WA0005-1-461x1024.jpg' src='https:\/\/grupamisyjna.misjonarze.pl\/wp-content\/uploads\/2023\/03\/IMG-20230313-WA0005-1-461x1024.jpg' width='461' height='1024' \/><span class='icon fa fa-zoom'><\/span><div class='caption-block'><div class='text-wrapper'><span class='title'>IMG-20230313-WA0005 (1)<\/span><\/div><\/div><\/a><div class='ftg-social'><\/div><\/div><\/div><\/div>\n<p>&nbsp;<\/p>\n<p>&nbsp;<\/p>\n<p><strong><span style=\"font-family: georgia, palatino, serif; font-size: 14pt;\">Parafia p.w. Dobrego Pasterza w Nagawczynie<\/span><\/strong><\/p>\n<p style=\"text-align: justify;\"><span style=\"font-family: georgia, palatino, serif; font-size: 14pt;\">W trzecim tygodniu Wielkiego Postu rekolekcje w parafii pod wezwaniem Dobrego Pasterza w Nagawczynie ko\u0142o D\u0119bicy poprowadzi\u0142 Ks. Wojciech Koz\u0142owski CM. Spotkania rekolekcyjne rozpoczyna\u0142y si\u0119 codziennie od porannych modlitw. W rekolekcjach uczestniczyli doro\u015bli oraz dzieci ze szko\u0142y podstawowej. By\u0142a te\u017c Msza \u015bwi\u0119ta i nauka rekolekcyjna dla os\u00f3b starszych i chorych. Swoje rekolekcyjne spotkanie mia\u0142a te\u017c m\u0142odzie\u017c ze szk\u00f3\u0142 ponadpodstawowych. Ksi\u0105dz Proboszcz planuje w dalszym ci\u0105gu zaprasza\u0107 misjonarzy z naszego Zgromadzenia na rekolekcje, a tak\u017ce w niedalekiej przysz\u0142o\u015bci na misje parafialne.<\/span><\/p>\n<p>&nbsp;<\/p>\n<!-- Final Tiles Grid Gallery for WordPress v3.6.13 free --><style>#ftg-3131 .tile .icon { color:#ffffff; }#ftg-3131 .ftg-items .loading-bar i { background:#666; }#ftg-3131 .ftg-items .loading-bar { background:#fff; }#ftg-3131 .tile .icon { font-size:12px; }#ftg-3131 .tile .icon { margin: -6px 0 0 -6px; }#ftg-3131 .tile .caption-block .text-wrapper span.text { font-size:12px; }#ftg-3131 .tile .caption-outside .text-wrapper span.text { font-size:12px; }#ftg-3131 .tile .caption-block .text-wrapper span.title { font-size:14px; }#ftg-3131 .tile .caption-outside .text-wrapper span.title { font-size:14px; }#ftg-3131 .tile { background-color: transparent; }#ftg-3131 .tile .caption-block .text-wrapper span.text { color: #ffffff; }#ftg-3131 .tile .caption-block .text-wrapper span.title { color: #ffffff; }#ftg-3131 .tile .caption-outside .text-wrapper span.text { color: #ffffff; }#ftg-3131 .tile .caption-outside .text-wrapper span.title { color: #ffffff; }#ftg-3131 .tile .ftg-social a { color: #ffffff; }#ftg-3131 .tile .caption-block { transition-timing-function:linear; }#ftg-3131 .tile .caption-block { transition-duration:0.25s; }#ftg-3131 .tile .tile-inner:before { background-color: #000000; }#ftg-3131 .tile .tile-inner:before { background-color: rgba(0, 0, 0, 0.8); }<\/style><a name=\"31\"><\/a><div class=\"final-tiles-gallery  ftg-hover-enabled caption-inside  caption-none caption-middle caption-center\" id=\"ftg-3131\" style=\"width: 100%\"><div class='ftg-items'><div class='loading-bar'><i><\/i><\/div><div  class='tile ftg-preload  '><a title=\"20230314_183258\" data-lightbox='ftg-3131' rel='ftg-3131'  class=' tile-inner  ftg-lightbox' href='https:\/\/grupamisyjna.misjonarze.pl\/wp-content\/uploads\/2023\/03\/20230314_183258-768x1024.jpg' ><img alt='20230314_183258' class='item skip-lazy' data-class='item' data-ftg-source='https:\/\/grupamisyjna.misjonarze.pl\/wp-content\/uploads\/2023\/03\/20230314_183258-768x1024.jpg' src='https:\/\/grupamisyjna.misjonarze.pl\/wp-content\/uploads\/2023\/03\/20230314_183258-768x1024.jpg' width='768' height='1024' \/><span class='icon fa fa-zoom'><\/span><div class='caption-block'><div class='text-wrapper'><span class='title'>20230314_183258<\/span><\/div><\/div><\/a><div class='ftg-social'><\/div><\/div><div  class='tile ftg-preload  '><a title=\"20230313_121539\" data-lightbox='ftg-3131' rel='ftg-3131'  class=' tile-inner  ftg-lightbox' href='https:\/\/grupamisyjna.misjonarze.pl\/wp-content\/uploads\/2023\/03\/20230313_121539-768x1024.jpg' ><img alt='20230313_121539' class='item skip-lazy' data-class='item' data-ftg-source='https:\/\/grupamisyjna.misjonarze.pl\/wp-content\/uploads\/2023\/03\/20230313_121539-768x1024.jpg' src='https:\/\/grupamisyjna.misjonarze.pl\/wp-content\/uploads\/2023\/03\/20230313_121539-768x1024.jpg' width='768' height='1024' \/><span class='icon fa fa-zoom'><\/span><div class='caption-block'><div class='text-wrapper'><span class='title'>20230313_121539<\/span><\/div><\/div><\/a><div class='ftg-social'><\/div><\/div><div  class='tile ftg-preload  '><a title=\"20230313_121156\" data-lightbox='ftg-3131' rel='ftg-3131'  class=' tile-inner  ftg-lightbox' href='https:\/\/grupamisyjna.misjonarze.pl\/wp-content\/uploads\/2023\/03\/20230313_121156-768x1024.jpg' ><img alt='20230313_121156' class='item skip-lazy' data-class='item' data-ftg-source='https:\/\/grupamisyjna.misjonarze.pl\/wp-content\/uploads\/2023\/03\/20230313_121156-768x1024.jpg' src='https:\/\/grupamisyjna.misjonarze.pl\/wp-content\/uploads\/2023\/03\/20230313_121156-768x1024.jpg' width='768' height='1024' \/><span class='icon fa fa-zoom'><\/span><div class='caption-block'><div class='text-wrapper'><span class='title'>20230313_121156<\/span><\/div><\/div><\/a><div class='ftg-social'><\/div><\/div><div  class='tile ftg-preload  '><a title=\"20230313_121459\" data-lightbox='ftg-3131' rel='ftg-3131'  class=' tile-inner  ftg-lightbox' href='https:\/\/grupamisyjna.misjonarze.pl\/wp-content\/uploads\/2023\/03\/20230313_121459-768x1024.jpg' ><img alt='20230313_121459' class='item skip-lazy' data-class='item' data-ftg-source='https:\/\/grupamisyjna.misjonarze.pl\/wp-content\/uploads\/2023\/03\/20230313_121459-768x1024.jpg' src='https:\/\/grupamisyjna.misjonarze.pl\/wp-content\/uploads\/2023\/03\/20230313_121459-768x1024.jpg' width='768' height='1024' \/><span class='icon fa fa-zoom'><\/span><div class='caption-block'><div class='text-wrapper'><span class='title'>20230313_121459<\/span><\/div><\/div><\/a><div class='ftg-social'><\/div><\/div><\/div><\/div>\n<p>&nbsp;<\/p>\n<p>&nbsp;<\/p>\n<p style=\"font-weight: 400; text-align: justify;\"><span style=\"font-family: georgia, palatino, serif; font-size: 14pt;\"><strong>Rekolekcje w parafii Przemienienia Pa\u0144skiego w Sulej\u00f3wku \u2013 Mi\u0142osnej<\/strong><\/span><\/p>\n<p style=\"font-weight: 400; text-align: justify;\"><span style=\"font-family: georgia, palatino, serif; font-size: 14pt;\"> Oto relacja prowadz\u0105cego rekolekcje ks. Andrzeja Gieronia sta\u0142ego wsp\u00f3\u0142pracownika Grupy Misyjnej:<\/span><\/p>\n<p style=\"font-weight: 400; text-align: justify;\"><span style=\"font-family: georgia, palatino, serif; font-size: 14pt;\">Tak by\u0142o. Osiem wyst\u0119p\u00f3w dziennie &#8211; nie ma \u017cart\u00f3w. (\u2026) [Ksi\u0119\u017ca]Dzia\u0142aj\u0105 nie\u017ale. W budynkach parafii maj\u0105 kawiarni\u0119, kino- teatr, przedszkole, ponad 50ciu ministrant\u00f3w, schola, oaza, odnowa, bielanki&#8230; mo\u017cna to znale\u017a\u0107 na ich stronie-\u00a0ale ich robota przynosi owoce: maj\u0105 40% chodz\u0105cych.<\/span><\/p>\n<!-- Final Tiles Grid Gallery for WordPress v3.6.13 free --><style>#ftg-3232 .tile .icon { color:#ffffff; }#ftg-3232 .ftg-items .loading-bar i { background:#666; }#ftg-3232 .ftg-items .loading-bar { background:#fff; }#ftg-3232 .tile .icon { font-size:12px; }#ftg-3232 .tile .icon { margin: -6px 0 0 -6px; }#ftg-3232 .tile .caption-block .text-wrapper span.text { font-size:12px; }#ftg-3232 .tile .caption-outside .text-wrapper span.text { font-size:12px; }#ftg-3232 .tile .caption-block .text-wrapper span.title { font-size:14px; }#ftg-3232 .tile .caption-outside .text-wrapper span.title { font-size:14px; }#ftg-3232 .tile { background-color: transparent; }#ftg-3232 .tile .caption-block .text-wrapper span.text { color: #ffffff; }#ftg-3232 .tile .caption-block .text-wrapper span.title { color: #ffffff; }#ftg-3232 .tile .caption-outside .text-wrapper span.text { color: #ffffff; }#ftg-3232 .tile .caption-outside .text-wrapper span.title { color: #ffffff; }#ftg-3232 .tile .ftg-social a { color: #ffffff; }#ftg-3232 .tile .caption-block { transition-duration:0.25s; }#ftg-3232 .tile .tile-inner:before { background-color: #000000; }#ftg-3232 .tile .tile-inner:before { background-color: rgba(0, 0, 0, 0.8); }#ftg-3232 .tile:hover img {-moz-transform: -moz-rotate(0deg) -moz-scale(0) ;-webkit-transform: -webkit-rotate(0deg) -webkit-scale(0) ;-o-transform: -o-rotate(0deg) -o-scale(0) ;-ms-transform: -ms-rotate(0deg) -ms-scale(0) ;transform: rotate(0deg) scale(0) ;}<\/style><a name=\"32\"><\/a><div class=\"final-tiles-gallery  ftg-hover-enabled caption-inside  caption-none caption-middle caption-center\" id=\"ftg-3232\" style=\"width: 100%\"><div class='ftg-items'><div class='loading-bar'><i><\/i><\/div><div  class='tile ftg-preload  '><a title=\"ZDJECIA_KOSCIOL_2 (1)\" data-lightbox='ftg-3232' rel='ftg-3232'  class=' tile-inner  ftg-lightbox' href='https:\/\/grupamisyjna.misjonarze.pl\/wp-content\/uploads\/2023\/03\/ZDJECIA_KOSCIOL_2-1.jpg' ><img alt='ZDJECIA_KOSCIOL_2 (1)' class='item skip-lazy' data-class='item' data-ftg-source='https:\/\/grupamisyjna.misjonarze.pl\/wp-content\/uploads\/2023\/03\/ZDJECIA_KOSCIOL_2-1.jpg' src='https:\/\/grupamisyjna.misjonarze.pl\/wp-content\/uploads\/2023\/03\/ZDJECIA_KOSCIOL_2-1.jpg' width='765' height='800' \/><div class='caption-block'><div class='text-wrapper'><span class='title'>ZDJECIA_KOSCIOL_2 (1)<\/span><\/div><\/div><\/a><div class='ftg-social'><\/div><\/div><div  class='tile ftg-preload  '><a title=\"6_ZDJECIA_KOSCIOL (1)\" data-lightbox='ftg-3232' rel='ftg-3232'  class=' tile-inner  ftg-lightbox' href='https:\/\/grupamisyjna.misjonarze.pl\/wp-content\/uploads\/2023\/03\/6_ZDJECIA_KOSCIOL-1.jpg' ><img alt='6_ZDJECIA_KOSCIOL (1)' class='item skip-lazy' data-class='item' data-ftg-source='https:\/\/grupamisyjna.misjonarze.pl\/wp-content\/uploads\/2023\/03\/6_ZDJECIA_KOSCIOL-1.jpg' src='https:\/\/grupamisyjna.misjonarze.pl\/wp-content\/uploads\/2023\/03\/6_ZDJECIA_KOSCIOL-1.jpg' width='800' height='566' \/><div class='caption-block'><div class='text-wrapper'><span class='title'>6_ZDJECIA_KOSCIOL (1)<\/span><\/div><\/div><\/a><div class='ftg-social'><\/div><\/div><div  class='tile ftg-preload  '><a title=\"334989978_1866059967092638_1386700516852280606_n\" data-lightbox='ftg-3232' rel='ftg-3232'  class=' tile-inner  ftg-lightbox' href='https:\/\/grupamisyjna.misjonarze.pl\/wp-content\/uploads\/2023\/03\/334989978_1866059967092638_1386700516852280606_n-1024x683.jpg' ><img alt='334989978_1866059967092638_1386700516852280606_n' class='item skip-lazy' data-class='item' data-ftg-source='https:\/\/grupamisyjna.misjonarze.pl\/wp-content\/uploads\/2023\/03\/334989978_1866059967092638_1386700516852280606_n-1024x683.jpg' src='https:\/\/grupamisyjna.misjonarze.pl\/wp-content\/uploads\/2023\/03\/334989978_1866059967092638_1386700516852280606_n-1024x683.jpg' width='1024' height='683' \/><div class='caption-block'><div class='text-wrapper'><span class='title'>334989978_1866059967092638_1386700516852280606_n<\/span><\/div><\/div><\/a><div class='ftg-social'><\/div><\/div><div  class='tile ftg-preload  '><a title=\"335015234_163416886539552_8874766609205893574_n\" data-lightbox='ftg-3232' rel='ftg-3232'  class=' tile-inner  ftg-lightbox' href='https:\/\/grupamisyjna.misjonarze.pl\/wp-content\/uploads\/2023\/03\/335015234_163416886539552_8874766609205893574_n-1024x683.jpg' ><img alt='335015234_163416886539552_8874766609205893574_n' class='item skip-lazy' data-class='item' data-ftg-source='https:\/\/grupamisyjna.misjonarze.pl\/wp-content\/uploads\/2023\/03\/335015234_163416886539552_8874766609205893574_n-1024x683.jpg' src='https:\/\/grupamisyjna.misjonarze.pl\/wp-content\/uploads\/2023\/03\/335015234_163416886539552_8874766609205893574_n-1024x683.jpg' width='1024' height='683' \/><div class='caption-block'><div class='text-wrapper'><span class='title'>335015234_163416886539552_8874766609205893574_n<\/span><\/div><\/div><\/a><div class='ftg-social'><\/div><\/div><\/div><\/div>\n<p>&nbsp;<\/p>\n<p>&nbsp;<\/p>\n<p><strong><span style=\"font-family: georgia, palatino, serif; font-size: 14pt;\">Parafia \u015aw. Wawrzy\u0144ca w Dobrczu &#8211; diecezja bydgoska<\/span><\/strong><\/p>\n<p><span style=\"font-family: georgia, palatino, serif; font-size: 14pt;\">Rekolekcje dla doros\u0142ych i dzieci przeprowadzi\u0142 ks. Zbigniew Knop.<\/span><\/p>\n<p>&nbsp;<\/p>\n<!-- Final Tiles Grid Gallery for WordPress v3.6.13 free --><style>#ftg-3333 .tile .icon { color:#ffffff; }#ftg-3333 .ftg-items .loading-bar i { background:#666; }#ftg-3333 .ftg-items .loading-bar { background:#fff; }#ftg-3333 .tile .icon { font-size:12px; }#ftg-3333 .tile .icon { margin: -6px 0 0 -6px; }#ftg-3333 .tile .caption-block .text-wrapper span.text { font-size:12px; }#ftg-3333 .tile .caption-outside .text-wrapper span.text { font-size:12px; }#ftg-3333 .tile .caption-block .text-wrapper span.title { font-size:14px; }#ftg-3333 .tile .caption-outside .text-wrapper span.title { font-size:14px; }#ftg-3333 .tile { background-color: transparent; }#ftg-3333 .tile .caption-block .text-wrapper span.text { color: #ffffff; }#ftg-3333 .tile .caption-block .text-wrapper span.title { color: #ffffff; }#ftg-3333 .tile .caption-outside .text-wrapper span.text { color: #ffffff; }#ftg-3333 .tile .caption-outside .text-wrapper span.title { color: #ffffff; }#ftg-3333 .tile .ftg-social a { color: #ffffff; }#ftg-3333 .tile .caption-block { transition-timing-function:linear; }#ftg-3333 .tile .caption-block { transition-duration:0.25s; }#ftg-3333 .tile .tile-inner:before { background-color: #000000; }#ftg-3333 .tile .tile-inner:before { background-color: rgba(0, 0, 0, 0.8); }<\/style><a name=\"33\"><\/a><div class=\"final-tiles-gallery  ftg-hover-enabled caption-inside  caption-none caption-middle caption-center\" id=\"ftg-3333\" style=\"width: 100%\"><div class='ftg-items'><div class='loading-bar'><i><\/i><\/div><div  class='tile ftg-preload  '><a title=\"IMG-20230317-WA0004\" data-lightbox='ftg-3333' rel='ftg-3333'  class=' tile-inner  ftg-lightbox' href='https:\/\/grupamisyjna.misjonarze.pl\/wp-content\/uploads\/2023\/03\/IMG-20230317-WA0004-1024x683.jpg' ><img alt='IMG-20230317-WA0004' class='item skip-lazy' data-class='item' data-ftg-source='https:\/\/grupamisyjna.misjonarze.pl\/wp-content\/uploads\/2023\/03\/IMG-20230317-WA0004-1024x683.jpg' src='https:\/\/grupamisyjna.misjonarze.pl\/wp-content\/uploads\/2023\/03\/IMG-20230317-WA0004-1024x683.jpg' width='1024' height='683' \/><span class='icon fa fa-zoom'><\/span><div class='caption-block'><div class='text-wrapper'><span class='title'>IMG-20230317-WA0004<\/span><\/div><\/div><\/a><div class='ftg-social'><\/div><\/div><div  class='tile ftg-preload  '><a title=\"IMG-20230317-WA0005\" data-lightbox='ftg-3333' rel='ftg-3333'  class=' tile-inner  ftg-lightbox' href='https:\/\/grupamisyjna.misjonarze.pl\/wp-content\/uploads\/2023\/03\/IMG-20230317-WA0005-1024x683.jpg' ><img alt='IMG-20230317-WA0005' class='item skip-lazy' data-class='item' data-ftg-source='https:\/\/grupamisyjna.misjonarze.pl\/wp-content\/uploads\/2023\/03\/IMG-20230317-WA0005-1024x683.jpg' src='https:\/\/grupamisyjna.misjonarze.pl\/wp-content\/uploads\/2023\/03\/IMG-20230317-WA0005-1024x683.jpg' width='1024' height='683' \/><span class='icon fa fa-zoom'><\/span><div class='caption-block'><div class='text-wrapper'><span class='title'>IMG-20230317-WA0005<\/span><\/div><\/div><\/a><div class='ftg-social'><\/div><\/div><\/div><\/div>\n<p>&nbsp;<\/p>\n<p>&nbsp;<\/p>\n<p><strong><span style=\"font-family: georgia, palatino, serif; font-size: 14pt;\"><span class=\"m_-3562504331498784662size\">Rekolekcje w\u00a0 parafii pw. <\/span>\u015bw. Judy Tadeusza w Gdyni<\/span><\/strong><\/p>\n<p><span style=\"font-family: georgia, palatino, serif; font-size: 14pt;\"><span class=\"m_-3562504331498784662size\">Rekolekcje w kt\u00f3rych wzi\u0119li udzia\u0142 doro\u015bli odby\u0142y si\u0119 w dniach 12-15 marca. Poprowadzi\u0142 je <\/span>ks. Pawe\u0142 Szyma\u0144ski CM<\/span><\/p>\n<!-- Final Tiles Grid Gallery for WordPress v3.6.13 free --><style>#ftg-3636 .tile .icon { color:#ffffff; }#ftg-3636 .ftg-items .loading-bar i { background:#666; }#ftg-3636 .ftg-items .loading-bar { background:#fff; }#ftg-3636 .tile .icon { font-size:12px; }#ftg-3636 .tile .icon { margin: -6px 0 0 -6px; }#ftg-3636 .tile .caption-block .text-wrapper span.text { font-size:12px; }#ftg-3636 .tile .caption-outside .text-wrapper span.text { font-size:12px; }#ftg-3636 .tile .caption-block .text-wrapper span.title { font-size:14px; }#ftg-3636 .tile .caption-outside .text-wrapper span.title { font-size:14px; }#ftg-3636 .tile { background-color: transparent; }#ftg-3636 .tile .caption-block .text-wrapper span.text { color: #ffffff; }#ftg-3636 .tile .caption-block .text-wrapper span.title { color: #ffffff; }#ftg-3636 .tile .caption-outside .text-wrapper span.text { color: #ffffff; }#ftg-3636 .tile .caption-outside .text-wrapper span.title { color: #ffffff; }#ftg-3636 .tile .ftg-social a { color: #ffffff; }#ftg-3636 .tile .caption-block { transition-duration:0.25s; }#ftg-3636 .tile .tile-inner:before { background-color: #000000; }#ftg-3636 .tile .tile-inner:before { background-color: rgba(0, 0, 0, 0.8); }#ftg-3636 .tile:hover img {-moz-transform: -moz-rotate(0deg) -moz-scale(0) ;-webkit-transform: -webkit-rotate(0deg) -webkit-scale(0) ;-o-transform: -o-rotate(0deg) -o-scale(0) ;-ms-transform: -ms-rotate(0deg) -ms-scale(0) ;transform: rotate(0deg) scale(0) ;}<\/style><a name=\"36\"><\/a><div class=\"final-tiles-gallery  ftg-hover-enabled caption-inside  caption-none caption-middle caption-center\" id=\"ftg-3636\" style=\"width: 100%\"><div class='ftg-items'><div class='loading-bar'><i><\/i><\/div><div  class='tile ftg-preload  '><a title=\"IMG_0824\" data-lightbox='ftg-3636' rel='ftg-3636'  class=' tile-inner  ftg-lightbox' href='https:\/\/grupamisyjna.misjonarze.pl\/wp-content\/uploads\/2023\/03\/IMG_0824-1024x768.jpg' ><img alt='IMG_0824' class='item skip-lazy' data-class='item' data-ftg-source='https:\/\/grupamisyjna.misjonarze.pl\/wp-content\/uploads\/2023\/03\/IMG_0824-1024x768.jpg' src='https:\/\/grupamisyjna.misjonarze.pl\/wp-content\/uploads\/2023\/03\/IMG_0824-1024x768.jpg' width='1024' height='768' \/><div class='caption-block'><div class='text-wrapper'><span class='title'>IMG_0824<\/span><\/div><\/div><\/a><div class='ftg-social'><\/div><\/div><div  class='tile ftg-preload  '><a title=\"IMG_0822\" data-lightbox='ftg-3636' rel='ftg-3636'  class=' tile-inner  ftg-lightbox' href='https:\/\/grupamisyjna.misjonarze.pl\/wp-content\/uploads\/2023\/03\/IMG_0822-937x1024.jpg' ><img alt='IMG_0822' class='item skip-lazy' data-class='item' data-ftg-source='https:\/\/grupamisyjna.misjonarze.pl\/wp-content\/uploads\/2023\/03\/IMG_0822-937x1024.jpg' src='https:\/\/grupamisyjna.misjonarze.pl\/wp-content\/uploads\/2023\/03\/IMG_0822-937x1024.jpg' width='937' height='1024' \/><div class='caption-block'><div class='text-wrapper'><span class='title'>IMG_0822<\/span><\/div><\/div><\/a><div class='ftg-social'><\/div><\/div><div  class='tile ftg-preload  '><a title=\"IMG_0821(1)\" data-lightbox='ftg-3636' rel='ftg-3636'  class=' tile-inner  ftg-lightbox' href='https:\/\/grupamisyjna.misjonarze.pl\/wp-content\/uploads\/2023\/03\/IMG_08211-1024x768.jpg' ><img alt='IMG_0821(1)' class='item skip-lazy' data-class='item' data-ftg-source='https:\/\/grupamisyjna.misjonarze.pl\/wp-content\/uploads\/2023\/03\/IMG_08211-1024x768.jpg' src='https:\/\/grupamisyjna.misjonarze.pl\/wp-content\/uploads\/2023\/03\/IMG_08211-1024x768.jpg' width='1024' height='768' \/><div class='caption-block'><div class='text-wrapper'><span class='title'>IMG_0821(1)<\/span><\/div><\/div><\/a><div class='ftg-social'><\/div><\/div><\/div><\/div>\n<p>&nbsp;<\/p>\n<p>&nbsp;<\/p>\n<p><span style=\"font-family: georgia, palatino, serif;\"><strong>Rekolekcje w\u00a0 parafii pw. Wniebowzi\u0119cia Naj\u015bwi\u0119tszej Maryi Panny<\/strong><\/span><\/p>\n<p><span style=\"font-family: georgia, palatino, serif; font-size: 14pt;\">W parafii podczas rekolekcji zosta\u0142a uroczy\u015bcie zainaugurowana Nowenna ku czci Matki Bo\u017cej Niepokalanej objawiaj\u0105cej<\/span><br \/>\n<span style=\"font-family: georgia, palatino, serif; font-size: 14pt;\">Cudowny Medalik w ramach przygotowania do Jubileuszu 200-lecia Objawie\u0144 w 2030r. Relacja ks. Macieja:<\/span><\/p>\n<p><span style=\"font-family: georgia, palatino, serif;\"><span style=\"font-size: 14pt;\">\u201eNajstarsza wzmianka o ko\u015bciele w Lubecku pochodzi z 1342 roku, o parafii za\u015b \u2013 z roku 1362. Z up\u0142ywem lat filialne \u015bwi\u0105tynie w <\/span><span style=\"font-size: 14pt;\">okolicznych miejscowo\u015bciach uzyskiwa\u0142y status samodzielnych parafii. W sierpniu 1994 roku ko\u015bci\u00f3\u0142 w Lubecku zosta\u0142 ustanowiony <\/span><span style=\"font-size: 14pt;\">pierwszym sanktuarium Maryjnym w nowo utworzonej diecezji gliwickiej. Przeszed\u0142 te\u017c w ostatnich latach gruntown\u0105 renowacj\u0119 z <\/span><span style=\"font-size: 14pt;\">konserwacj\u0105 i zachowaniem oryginalnych fresk\u00f3w w prezbiterium. Obecnie duszpasterze pos\u0142uguj\u0105cy w Lubecku obs\u0142uguj\u0105 ko\u015bci\u00f3\u0142 <\/span><span style=\"font-size: 14pt;\">filialny w Glinicy i mieszka\u0144c\u00f3w miejscowo\u015bci \u2013 Pawe\u0142ki, kt\u00f3rzy ze wzgl\u0119d\u00f3w prawno-proceduralnych nie mog\u0105 p\u00f3ki co korzysta\u0107 z <\/span><span style=\"font-size: 14pt;\">drewnianej kaplicy. Rekolekcje wielkopostne dla parafian i uczni\u00f3w ze szko\u0142y podstawowej organizowane s\u0105 w oddzielnych terminach. <\/span><span style=\"font-size: 14pt;\">Przy parafii dzia\u0142a ciesz\u0105ca si\u0119 popularno\u015bci\u0105 w\u015br\u00f3d m\u0142odzie\u017cy Szko\u0142a Nowej Ewangelizacji\u201d.<\/span><\/span><\/p>\n<p>&nbsp;<\/p>\n<p>&nbsp;<\/p>\n<p style=\"text-align: center;\"><span style=\"font-family: georgia, palatino, serif; font-size: 24pt;\"><strong>IV TYDZIE\u0143 WIELKIEGO POSTU<\/strong><\/span><\/p>\n<p>&nbsp;<\/p>\n<p><strong><span style=\"font-family: georgia, palatino, serif; font-size: 14pt;\">Parafia \u015bw. Katarzyny Aleksandryjskiej w Wo\u017anikach \u015al\u0105skich<\/span><\/strong><\/p>\n<p style=\"text-align: justify;\"><span style=\"font-family: georgia, palatino, serif; font-size: 14pt;\">W dniu 16.03.2023 rozpocz\u0119\u0142y si\u0119 rekolekcje wielkopostne w Wo\u017anikach \u015al\u0105skich, w parafii \u015bw. Katarzyny Aleksandryjskiej. Zgodnie z tutejsz\u0105 tradycj\u0105 zako\u0144czenie mia\u0142o miejsce w uroczysto\u015b\u0107 \u015bw. J\u00f3zefa. Ju\u017c od wielu lat ks. Proboszcz Roman Pilorz zaprasza misjonarzy, aby prowadzili rekolekcje. W Wo\u017anikach by\u0142em po raz pierwszy. Odnios\u0142em bardzo pozytywne wra\u017cenie. Ludzie, kt\u00f3rzy uczestniczyli w rekolekcjach byli zas\u0142uchani w S\u0142owo Bo\u017ce, rozmodleni. W ostatnim dniu rekolekcji mia\u0142a miejsce uroczysta procesja ku czci \u015bw. J\u00f3zefa, drugiego patrona parafii. Ksi\u0119\u017c\u0105 z naszego Zgromadzenia b\u0119d\u0105 w dalszym ci\u0105gu zapraszani do Wo\u017anik na rekolekcje.<\/span><\/p>\n<p style=\"text-align: right;\"><em><span style=\"font-family: georgia, palatino, serif; font-size: 14pt;\">Ks. Krzysztof \u0141ytkowski CM<\/span><\/em><\/p>\n<p>(na zdj.: ks. proboszcz Roman Pilorz z ks. Krzysztofem)<\/p>\n<!-- Final Tiles Grid Gallery for WordPress v3.6.13 free --><style>#ftg-3737 .tile .icon { color:#ffffff; }#ftg-3737 .ftg-items .loading-bar i { background:#666; }#ftg-3737 .ftg-items .loading-bar { background:#fff; }#ftg-3737 .tile .icon { font-size:12px; }#ftg-3737 .tile .icon { margin: -6px 0 0 -6px; }#ftg-3737 .tile .caption-block .text-wrapper span.text { font-size:12px; }#ftg-3737 .tile .caption-outside .text-wrapper span.text { font-size:12px; }#ftg-3737 .tile .caption-block .text-wrapper span.title { font-size:14px; }#ftg-3737 .tile .caption-outside .text-wrapper span.title { font-size:14px; }#ftg-3737 .tile { background-color: transparent; }#ftg-3737 .tile .caption-block .text-wrapper span.text { color: #ffffff; }#ftg-3737 .tile .caption-block .text-wrapper span.title { color: #ffffff; }#ftg-3737 .tile .caption-outside .text-wrapper span.text { color: #ffffff; }#ftg-3737 .tile .caption-outside .text-wrapper span.title { color: #ffffff; }#ftg-3737 .tile .ftg-social a { color: #ffffff; }#ftg-3737 .tile .caption-block { transition-duration:0.25s; }#ftg-3737 .tile .tile-inner:before { background-color: #000000; }#ftg-3737 .tile .tile-inner:before { background-color: rgba(0, 0, 0, 0.8); }#ftg-3737 .tile:hover img {-moz-transform: -moz-rotate(0deg) -moz-scale(0) ;-webkit-transform: -webkit-rotate(0deg) -webkit-scale(0) ;-o-transform: -o-rotate(0deg) -o-scale(0) ;-ms-transform: -ms-rotate(0deg) -ms-scale(0) ;transform: rotate(0deg) scale(0) ;}<\/style><a name=\"37\"><\/a><div class=\"final-tiles-gallery  ftg-hover-enabled caption-inside  caption-none caption-middle caption-center\" id=\"ftg-3737\" style=\"width: 100%\"><div class='ftg-items'><div class='loading-bar'><i><\/i><\/div><div  class='tile ftg-preload  '><a title=\"a1\" data-lightbox='ftg-3737' rel='ftg-3737'  class=' tile-inner  ftg-lightbox' href='https:\/\/grupamisyjna.misjonarze.pl\/wp-content\/uploads\/2023\/03\/a1-1024x768.jpg' ><img alt='a1' class='item skip-lazy' data-class='item' data-ftg-source='https:\/\/grupamisyjna.misjonarze.pl\/wp-content\/uploads\/2023\/03\/a1-1024x768.jpg' src='https:\/\/grupamisyjna.misjonarze.pl\/wp-content\/uploads\/2023\/03\/a1-1024x768.jpg' width='1024' height='768' \/><div class='caption-block'><div class='text-wrapper'><span class='title'>a1<\/span><\/div><\/div><\/a><div class='ftg-social'><\/div><\/div><div  class='tile ftg-preload  '><a title=\"b2\" data-lightbox='ftg-3737' rel='ftg-3737'  class=' tile-inner  ftg-lightbox' href='https:\/\/grupamisyjna.misjonarze.pl\/wp-content\/uploads\/2023\/03\/b2-1024x768.jpg' ><img alt='b2' class='item skip-lazy' data-class='item' data-ftg-source='https:\/\/grupamisyjna.misjonarze.pl\/wp-content\/uploads\/2023\/03\/b2-1024x768.jpg' src='https:\/\/grupamisyjna.misjonarze.pl\/wp-content\/uploads\/2023\/03\/b2-1024x768.jpg' width='1024' height='768' \/><div class='caption-block'><div class='text-wrapper'><span class='title'>b2<\/span><\/div><\/div><\/a><div class='ftg-social'><\/div><\/div><div  class='tile ftg-preload  '><a title=\"c3\" data-lightbox='ftg-3737' rel='ftg-3737'  class=' tile-inner  ftg-lightbox' href='https:\/\/grupamisyjna.misjonarze.pl\/wp-content\/uploads\/2023\/03\/c3-768x1024.jpg' ><img alt='c3' class='item skip-lazy' data-class='item' data-ftg-source='https:\/\/grupamisyjna.misjonarze.pl\/wp-content\/uploads\/2023\/03\/c3-768x1024.jpg' src='https:\/\/grupamisyjna.misjonarze.pl\/wp-content\/uploads\/2023\/03\/c3-768x1024.jpg' width='768' height='1024' \/><div class='caption-block'><div class='text-wrapper'><span class='title'>c3<\/span><\/div><\/div><\/a><div class='ftg-social'><\/div><\/div><div  class='tile ftg-preload  '><a title=\"IMG-20230320-WA0000\" data-lightbox='ftg-3737' rel='ftg-3737'  class=' tile-inner  ftg-lightbox' href='https:\/\/grupamisyjna.misjonarze.pl\/wp-content\/uploads\/2023\/03\/IMG-20230320-WA0000-768x1024.jpg' ><img alt='IMG-20230320-WA0000' class='item skip-lazy' data-class='item' data-ftg-source='https:\/\/grupamisyjna.misjonarze.pl\/wp-content\/uploads\/2023\/03\/IMG-20230320-WA0000-768x1024.jpg' src='https:\/\/grupamisyjna.misjonarze.pl\/wp-content\/uploads\/2023\/03\/IMG-20230320-WA0000-768x1024.jpg' width='768' height='1024' \/><div class='caption-block'><div class='text-wrapper'><span class='title'>IMG-20230320-WA0000<\/span><\/div><\/div><\/a><div class='ftg-social'><\/div><\/div><div  class='tile ftg-preload  '><a title=\"IMG-20230320-WA0005\" data-lightbox='ftg-3737' rel='ftg-3737'  class=' tile-inner  ftg-lightbox' href='https:\/\/grupamisyjna.misjonarze.pl\/wp-content\/uploads\/2023\/03\/IMG-20230320-WA0005-768x1024.jpg' ><img alt='IMG-20230320-WA0005' class='item skip-lazy' data-class='item' data-ftg-source='https:\/\/grupamisyjna.misjonarze.pl\/wp-content\/uploads\/2023\/03\/IMG-20230320-WA0005-768x1024.jpg' src='https:\/\/grupamisyjna.misjonarze.pl\/wp-content\/uploads\/2023\/03\/IMG-20230320-WA0005-768x1024.jpg' width='768' height='1024' \/><div class='caption-block'><div class='text-wrapper'><span class='title'>IMG-20230320-WA0005<\/span><\/div><\/div><\/a><div class='ftg-social'><\/div><\/div><div  class='tile ftg-preload  '><a title=\"IMG-20230320-WA0007\" data-lightbox='ftg-3737' rel='ftg-3737'  class=' tile-inner  ftg-lightbox' href='https:\/\/grupamisyjna.misjonarze.pl\/wp-content\/uploads\/2023\/03\/IMG-20230320-WA0007-768x1024.jpg' ><img alt='IMG-20230320-WA0007' class='item skip-lazy' data-class='item' data-ftg-source='https:\/\/grupamisyjna.misjonarze.pl\/wp-content\/uploads\/2023\/03\/IMG-20230320-WA0007-768x1024.jpg' src='https:\/\/grupamisyjna.misjonarze.pl\/wp-content\/uploads\/2023\/03\/IMG-20230320-WA0007-768x1024.jpg' width='768' height='1024' \/><div class='caption-block'><div class='text-wrapper'><span class='title'>IMG-20230320-WA0007<\/span><\/div><\/div><\/a><div class='ftg-social'><\/div><\/div><div  class='tile ftg-preload  '><a title=\"IMG-20230320-WA0002\" data-lightbox='ftg-3737' rel='ftg-3737'  class=' tile-inner  ftg-lightbox' href='https:\/\/grupamisyjna.misjonarze.pl\/wp-content\/uploads\/2023\/03\/IMG-20230320-WA0002-768x1024.jpg' ><img alt='IMG-20230320-WA0002' class='item skip-lazy' data-class='item' data-ftg-source='https:\/\/grupamisyjna.misjonarze.pl\/wp-content\/uploads\/2023\/03\/IMG-20230320-WA0002-768x1024.jpg' src='https:\/\/grupamisyjna.misjonarze.pl\/wp-content\/uploads\/2023\/03\/IMG-20230320-WA0002-768x1024.jpg' width='768' height='1024' \/><div class='caption-block'><div class='text-wrapper'><span class='title'>IMG-20230320-WA0002<\/span><\/div><\/div><\/a><div class='ftg-social'><\/div><\/div><\/div><\/div>\n<p>&nbsp;<\/p>\n<p><strong><span style=\"font-family: georgia, palatino, serif; font-size: 14pt;\">Parafia pw. Narodzenia Naj\u015bwi\u0119tszej Maryi Panny <\/span><span style=\"font-family: georgia, palatino, serif; font-size: 14pt;\">w Sanoku &#8211; D\u0105br\u00f3wce<\/span><\/strong><\/p>\n<div style=\"text-align: justify;\"><span style=\"font-family: georgia, palatino, serif; font-size: 14pt;\">W czwartym tygodniu Wielkiego Postu rekolekcje w parafii pw. Narodzenia Naj\u015bwi\u0119tszej Maryi Panny <\/span><span style=\"font-family: georgia, palatino, serif; font-size: 14pt;\">w Sanoku &#8211; D\u0105br\u00f3wce prowadzi\u0142 ks. Wojciech Koz\u0142owski CM. <\/span><span style=\"font-family: georgia, palatino, serif; font-size: 14pt;\">Nauki rekolekcyjne by\u0142y g\u0142oszone w ko\u015bciele parafialnym oraz w dw\u00f3ch ko\u015bcio\u0142ach filialnych. <\/span><span style=\"font-family: georgia, palatino, serif; font-size: 14pt;\">W ko\u015bciele pw. Mi\u0142osierdzia Bo\u017cego w Sanoczku oraz w ko\u015bciele pw. \u015bw. Antoniego z Padwy w Czerte\u017cu. <\/span><span style=\"font-family: georgia, palatino, serif; font-size: 14pt;\">Na wieczornych nabo\u017ce\u0144stwach maryjnych z Apelem Jasnog\u00f3rskim w ko\u015bciele w Sanoku<\/span><\/div>\n<div style=\"text-align: justify;\"><span style=\"font-family: georgia, palatino, serif; font-size: 14pt;\">gromadzi\u0142o si\u0119 wielu wiernych.<\/span><\/div>\n<p>&nbsp;<\/p>\n<!-- Final Tiles Grid Gallery for WordPress v3.6.13 free --><style>#ftg-3838 .tile .icon { color:#ffffff; }#ftg-3838 .ftg-items .loading-bar i { background:#666; }#ftg-3838 .ftg-items .loading-bar { background:#fff; }#ftg-3838 .tile .icon { font-size:12px; }#ftg-3838 .tile .icon { margin: -6px 0 0 -6px; }#ftg-3838 .tile .caption-block .text-wrapper span.text { font-size:12px; }#ftg-3838 .tile .caption-outside .text-wrapper span.text { font-size:12px; }#ftg-3838 .tile .caption-block .text-wrapper span.title { font-size:14px; }#ftg-3838 .tile .caption-outside .text-wrapper span.title { font-size:14px; }#ftg-3838 .tile { background-color: transparent; }#ftg-3838 .tile .caption-block .text-wrapper span.text { color: #ffffff; }#ftg-3838 .tile .caption-block .text-wrapper span.title { color: #ffffff; }#ftg-3838 .tile .caption-outside .text-wrapper span.text { color: #ffffff; }#ftg-3838 .tile .caption-outside .text-wrapper span.title { color: #ffffff; }#ftg-3838 .tile .ftg-social a { color: #ffffff; }#ftg-3838 .tile .caption-block { transition-timing-function:linear; }#ftg-3838 .tile .caption-block { transition-duration:0.25s; }#ftg-3838 .tile .tile-inner:before { background-color: #000000; }#ftg-3838 .tile .tile-inner:before { background-color: rgba(0, 0, 0, 0.8); }<\/style><a name=\"38\"><\/a><div class=\"final-tiles-gallery  ftg-hover-enabled caption-inside  caption-none caption-middle caption-center\" id=\"ftg-3838\" style=\"width: 100%\"><div class='ftg-items'><div class='loading-bar'><i><\/i><\/div><div  class='tile ftg-preload  '><a title=\"2\" data-lightbox='ftg-3838' rel='ftg-3838'  class=' tile-inner  ftg-lightbox' href='https:\/\/grupamisyjna.misjonarze.pl\/wp-content\/uploads\/2023\/03\/2-768x1024.jpg' ><img alt='2' class='item skip-lazy' data-class='item' data-ftg-source='https:\/\/grupamisyjna.misjonarze.pl\/wp-content\/uploads\/2023\/03\/2-768x1024.jpg' src='https:\/\/grupamisyjna.misjonarze.pl\/wp-content\/uploads\/2023\/03\/2-768x1024.jpg' width='768' height='1024' \/><span class='icon fa fa-zoom'><\/span><div class='caption-block'><div class='text-wrapper'><span class='title'>2<\/span><\/div><\/div><\/a><div class='ftg-social'><\/div><\/div><div  class='tile ftg-preload  '><a title=\"1\" data-lightbox='ftg-3838' rel='ftg-3838'  class=' tile-inner  ftg-lightbox' href='https:\/\/grupamisyjna.misjonarze.pl\/wp-content\/uploads\/2023\/03\/1-768x1024.jpg' ><img alt='1' class='item skip-lazy' data-class='item' data-ftg-source='https:\/\/grupamisyjna.misjonarze.pl\/wp-content\/uploads\/2023\/03\/1-768x1024.jpg' src='https:\/\/grupamisyjna.misjonarze.pl\/wp-content\/uploads\/2023\/03\/1-768x1024.jpg' width='768' height='1024' \/><span class='icon fa fa-zoom'><\/span><div class='caption-block'><div class='text-wrapper'><span class='title'>1<\/span><\/div><\/div><\/a><div class='ftg-social'><\/div><\/div><div  class='tile ftg-preload  '><a title=\"4\" data-lightbox='ftg-3838' rel='ftg-3838'  class=' tile-inner  ftg-lightbox' href='https:\/\/grupamisyjna.misjonarze.pl\/wp-content\/uploads\/2023\/03\/4-768x1024.jpg' ><img alt='4' class='item skip-lazy' data-class='item' data-ftg-source='https:\/\/grupamisyjna.misjonarze.pl\/wp-content\/uploads\/2023\/03\/4-768x1024.jpg' src='https:\/\/grupamisyjna.misjonarze.pl\/wp-content\/uploads\/2023\/03\/4-768x1024.jpg' width='768' height='1024' \/><span class='icon fa fa-zoom'><\/span><div class='caption-block'><div class='text-wrapper'><span class='title'>4<\/span><\/div><\/div><\/a><div class='ftg-social'><\/div><\/div><div  class='tile ftg-preload  '><a title=\"3\" data-lightbox='ftg-3838' rel='ftg-3838'  class=' tile-inner  ftg-lightbox' href='https:\/\/grupamisyjna.misjonarze.pl\/wp-content\/uploads\/2023\/03\/3-768x1024.jpg' ><img alt='3' class='item skip-lazy' data-class='item' data-ftg-source='https:\/\/grupamisyjna.misjonarze.pl\/wp-content\/uploads\/2023\/03\/3-768x1024.jpg' src='https:\/\/grupamisyjna.misjonarze.pl\/wp-content\/uploads\/2023\/03\/3-768x1024.jpg' width='768' height='1024' \/><span class='icon fa fa-zoom'><\/span><div class='caption-block'><div class='text-wrapper'><span class='title'>3<\/span><\/div><\/div><\/a><div class='ftg-social'><\/div><\/div><div  class='tile ftg-preload  '><a title=\"5\" data-lightbox='ftg-3838' rel='ftg-3838'  class=' tile-inner  ftg-lightbox' href='https:\/\/grupamisyjna.misjonarze.pl\/wp-content\/uploads\/2023\/03\/5-768x1024.jpg' ><img alt='5' class='item skip-lazy' data-class='item' data-ftg-source='https:\/\/grupamisyjna.misjonarze.pl\/wp-content\/uploads\/2023\/03\/5-768x1024.jpg' src='https:\/\/grupamisyjna.misjonarze.pl\/wp-content\/uploads\/2023\/03\/5-768x1024.jpg' width='768' height='1024' \/><span class='icon fa fa-zoom'><\/span><div class='caption-block'><div class='text-wrapper'><span class='title'>5<\/span><\/div><\/div><\/a><div class='ftg-social'><\/div><\/div><div  class='tile ftg-preload  '><a title=\"6\" data-lightbox='ftg-3838' rel='ftg-3838'  class=' tile-inner  ftg-lightbox' href='https:\/\/grupamisyjna.misjonarze.pl\/wp-content\/uploads\/2023\/03\/6-768x1024.jpg' ><img alt='6' class='item skip-lazy' data-class='item' data-ftg-source='https:\/\/grupamisyjna.misjonarze.pl\/wp-content\/uploads\/2023\/03\/6-768x1024.jpg' src='https:\/\/grupamisyjna.misjonarze.pl\/wp-content\/uploads\/2023\/03\/6-768x1024.jpg' width='768' height='1024' \/><span class='icon fa fa-zoom'><\/span><div class='caption-block'><div class='text-wrapper'><span class='title'>6<\/span><\/div><\/div><\/a><div class='ftg-social'><\/div><\/div><\/div><\/div>\n<p>&nbsp;<\/p>\n<p>&nbsp;<\/p>\n<p style=\"text-align: justify;\"><strong><span style=\"font-family: georgia, palatino, serif; font-size: 14pt;\">Parafia Niepokalanego Pocz\u0119cia NMP w Bydgoszczy<\/span><\/strong><\/p>\n<p style=\"text-align: justify;\"><span style=\"font-family: georgia, palatino, serif; font-size: 14pt;\">Od wielu lat ksi\u0119\u017ca misjonarze prowadz\u0105 rekolekcje wielkopostne w parafii Niepokalanego Pocz\u0119cia NMP w Bydgoszczy. W tym roku prowadz\u0105cym by\u0142 ks. Zbigniew Knop CM.<\/span><\/p>\n<!-- Final Tiles Grid Gallery for WordPress v3.6.13 free --><style>#ftg-3939 .tile .icon { color:#ffffff; }#ftg-3939 .ftg-items .loading-bar i { background:#666; }#ftg-3939 .ftg-items .loading-bar { background:#fff; }#ftg-3939 .tile .icon { font-size:12px; }#ftg-3939 .tile .icon { margin: -6px 0 0 -6px; }#ftg-3939 .tile .caption-block .text-wrapper span.text { font-size:12px; }#ftg-3939 .tile .caption-outside .text-wrapper span.text { font-size:12px; }#ftg-3939 .tile .caption-block .text-wrapper span.title { font-size:14px; }#ftg-3939 .tile .caption-outside .text-wrapper span.title { font-size:14px; }#ftg-3939 .tile { background-color: transparent; }#ftg-3939 .tile .caption-block .text-wrapper span.text { color: #ffffff; }#ftg-3939 .tile .caption-block .text-wrapper span.title { color: #ffffff; }#ftg-3939 .tile .caption-outside .text-wrapper span.text { color: #ffffff; }#ftg-3939 .tile .caption-outside .text-wrapper span.title { color: #ffffff; }#ftg-3939 .tile .ftg-social a { color: #ffffff; }#ftg-3939 .tile .caption-block { transition-timing-function:linear; }#ftg-3939 .tile .caption-block { transition-duration:0.25s; }#ftg-3939 .tile .tile-inner:before { background-color: #000000; }#ftg-3939 .tile .tile-inner:before { background-color: rgba(0, 0, 0, 0.8); }<\/style><a name=\"39\"><\/a><div class=\"final-tiles-gallery  ftg-hover-enabled caption-inside  caption-none caption-middle caption-center\" id=\"ftg-3939\" style=\"width: 100%\"><div class='ftg-items'><div class='loading-bar'><i><\/i><\/div><div  class='tile ftg-preload  '><a title=\"IMG-20230324-WA0006\" data-lightbox='ftg-3939' rel='ftg-3939'  class=' tile-inner  ftg-lightbox' href='https:\/\/grupamisyjna.misjonarze.pl\/wp-content\/uploads\/2023\/03\/IMG-20230324-WA0006-768x1024.jpg' ><img alt='IMG-20230324-WA0006' class='item skip-lazy' data-class='item' data-ftg-source='https:\/\/grupamisyjna.misjonarze.pl\/wp-content\/uploads\/2023\/03\/IMG-20230324-WA0006-768x1024.jpg' src='https:\/\/grupamisyjna.misjonarze.pl\/wp-content\/uploads\/2023\/03\/IMG-20230324-WA0006-768x1024.jpg' width='768' height='1024' \/><span class='icon fa fa-zoom'><\/span><div class='caption-block'><div class='text-wrapper'><span class='title'>IMG-20230324-WA0006<\/span><\/div><\/div><\/a><div class='ftg-social'><\/div><\/div><div  class='tile ftg-preload  '><a title=\"IMG-20230324-WA0007\" data-lightbox='ftg-3939' rel='ftg-3939'  class=' tile-inner  ftg-lightbox' href='https:\/\/grupamisyjna.misjonarze.pl\/wp-content\/uploads\/2023\/03\/IMG-20230324-WA0007-768x1024.jpg' ><img alt='IMG-20230324-WA0007' class='item skip-lazy' data-class='item' data-ftg-source='https:\/\/grupamisyjna.misjonarze.pl\/wp-content\/uploads\/2023\/03\/IMG-20230324-WA0007-768x1024.jpg' src='https:\/\/grupamisyjna.misjonarze.pl\/wp-content\/uploads\/2023\/03\/IMG-20230324-WA0007-768x1024.jpg' width='768' height='1024' \/><span class='icon fa fa-zoom'><\/span><div class='caption-block'><div class='text-wrapper'><span class='title'>IMG-20230324-WA0007<\/span><\/div><\/div><\/a><div class='ftg-social'><\/div><\/div><\/div><\/div>\n<p>&nbsp;<\/p>\n<p>&nbsp;<\/p>\n<p style=\"text-align: justify;\"><strong><span style=\"font-family: georgia, palatino, serif; font-size: 14pt;\">Rekolekcje w Wi\u0119cborku<\/span><\/strong><\/p>\n<p style=\"text-align: justify;\"><span style=\"font-family: georgia, palatino, serif; font-size: 14pt;\">W dniach 19 &#8211; 24 marca g\u0142osi\u0142em rekolekcje wielkopostne &#8211; parafialne i szkolne &#8211; w Wi\u0119cborku. Jest to sze\u015bciotysi\u0119czne miasteczko po\u0142o\u017cone w centrum regionu zwanego Krajn\u0105. Rekolekcje by\u0142y bardzo intensywne: opr\u00f3cz nauk w ko\u015bciele parafialnym je\u017adzi\u0142em tez po okolicznych szko\u0142ach, tak w mie\u015bcie, jak i okolicznych wioskach. Ta w\u015br\u00f3d doros\u0142ych, jak i dzieci, spotyka\u0142em si\u0119 z \u017cyw\u0105 wiar\u0105 i szczer\u0105 \u017cyczliwo\u015bci\u0105, za co Bogu niech b\u0119d\u0105 dzi\u0119ki.<\/span><\/p>\n<p style=\"text-align: right;\"><em><span style=\"font-family: georgia, palatino, serif; font-size: 14pt;\">Ks. \u0141ukasz Olszewski CM<\/span><\/em><\/p>\n<p>&nbsp;<\/p>\n<!-- Final Tiles Grid Gallery for WordPress v3.6.13 free --><style>#ftg-4040 .tile .icon { color:#ffffff; }#ftg-4040 .ftg-items .loading-bar i { background:#666; }#ftg-4040 .ftg-items .loading-bar { background:#fff; }#ftg-4040 .tile .icon { font-size:12px; }#ftg-4040 .tile .icon { margin: -6px 0 0 -6px; }#ftg-4040 .tile .caption-block .text-wrapper span.text { font-size:12px; }#ftg-4040 .tile .caption-outside .text-wrapper span.text { font-size:12px; }#ftg-4040 .tile .caption-block .text-wrapper span.title { font-size:14px; }#ftg-4040 .tile .caption-outside .text-wrapper span.title { font-size:14px; }#ftg-4040 .tile { background-color: transparent; }#ftg-4040 .tile .caption-block .text-wrapper span.text { color: #ffffff; }#ftg-4040 .tile .caption-block .text-wrapper span.title { color: #ffffff; }#ftg-4040 .tile .caption-outside .text-wrapper span.text { color: #ffffff; }#ftg-4040 .tile .caption-outside .text-wrapper span.title { color: #ffffff; }#ftg-4040 .tile .ftg-social a { color: #ffffff; }#ftg-4040 .tile .caption-block { transition-timing-function:linear; }#ftg-4040 .tile .caption-block { transition-duration:0.25s; }#ftg-4040 .tile .tile-inner:before { background-color: #000000; }#ftg-4040 .tile .tile-inner:before { background-color: rgba(0, 0, 0, 0.8); }<\/style><a name=\"40\"><\/a><div class=\"final-tiles-gallery  ftg-hover-enabled caption-inside  caption-none caption-middle caption-center\" id=\"ftg-4040\" style=\"width: 100%\"><div class='ftg-items'><div class='loading-bar'><i><\/i><\/div><div  class='tile ftg-preload  '><a title=\"IMG-20230324-WA0000\" data-lightbox='ftg-4040' rel='ftg-4040'  class=' tile-inner  ftg-lightbox' href='https:\/\/grupamisyjna.misjonarze.pl\/wp-content\/uploads\/2023\/03\/IMG-20230324-WA0000-768x1024.jpg' ><img alt='IMG-20230324-WA0000' class='item skip-lazy' data-class='item' data-ftg-source='https:\/\/grupamisyjna.misjonarze.pl\/wp-content\/uploads\/2023\/03\/IMG-20230324-WA0000-768x1024.jpg' src='https:\/\/grupamisyjna.misjonarze.pl\/wp-content\/uploads\/2023\/03\/IMG-20230324-WA0000-768x1024.jpg' width='768' height='1024' \/><span class='icon fa fa-zoom'><\/span><div class='caption-block'><div class='text-wrapper'><span class='title'>IMG-20230324-WA0000<\/span><\/div><\/div><\/a><div class='ftg-social'><\/div><\/div><div  class='tile ftg-preload  '><a title=\"IMG-20230324-WA0003\" data-lightbox='ftg-4040' rel='ftg-4040'  class=' tile-inner  ftg-lightbox' href='https:\/\/grupamisyjna.misjonarze.pl\/wp-content\/uploads\/2023\/03\/IMG-20230324-WA0003-768x1024.jpg' ><img alt='IMG-20230324-WA0003' class='item skip-lazy' data-class='item' data-ftg-source='https:\/\/grupamisyjna.misjonarze.pl\/wp-content\/uploads\/2023\/03\/IMG-20230324-WA0003-768x1024.jpg' src='https:\/\/grupamisyjna.misjonarze.pl\/wp-content\/uploads\/2023\/03\/IMG-20230324-WA0003-768x1024.jpg' width='768' height='1024' \/><span class='icon fa fa-zoom'><\/span><div class='caption-block'><div class='text-wrapper'><span class='title'>IMG-20230324-WA0003<\/span><\/div><\/div><\/a><div class='ftg-social'><\/div><\/div><div  class='tile ftg-preload  '><a title=\"IMG-20230324-WA0002\" data-lightbox='ftg-4040' rel='ftg-4040'  class=' tile-inner  ftg-lightbox' href='https:\/\/grupamisyjna.misjonarze.pl\/wp-content\/uploads\/2023\/03\/IMG-20230324-WA0002-768x1024.jpg' ><img alt='IMG-20230324-WA0002' class='item skip-lazy' data-class='item' data-ftg-source='https:\/\/grupamisyjna.misjonarze.pl\/wp-content\/uploads\/2023\/03\/IMG-20230324-WA0002-768x1024.jpg' src='https:\/\/grupamisyjna.misjonarze.pl\/wp-content\/uploads\/2023\/03\/IMG-20230324-WA0002-768x1024.jpg' width='768' height='1024' \/><span class='icon fa fa-zoom'><\/span><div class='caption-block'><div class='text-wrapper'><span class='title'>IMG-20230324-WA0002<\/span><\/div><\/div><\/a><div class='ftg-social'><\/div><\/div><\/div><\/div>\n<p>&nbsp;<\/p>\n<p><strong><span style=\"font-family: georgia, palatino, serif; font-size: 14pt;\">Parafia pw. Narodzenia Jana Chrzciciela &#8211; Red\u0142o<\/span><\/strong><\/p>\n<p><span style=\"font-family: georgia, palatino, serif; font-size: 14pt;\">Rekolekcje dla doros\u0142ych i dzieci prowadzi\u0142 ks. Pawe\u0142 Szyma\u0144ski CM<\/span><\/p>\n<p>&nbsp;<\/p>\n<!-- Final Tiles Grid Gallery for WordPress v3.6.13 free --><style>#ftg-4141 .tile .icon { color:#ffffff; }#ftg-4141 .ftg-items .loading-bar i { background:#666; }#ftg-4141 .ftg-items .loading-bar { background:#fff; }#ftg-4141 .tile .icon { font-size:12px; }#ftg-4141 .tile .icon { margin: -6px 0 0 -6px; }#ftg-4141 .tile .caption-block .text-wrapper span.text { font-size:12px; }#ftg-4141 .tile .caption-outside .text-wrapper span.text { font-size:12px; }#ftg-4141 .tile .caption-block .text-wrapper span.title { font-size:14px; }#ftg-4141 .tile .caption-outside .text-wrapper span.title { font-size:14px; }#ftg-4141 .tile { background-color: transparent; }#ftg-4141 .tile .caption-block .text-wrapper span.text { color: #ffffff; }#ftg-4141 .tile .caption-block .text-wrapper span.title { color: #ffffff; }#ftg-4141 .tile .caption-outside .text-wrapper span.text { color: #ffffff; }#ftg-4141 .tile .caption-outside .text-wrapper span.title { color: #ffffff; }#ftg-4141 .tile .ftg-social a { color: #ffffff; }#ftg-4141 .tile .caption-block { transition-duration:0.25s; }#ftg-4141 .tile .tile-inner:before { background-color: #000000; }#ftg-4141 .tile .tile-inner:before { background-color: rgba(0, 0, 0, 0.8); }#ftg-4141 .tile:hover img {-moz-transform: -moz-rotate(0deg) -moz-scale(0) ;-webkit-transform: -webkit-rotate(0deg) -webkit-scale(0) ;-o-transform: -o-rotate(0deg) -o-scale(0) ;-ms-transform: -ms-rotate(0deg) -ms-scale(0) ;transform: rotate(0deg) scale(0) ;}<\/style><a name=\"41\"><\/a><div class=\"final-tiles-gallery  ftg-hover-enabled caption-inside  caption-none caption-middle caption-center\" id=\"ftg-4141\" style=\"width: 100%\"><div class='ftg-items'><div class='loading-bar'><i><\/i><\/div><div  class='tile ftg-preload  '><a title=\"Red\u0142o-3\" data-lightbox='ftg-4141' rel='ftg-4141'  class=' tile-inner  ftg-lightbox' href='https:\/\/grupamisyjna.misjonarze.pl\/wp-content\/uploads\/2023\/03\/Redlo-3-1024x768.jpg' ><img alt='Red\u0142o-3' class='item skip-lazy' data-class='item' data-ftg-source='https:\/\/grupamisyjna.misjonarze.pl\/wp-content\/uploads\/2023\/03\/Redlo-3-1024x768.jpg' src='https:\/\/grupamisyjna.misjonarze.pl\/wp-content\/uploads\/2023\/03\/Redlo-3-1024x768.jpg' width='1024' height='768' \/><div class='caption-block'><div class='text-wrapper'><span class='title'>Red\u0142o-3<\/span><\/div><\/div><\/a><div class='ftg-social'><\/div><\/div><div  class='tile ftg-preload  '><a title=\"Red\u0142o-1\" data-lightbox='ftg-4141' rel='ftg-4141'  class=' tile-inner  ftg-lightbox' href='https:\/\/grupamisyjna.misjonarze.pl\/wp-content\/uploads\/2023\/03\/Redlo-1-1024x768.jpg' ><img alt='Red\u0142o-1' class='item skip-lazy' data-class='item' data-ftg-source='https:\/\/grupamisyjna.misjonarze.pl\/wp-content\/uploads\/2023\/03\/Redlo-1-1024x768.jpg' src='https:\/\/grupamisyjna.misjonarze.pl\/wp-content\/uploads\/2023\/03\/Redlo-1-1024x768.jpg' width='1024' height='768' \/><div class='caption-block'><div class='text-wrapper'><span class='title'>Red\u0142o-1<\/span><\/div><\/div><\/a><div class='ftg-social'><\/div><\/div><\/div><\/div>\n<p>&nbsp;<\/p>\n<p><strong><span style=\"font-family: georgia, palatino, serif; font-size: 14pt;\">Parafia Wniebowzi\u0119cia NMP w Kcyni <\/span><\/strong><\/p>\n<p><span style=\"font-family: georgia, palatino, serif; font-size: 14pt;\">Rekolekcje przeprowadzi\u0142 ks. Krzysztof Dura CM.<\/span><\/p>\n<!-- Final Tiles Grid Gallery for WordPress v3.6.13 free --><style>#ftg-4444 .tile .icon { color:#ffffff; }#ftg-4444 .ftg-items .loading-bar i { background:#666; }#ftg-4444 .ftg-items .loading-bar { background:#fff; }#ftg-4444 .tile .icon { font-size:12px; }#ftg-4444 .tile .icon { margin: -6px 0 0 -6px; }#ftg-4444 .tile .caption-block .text-wrapper span.text { font-size:12px; }#ftg-4444 .tile .caption-outside .text-wrapper span.text { font-size:12px; }#ftg-4444 .tile .caption-block .text-wrapper span.title { font-size:14px; }#ftg-4444 .tile .caption-outside .text-wrapper span.title { font-size:14px; }#ftg-4444 .tile { background-color: transparent; }#ftg-4444 .tile .caption-block .text-wrapper span.text { color: #ffffff; }#ftg-4444 .tile .caption-block .text-wrapper span.title { color: #ffffff; }#ftg-4444 .tile .caption-outside .text-wrapper span.text { color: #ffffff; }#ftg-4444 .tile .caption-outside .text-wrapper span.title { color: #ffffff; }#ftg-4444 .tile .ftg-social a { color: #ffffff; }#ftg-4444 .tile .caption-block { transition-timing-function:linear; }#ftg-4444 .tile .caption-block { transition-duration:0.25s; }#ftg-4444 .tile .tile-inner:before { background-color: #000000; }#ftg-4444 .tile .tile-inner:before { background-color: rgba(0, 0, 0, 0.8); }<\/style><a name=\"44\"><\/a><div class=\"final-tiles-gallery  ftg-hover-enabled caption-inside  caption-none caption-middle caption-center\" id=\"ftg-4444\" style=\"width: 100%\"><div class='ftg-items'><div class='loading-bar'><i><\/i><\/div><div  class='tile ftg-preload  '><a title=\"IMG-20230328-WA0013\" data-lightbox='ftg-4444' rel='ftg-4444'  class=' tile-inner  ftg-lightbox' href='https:\/\/grupamisyjna.misjonarze.pl\/wp-content\/uploads\/2023\/03\/IMG-20230328-WA0013-768x1024.jpg' ><img alt='IMG-20230328-WA0013' class='item skip-lazy' data-class='item' data-ftg-source='https:\/\/grupamisyjna.misjonarze.pl\/wp-content\/uploads\/2023\/03\/IMG-20230328-WA0013-768x1024.jpg' src='https:\/\/grupamisyjna.misjonarze.pl\/wp-content\/uploads\/2023\/03\/IMG-20230328-WA0013-768x1024.jpg' width='768' height='1024' \/><span class='icon fa fa-zoom'><\/span><div class='caption-block'><div class='text-wrapper'><span class='title'>IMG-20230328-WA0013<\/span><\/div><\/div><\/a><div class='ftg-social'><\/div><\/div><div  class='tile ftg-preload  '><a title=\"IMG-20230328-WA0010\" data-lightbox='ftg-4444' rel='ftg-4444'  class=' tile-inner  ftg-lightbox' href='https:\/\/grupamisyjna.misjonarze.pl\/wp-content\/uploads\/2023\/03\/IMG-20230328-WA0010-1024x768.jpg' ><img alt='IMG-20230328-WA0010' class='item skip-lazy' data-class='item' data-ftg-source='https:\/\/grupamisyjna.misjonarze.pl\/wp-content\/uploads\/2023\/03\/IMG-20230328-WA0010-1024x768.jpg' src='https:\/\/grupamisyjna.misjonarze.pl\/wp-content\/uploads\/2023\/03\/IMG-20230328-WA0010-1024x768.jpg' width='1024' height='768' \/><span class='icon fa fa-zoom'><\/span><div class='caption-block'><div class='text-wrapper'><span class='title'>IMG-20230328-WA0010<\/span><\/div><\/div><\/a><div class='ftg-social'><\/div><\/div><div  class='tile ftg-preload  '><a title=\"IMG-20230328-WA0009\" data-lightbox='ftg-4444' rel='ftg-4444'  class=' tile-inner  ftg-lightbox' href='https:\/\/grupamisyjna.misjonarze.pl\/wp-content\/uploads\/2023\/03\/IMG-20230328-WA0009-1024x768.jpg' ><img alt='IMG-20230328-WA0009' class='item skip-lazy' data-class='item' data-ftg-source='https:\/\/grupamisyjna.misjonarze.pl\/wp-content\/uploads\/2023\/03\/IMG-20230328-WA0009-1024x768.jpg' src='https:\/\/grupamisyjna.misjonarze.pl\/wp-content\/uploads\/2023\/03\/IMG-20230328-WA0009-1024x768.jpg' width='1024' height='768' \/><span class='icon fa fa-zoom'><\/span><div class='caption-block'><div class='text-wrapper'><span class='title'>IMG-20230328-WA0009<\/span><\/div><\/div><\/a><div class='ftg-social'><\/div><\/div><div  class='tile ftg-preload  '><a title=\"IMG-20230328-WA0011\" data-lightbox='ftg-4444' rel='ftg-4444'  class=' tile-inner  ftg-lightbox' href='https:\/\/grupamisyjna.misjonarze.pl\/wp-content\/uploads\/2023\/03\/IMG-20230328-WA0011-768x1024.jpg' ><img alt='IMG-20230328-WA0011' class='item skip-lazy' data-class='item' data-ftg-source='https:\/\/grupamisyjna.misjonarze.pl\/wp-content\/uploads\/2023\/03\/IMG-20230328-WA0011-768x1024.jpg' src='https:\/\/grupamisyjna.misjonarze.pl\/wp-content\/uploads\/2023\/03\/IMG-20230328-WA0011-768x1024.jpg' width='768' height='1024' \/><span class='icon fa fa-zoom'><\/span><div class='caption-block'><div class='text-wrapper'><span class='title'>IMG-20230328-WA0011<\/span><\/div><\/div><\/a><div class='ftg-social'><\/div><\/div><div  class='tile ftg-preload  '><a title=\"IMG-20230328-WA0012\" data-lightbox='ftg-4444' rel='ftg-4444'  class=' tile-inner  ftg-lightbox' href='https:\/\/grupamisyjna.misjonarze.pl\/wp-content\/uploads\/2023\/03\/IMG-20230328-WA0012.jpg' ><img alt='IMG-20230328-WA0012' class='item skip-lazy' data-class='item' data-ftg-source='https:\/\/grupamisyjna.misjonarze.pl\/wp-content\/uploads\/2023\/03\/IMG-20230328-WA0012.jpg' src='https:\/\/grupamisyjna.misjonarze.pl\/wp-content\/uploads\/2023\/03\/IMG-20230328-WA0012.jpg' width='375' height='501' \/><span class='icon fa fa-zoom'><\/span><div class='caption-block'><div class='text-wrapper'><span class='title'>IMG-20230328-WA0012<\/span><\/div><\/div><\/a><div class='ftg-social'><\/div><\/div><\/div><\/div>\n<p>&nbsp;<\/p>\n<p><span style=\"font-size: 14pt;\"><strong><span style=\"font-family: georgia, palatino, serif;\">Parafia Mi\u0142osierdzia Bo\u017cego w Warszawie<\/span><\/strong><\/span><\/p>\n<p style=\"text-align: justify;\"><span style=\"font-family: georgia, palatino, serif; font-size: 14pt;\">Ksi\u0119\u017ca Misjonarze \u015bw. Wincentego kontynuuj\u0105 wsp\u00f3\u0142prac\u0119 z parafi\u0105 Mi\u0142osierdzia Bo\u017cego w Warszawie. W czwartym tygodniu Wielkiego Postu rekolekcje wyg\u0142osi\u0142 ks. Andrzej Paluch wsp\u00f3\u0142pracuj\u0105cy z Grup\u0105 Misyjn\u0105<\/span><\/p>\n<p>&nbsp;<\/p>\n<!-- Final Tiles Grid Gallery for WordPress v3.6.13 free --><style>#ftg-4545 .tile .icon { color:#ffffff; }#ftg-4545 .ftg-items .loading-bar i { background:#666; }#ftg-4545 .ftg-items .loading-bar { background:#fff; }#ftg-4545 .tile .icon { font-size:12px; }#ftg-4545 .tile .icon { margin: -6px 0 0 -6px; }#ftg-4545 .tile .caption-block .text-wrapper span.text { font-size:12px; }#ftg-4545 .tile .caption-outside .text-wrapper span.text { font-size:12px; }#ftg-4545 .tile .caption-block .text-wrapper span.title { font-size:14px; }#ftg-4545 .tile .caption-outside .text-wrapper span.title { font-size:14px; }#ftg-4545 .tile { background-color: transparent; }#ftg-4545 .tile .caption-block .text-wrapper span.text { color: #ffffff; }#ftg-4545 .tile .caption-block .text-wrapper span.title { color: #ffffff; }#ftg-4545 .tile .caption-outside .text-wrapper span.text { color: #ffffff; }#ftg-4545 .tile .caption-outside .text-wrapper span.title { color: #ffffff; }#ftg-4545 .tile .ftg-social a { color: #ffffff; }#ftg-4545 .tile .caption-block { transition-timing-function:linear; }#ftg-4545 .tile .caption-block { transition-duration:0.25s; }#ftg-4545 .tile .tile-inner:before { background-color: #000000; }#ftg-4545 .tile .tile-inner:before { background-color: rgba(0, 0, 0, 0.8); }<\/style><a name=\"45\"><\/a><div class=\"final-tiles-gallery  ftg-hover-enabled caption-inside  caption-none caption-middle caption-center\" id=\"ftg-4545\" style=\"width: 100%\"><div class='ftg-items'><div class='loading-bar'><i><\/i><\/div><div  class='tile ftg-preload  '><a title=\"IMG-20230329-WA0008 (1)\" data-lightbox='ftg-4545' rel='ftg-4545'  class=' tile-inner  ftg-lightbox' href='https:\/\/grupamisyjna.misjonarze.pl\/wp-content\/uploads\/2023\/03\/IMG-20230329-WA0008-1.jpg' ><img alt='IMG-20230329-WA0008 (1)' class='item skip-lazy' data-class='item' data-ftg-source='https:\/\/grupamisyjna.misjonarze.pl\/wp-content\/uploads\/2023\/03\/IMG-20230329-WA0008-1.jpg' src='https:\/\/grupamisyjna.misjonarze.pl\/wp-content\/uploads\/2023\/03\/IMG-20230329-WA0008-1.jpg' width='375' height='375' \/><span class='icon fa fa-zoom'><\/span><div class='caption-block'><div class='text-wrapper'><span class='title'>IMG-20230329-WA0008 (1)<\/span><\/div><\/div><\/a><div class='ftg-social'><\/div><\/div><div  class='tile ftg-preload  '><a title=\"IMG-20230329-WA0007 (1)\" data-lightbox='ftg-4545' rel='ftg-4545'  class=' tile-inner  ftg-lightbox' href='https:\/\/grupamisyjna.misjonarze.pl\/wp-content\/uploads\/2023\/03\/IMG-20230329-WA0007-1-1024x1024.jpg' ><img alt='IMG-20230329-WA0007 (1)' class='item skip-lazy' data-class='item' data-ftg-source='https:\/\/grupamisyjna.misjonarze.pl\/wp-content\/uploads\/2023\/03\/IMG-20230329-WA0007-1-1024x1024.jpg' src='https:\/\/grupamisyjna.misjonarze.pl\/wp-content\/uploads\/2023\/03\/IMG-20230329-WA0007-1-1024x1024.jpg' width='1024' height='1024' \/><span class='icon fa fa-zoom'><\/span><div class='caption-block'><div class='text-wrapper'><span class='title'>IMG-20230329-WA0007 (1)<\/span><\/div><\/div><\/a><div class='ftg-social'><\/div><\/div><\/div><\/div>\n<p>&nbsp;<\/p>\n<p>&nbsp;<\/p>\n<p style=\"text-align: justify;\"><strong><span style=\"font-family: georgia, palatino, serif; font-size: 14pt;\">Zakrzewo. Parafia \u015aw. Marii Magdaleny<\/span><\/strong><\/p>\n<p style=\"text-align: justify;\"><span style=\"font-family: georgia, palatino, serif;\"><span style=\"font-size: 14pt;\">Parafia nale\u017cy do diecezji bydgoskiej i geograficznie po\u0142o\u017cona jest w cz\u0119\u015bci regionu wielkopolskiego zwanego Krajn\u0105. Do parafii nale\u017cy 12 miejscowo\u015bci o profilu rolniczym. Obecna \u015bwi\u0105tynia zosta\u0142a wzniesiona w latach 1839 \u2013 1841 z kamieni polnych w stylu<\/span> neoroma\u0144skim. Konsekracja ko\u015bcio\u0142a mia\u0142a miejsce w 1842 roku. Bogate polichromie przedstawiaj\u0105ce postacie \u015bwi\u0119tych wype\u0142niaj\u0105 jego zabytkowe wn\u0119trze. Postaci\u0105, kt\u00f3ra na trwa\u0142e zapisa\u0142a si\u0119 w histori\u0119 parafii jest osoba ks. Boles\u0142awa Doma\u0144skiego, kt\u00f3ry w 1903 roku zosta\u0142 proboszczem zakrzewskiej parafii. W latach 1918 \u2013 1920 by\u0142 zaanga\u017cowany w walk\u0119 o przy\u0142\u0105czenie Ziemi Z\u0142otowskiej do Polski. Zas\u0142yn\u0105\u0142 z wypowiedzi: Zdrad\u0119 narodow\u0105 pope\u0142nia ten, kto opuszcza ojcowizn\u0119. Mimo przynale\u017cno\u015bci Ziemi Z\u0142otowskiej do Rzeszy, w\u0142\u0105czy\u0142 si\u0119 w dzia\u0142anie powsta\u0142ego w 1922 roku Zwi\u0105zku Polak\u00f3w w Niemczech, kt\u00f3rego prezesem zosta\u0142 w 1931 roku. Podczas Kongresu Polak\u00f3w w Berlinie marcu 1938 roku z\u0142o\u017cy\u0142 wyznanie wiary chrze\u015bcijanina Polaka i og\u0142osi\u0142 s\u0142ynne Prawdy Polak\u00f3w. Na terenie parafii znajduje si\u0119 te\u017c ko\u015bci\u00f3\u0142 filialny w miejscowo\u015bci G\u0142omsk oraz szko\u0142a podstawowa. Rekolekcje wielkopostne dzieci prze\u017cywaj\u0105 w \u015bwi\u0105tyni w ramach rekolekcji parafialnych. Wn\u0119trze ko\u015bcio\u0142a przesz\u0142o w ostatnich latach gruntown\u0105 renowacj\u0119. Jeden z witra\u017cy ko\u015bcio\u0142a przedstawia jedyn\u0105 w swoim rodzaju scen\u0119: Mari\u0119 Magdalen\u0119 spogl\u0105daj\u0105c\u0105 na Zmartwychwsta\u0142ego Jezusa trzymaj\u0105cego w r\u0119ku \u2026. szpad\u0119, jako \u017ce w pierwszej chwili \u2013 zgodnie z przekazem ewangelicznym &#8211; uzna\u0142a w Nim b\u0142\u0119dnie ogrodnika.<\/span><\/p>\n<p>&nbsp;<\/p>\n<p>&nbsp;<\/p>\n<p>&nbsp;<\/p>\n<p style=\"text-align: center;\"><span style=\"font-family: georgia, palatino, serif; font-size: 24pt;\"><strong>V TYDZIE\u0143 WIELKIEGO POSTU<\/strong><\/span><\/p>\n<p>&nbsp;<\/p>\n<p style=\"text-align: justify;\"><strong><span style=\"font-family: georgia, palatino, serif; font-size: 14pt;\">Rekolekcje &#8211; Bydgoszcz \u2013 Op\u0142awiec<\/span><\/strong><\/p>\n<p style=\"text-align: justify;\"><span style=\"font-family: georgia, palatino, serif; font-size: 14pt;\">W czasie Nawiedzenia kopii Cudownego Obrazu Jasnog\u00f3rskiego w diecezji bydgoskiej 2018\/2019 misjonarze przeprowadzili misje \u015bw. w Bydgoszczy \u2013 Op\u0142awcu. <\/span><span style=\"font-family: georgia, palatino, serif; font-size: 14pt;\">W tegorocznym Wielkim Po\u015bcie, ksi\u0119\u017ca z naszego Zgromadzenia znowu pojawili si\u0119 w parafii Przemienienia Pa\u0144skiego. Ks. Zbigniew Knop przeprowadzi\u0142 w pi\u0105tym tygodniu rekolekcje.<\/span><\/p>\n<p>&nbsp;<\/p>\n<!-- Final Tiles Grid Gallery for WordPress v3.6.13 free --><style>#ftg-4343 .tile .icon { color:#ffffff; }#ftg-4343 .ftg-items .loading-bar i { background:#666; }#ftg-4343 .ftg-items .loading-bar { background:#fff; }#ftg-4343 .tile .icon { font-size:12px; }#ftg-4343 .tile .icon { margin: -6px 0 0 -6px; }#ftg-4343 .tile .caption-block .text-wrapper span.text { font-size:12px; }#ftg-4343 .tile .caption-outside .text-wrapper span.text { font-size:12px; }#ftg-4343 .tile .caption-block .text-wrapper span.title { font-size:14px; }#ftg-4343 .tile .caption-outside .text-wrapper span.title { font-size:14px; }#ftg-4343 .tile { background-color: transparent; }#ftg-4343 .tile .caption-block .text-wrapper span.text { color: #ffffff; }#ftg-4343 .tile .caption-block .text-wrapper span.title { color: #ffffff; }#ftg-4343 .tile .caption-outside .text-wrapper span.text { color: #ffffff; }#ftg-4343 .tile .caption-outside .text-wrapper span.title { color: #ffffff; }#ftg-4343 .tile .ftg-social a { color: #ffffff; }#ftg-4343 .tile .caption-block { transition-timing-function:linear; }#ftg-4343 .tile .caption-block { transition-duration:0.25s; }#ftg-4343 .tile .tile-inner:before { background-color: #000000; }#ftg-4343 .tile .tile-inner:before { background-color: rgba(0, 0, 0, 0.8); }<\/style><a name=\"43\"><\/a><div class=\"final-tiles-gallery  ftg-hover-enabled caption-inside  caption-none caption-middle caption-center\" id=\"ftg-4343\" style=\"width: 100%\"><div class='ftg-items'><div class='loading-bar'><i><\/i><\/div><div  class='tile ftg-preload  '><a title=\"IMG-20230328-WA0003\" data-lightbox='ftg-4343' rel='ftg-4343'  class=' tile-inner  ftg-lightbox' href='https:\/\/grupamisyjna.misjonarze.pl\/wp-content\/uploads\/2023\/03\/IMG-20230328-WA0003-1024x768.jpg' ><img alt='IMG-20230328-WA0003' class='item skip-lazy' data-class='item' data-ftg-source='https:\/\/grupamisyjna.misjonarze.pl\/wp-content\/uploads\/2023\/03\/IMG-20230328-WA0003-1024x768.jpg' src='https:\/\/grupamisyjna.misjonarze.pl\/wp-content\/uploads\/2023\/03\/IMG-20230328-WA0003-1024x768.jpg' width='1024' height='768' \/><span class='icon fa fa-zoom'><\/span><div class='caption-block'><div class='text-wrapper'><span class='title'>IMG-20230328-WA0003<\/span><\/div><\/div><\/a><div class='ftg-social'><\/div><\/div><div  class='tile ftg-preload  '><a title=\"IMG-20230328-WA0001\" data-lightbox='ftg-4343' rel='ftg-4343'  class=' tile-inner  ftg-lightbox' href='https:\/\/grupamisyjna.misjonarze.pl\/wp-content\/uploads\/2023\/03\/IMG-20230328-WA0001-1024x768.jpg' ><img alt='IMG-20230328-WA0001' class='item skip-lazy' data-class='item' data-ftg-source='https:\/\/grupamisyjna.misjonarze.pl\/wp-content\/uploads\/2023\/03\/IMG-20230328-WA0001-1024x768.jpg' src='https:\/\/grupamisyjna.misjonarze.pl\/wp-content\/uploads\/2023\/03\/IMG-20230328-WA0001-1024x768.jpg' width='1024' height='768' \/><span class='icon fa fa-zoom'><\/span><div class='caption-block'><div class='text-wrapper'><span class='title'>IMG-20230328-WA0001<\/span><\/div><\/div><\/a><div class='ftg-social'><\/div><\/div><div  class='tile ftg-preload  '><a title=\"IMG-20230328-WA0002\" data-lightbox='ftg-4343' rel='ftg-4343'  class=' tile-inner  ftg-lightbox' href='https:\/\/grupamisyjna.misjonarze.pl\/wp-content\/uploads\/2023\/03\/IMG-20230328-WA0002-1024x768.jpg' ><img alt='IMG-20230328-WA0002' class='item skip-lazy' data-class='item' data-ftg-source='https:\/\/grupamisyjna.misjonarze.pl\/wp-content\/uploads\/2023\/03\/IMG-20230328-WA0002-1024x768.jpg' src='https:\/\/grupamisyjna.misjonarze.pl\/wp-content\/uploads\/2023\/03\/IMG-20230328-WA0002-1024x768.jpg' width='1024' height='768' \/><span class='icon fa fa-zoom'><\/span><div class='caption-block'><div class='text-wrapper'><span class='title'>IMG-20230328-WA0002<\/span><\/div><\/div><\/a><div class='ftg-social'><\/div><\/div><div  class='tile ftg-preload  '><a title=\"IMG-20230328-WA0006\" data-lightbox='ftg-4343' rel='ftg-4343'  class=' tile-inner  ftg-lightbox' href='https:\/\/grupamisyjna.misjonarze.pl\/wp-content\/uploads\/2023\/03\/IMG-20230328-WA0006-768x1024.jpg' ><img alt='IMG-20230328-WA0006' class='item skip-lazy' data-class='item' data-ftg-source='https:\/\/grupamisyjna.misjonarze.pl\/wp-content\/uploads\/2023\/03\/IMG-20230328-WA0006-768x1024.jpg' src='https:\/\/grupamisyjna.misjonarze.pl\/wp-content\/uploads\/2023\/03\/IMG-20230328-WA0006-768x1024.jpg' width='768' height='1024' \/><span class='icon fa fa-zoom'><\/span><div class='caption-block'><div class='text-wrapper'><span class='title'>IMG-20230328-WA0006<\/span><\/div><\/div><\/a><div class='ftg-social'><\/div><\/div><\/div><\/div>\n<p>&nbsp;<\/p>\n<p><strong><span style=\"font-family: georgia, palatino, serif; font-size: 14pt;\">Parafia pw. \u015bw. Urszuli w Kowalu<\/span><\/strong><\/p>\n<p style=\"text-align: justify;\"><span style=\"font-family: georgia, palatino, serif; font-size: 14pt;\">W pi\u0105tym tygodniu Wielkiego Postu po raz pierwszy go\u015bcili\u015bmy <\/span><span style=\"font-family: georgia, palatino, serif; font-size: 14pt;\">w parafii pw. \u015bw. Urszuli w Kowalu. Kowal to miejsce urodzenia <\/span><span style=\"font-family: georgia, palatino, serif; font-size: 14pt;\">kr\u00f3la Kazimierza Wielkiego. <\/span><span style=\"font-family: georgia, palatino, serif; font-size: 14pt;\">Rekolekcje dla doros\u0142ych, dla dzieci ze szko\u0142y podstawowej <\/span><span style=\"font-family: georgia, palatino, serif; font-size: 14pt;\">i dla m\u0142odzie\u017cy ze szk\u00f3\u0142 \u015brednich g\u0142osi\u0142 ks. Wojciech Koz\u0142owski CM.<\/span><\/p>\n<p>&nbsp;<\/p>\n<!-- Final Tiles Grid Gallery for WordPress v3.6.13 free --><style>#ftg-4242 .tile .icon { color:#ffffff; }#ftg-4242 .ftg-items .loading-bar i { background:#666; }#ftg-4242 .ftg-items .loading-bar { background:#fff; }#ftg-4242 .tile .icon { font-size:12px; }#ftg-4242 .tile .icon { margin: -6px 0 0 -6px; }#ftg-4242 .tile .caption-block .text-wrapper span.text { font-size:12px; }#ftg-4242 .tile .caption-outside .text-wrapper span.text { font-size:12px; }#ftg-4242 .tile .caption-block .text-wrapper span.title { font-size:14px; }#ftg-4242 .tile .caption-outside .text-wrapper span.title { font-size:14px; }#ftg-4242 .tile { background-color: transparent; }#ftg-4242 .tile .caption-block .text-wrapper span.text { color: #ffffff; }#ftg-4242 .tile .caption-block .text-wrapper span.title { color: #ffffff; }#ftg-4242 .tile .caption-outside .text-wrapper span.text { color: #ffffff; }#ftg-4242 .tile .caption-outside .text-wrapper span.title { color: #ffffff; }#ftg-4242 .tile .ftg-social a { color: #ffffff; }#ftg-4242 .tile .caption-block { transition-timing-function:linear; }#ftg-4242 .tile .caption-block { transition-duration:0.25s; }#ftg-4242 .tile .tile-inner:before { background-color: #000000; }#ftg-4242 .tile .tile-inner:before { background-color: rgba(0, 0, 0, 0.8); }<\/style><a name=\"42\"><\/a><div class=\"final-tiles-gallery  ftg-hover-enabled caption-inside  caption-none caption-middle caption-center\" id=\"ftg-4242\" style=\"width: 100%\"><div class='ftg-items'><div class='loading-bar'><i><\/i><\/div><div  class='tile ftg-preload  '><a title=\"image0000051001\" data-lightbox='ftg-4242' rel='ftg-4242'  class=' tile-inner  ftg-lightbox' href='https:\/\/grupamisyjna.misjonarze.pl\/wp-content\/uploads\/2023\/03\/image0000051001.jpg' ><img alt='image0000051001' class='item skip-lazy' data-class='item' data-ftg-source='https:\/\/grupamisyjna.misjonarze.pl\/wp-content\/uploads\/2023\/03\/image0000051001.jpg' src='https:\/\/grupamisyjna.misjonarze.pl\/wp-content\/uploads\/2023\/03\/image0000051001.jpg' width='480' height='640' \/><span class='icon fa fa-zoom'><\/span><div class='caption-block'><div class='text-wrapper'><span class='title'>image0000051001<\/span><\/div><\/div><\/a><div class='ftg-social'><\/div><\/div><div  class='tile ftg-preload  '><a title=\"20230328_100011\" data-lightbox='ftg-4242' rel='ftg-4242'  class=' tile-inner  ftg-lightbox' href='https:\/\/grupamisyjna.misjonarze.pl\/wp-content\/uploads\/2023\/03\/20230328_100011-768x1024.jpg' ><img alt='20230328_100011' class='item skip-lazy' data-class='item' data-ftg-source='https:\/\/grupamisyjna.misjonarze.pl\/wp-content\/uploads\/2023\/03\/20230328_100011-768x1024.jpg' src='https:\/\/grupamisyjna.misjonarze.pl\/wp-content\/uploads\/2023\/03\/20230328_100011-768x1024.jpg' width='768' height='1024' \/><span class='icon fa fa-zoom'><\/span><div class='caption-block'><div class='text-wrapper'><span class='title'>20230328_100011<\/span><\/div><\/div><\/a><div class='ftg-social'><\/div><\/div><div  class='tile ftg-preload  '><a title=\"20230328_095641\" data-lightbox='ftg-4242' rel='ftg-4242'  class=' tile-inner  ftg-lightbox' href='https:\/\/grupamisyjna.misjonarze.pl\/wp-content\/uploads\/2023\/03\/20230328_095641-768x1024.jpg' ><img alt='20230328_095641' class='item skip-lazy' data-class='item' data-ftg-source='https:\/\/grupamisyjna.misjonarze.pl\/wp-content\/uploads\/2023\/03\/20230328_095641-768x1024.jpg' src='https:\/\/grupamisyjna.misjonarze.pl\/wp-content\/uploads\/2023\/03\/20230328_095641-768x1024.jpg' width='768' height='1024' \/><span class='icon fa fa-zoom'><\/span><div class='caption-block'><div class='text-wrapper'><span class='title'>20230328_095641<\/span><\/div><\/div><\/a><div class='ftg-social'><\/div><\/div><div  class='tile ftg-preload  '><a title=\"20230328_095602\" data-lightbox='ftg-4242' rel='ftg-4242'  class=' tile-inner  ftg-lightbox' href='https:\/\/grupamisyjna.misjonarze.pl\/wp-content\/uploads\/2023\/03\/20230328_095602-768x1024.jpg' ><img alt='20230328_095602' class='item skip-lazy' data-class='item' data-ftg-source='https:\/\/grupamisyjna.misjonarze.pl\/wp-content\/uploads\/2023\/03\/20230328_095602-768x1024.jpg' src='https:\/\/grupamisyjna.misjonarze.pl\/wp-content\/uploads\/2023\/03\/20230328_095602-768x1024.jpg' width='768' height='1024' \/><span class='icon fa fa-zoom'><\/span><div class='caption-block'><div class='text-wrapper'><span class='title'>20230328_095602<\/span><\/div><\/div><\/a><div class='ftg-social'><\/div><\/div><div  class='tile ftg-preload  '><a title=\"20230328_095547\" data-lightbox='ftg-4242' rel='ftg-4242'  class=' tile-inner  ftg-lightbox' href='https:\/\/grupamisyjna.misjonarze.pl\/wp-content\/uploads\/2023\/03\/20230328_095547-768x1024.jpg' ><img alt='20230328_095547' class='item skip-lazy' data-class='item' data-ftg-source='https:\/\/grupamisyjna.misjonarze.pl\/wp-content\/uploads\/2023\/03\/20230328_095547-768x1024.jpg' src='https:\/\/grupamisyjna.misjonarze.pl\/wp-content\/uploads\/2023\/03\/20230328_095547-768x1024.jpg' width='768' height='1024' \/><span class='icon fa fa-zoom'><\/span><div class='caption-block'><div class='text-wrapper'><span class='title'>20230328_095547<\/span><\/div><\/div><\/a><div class='ftg-social'><\/div><\/div><\/div><\/div>\n<p>&nbsp;<\/p>\n<p><strong><span style=\"font-family: georgia, palatino, serif; font-size: 14pt;\">Parafia \u015bw. Teresy od Dzieci\u0105tka Jezus &#8211; Konin \u2013 \u0141\u0119\u017cyna \u2013 Cukrownia<\/span><\/strong><\/p>\n<p style=\"font-weight: 400;\"><span style=\"font-family: georgia, palatino, serif; font-size: 14pt;\">Wielki Post trwa. W pos\u0142ug\u0119 Grupy Misyjnej w\u0142\u0105czy\u0142 si\u0119 ks. Wicerektor Micha\u0142 Lipi\u0144ski. Oto jego relacja:<\/span><\/p>\n<p style=\"font-weight: 400; text-align: justify;\"><span style=\"font-family: georgia, palatino, serif; font-size: 14pt;\">W dniach 24-26 marca mia\u0142y miejsce rekolekcje w Parafii \u015bw. Teresy od Dzieci\u0105tka Jezus w Koninie \u2013 \u0141\u0119\u017cynie \u2013 Cukrowni. Tematem nauk rekolekcyjnych opartych w du\u017cej mierze na my\u015blach \u015bw. Wincentego a Paulo i b\u0142. kard. Stefana Wyszy\u0144skiego by\u0142y trzy praktyki \u017cycia chrze\u015bcija\u0144skiego: sakrament pokuty i pojednania, Eucharystia i modlitwa. Wierni, zar\u00f3wno doro\u015bli i dzieci, licznie uczestniczyli w przygotowaniu do \u015bwi\u0105t wielkanocnych. W sobotnie przedpo\u0142udnie wielu wiernych przyj\u0119\u0142o sakrament namaszczenia chorych. Na wdzi\u0119czno\u015b\u0107 zas\u0142uguje \u017cyczliwo\u015b\u0107 Wiernych i Ks. Proboszcza.<\/span><\/p>\n<p>&nbsp;<\/p>\n<p><span style=\"font-size: 14pt; font-family: georgia, palatino, serif;\"><strong>Parafia \u015bw. Stanis\u0142awa Biskupa we Frydmanie<br \/>\n<\/strong><\/span><\/p>\n<p style=\"text-align: justify;\"><span style=\"font-family: georgia, palatino, serif; font-size: 14pt;\">Frydman jest jedn\u0105 z najstarszych miejscowo\u015bci na Spiszu. Urokliwe miejsce nad Jeziorem Czorszty\u0144skim. Wg tradycji parafia frydma\u0144ska mia\u0142a istnie\u0107 ju\u017c w 1073 r., a ponad 600 lat p\u00f3\u017aniej w ko\u015bciele do mszy \u015bw. mia\u0142 s\u0142u\u017cy\u0107 sam kr\u00f3l Jan III Sobieski wracaj\u0105cy spod Wiednia. Szczeg\u00f3ln\u0105 warto\u015b\u0107 artystyczn\u0105 i zabytkow\u0105 przedstawia kaplica Matki Bo\u017cej Karmelita\u0144skiej. To ewenement na skal\u0119 europejsk\u0105. Po raz pierwszy ksi\u0119\u017ca misjonarze zawitali g\u0142osi\u0107 rekolekcje w parafii \u015bw. Stanis\u0142awa Bp. Parafia posiada kaplic\u0119 filialn\u0105 w Falsztynie. \u0106wiczenia duchowe dla dzieci, m\u0142odzie\u017cy i doros\u0142ych przeprowadzi\u0142 ks. Krzysztof \u0141ytkowski. Dalsza wsp\u00f3\u0142praca jest wielce prawdopodobna. Do zobaczenia we Frydmanie.<\/span><\/p>\n<p>&nbsp;<\/p>\n<!-- Final Tiles Grid Gallery for WordPress v3.6.13 free --><style>#ftg-4646 .tile .icon { color:#ffffff; }#ftg-4646 .ftg-items .loading-bar i { background:#666; }#ftg-4646 .ftg-items .loading-bar { background:#fff; }#ftg-4646 .tile .icon { font-size:12px; }#ftg-4646 .tile .icon { margin: -6px 0 0 -6px; }#ftg-4646 .tile .caption-block .text-wrapper span.text { font-size:12px; }#ftg-4646 .tile .caption-outside .text-wrapper span.text { font-size:12px; }#ftg-4646 .tile .caption-block .text-wrapper span.title { font-size:14px; }#ftg-4646 .tile .caption-outside .text-wrapper span.title { font-size:14px; }#ftg-4646 .tile { background-color: transparent; }#ftg-4646 .tile .caption-block .text-wrapper span.text { color: #ffffff; }#ftg-4646 .tile .caption-block .text-wrapper span.title { color: #ffffff; }#ftg-4646 .tile .caption-outside .text-wrapper span.text { color: #ffffff; }#ftg-4646 .tile .caption-outside .text-wrapper span.title { color: #ffffff; }#ftg-4646 .tile .ftg-social a { color: #ffffff; }#ftg-4646 .tile .caption-block { transition-timing-function:linear; }#ftg-4646 .tile .caption-block { transition-duration:0.25s; }#ftg-4646 .tile .tile-inner:before { background-color: #000000; }#ftg-4646 .tile .tile-inner:before { background-color: rgba(0, 0, 0, 0.8); }<\/style><a name=\"46\"><\/a><div class=\"final-tiles-gallery  ftg-hover-enabled caption-inside  caption-none caption-middle caption-center\" id=\"ftg-4646\" style=\"width: 100%\"><div class='ftg-items'><div class='loading-bar'><i><\/i><\/div><div  class='tile ftg-preload  '><a title=\"IMG-20230329-WA0006 (1)\" data-lightbox='ftg-4646' rel='ftg-4646'  class=' tile-inner  ftg-lightbox' href='https:\/\/grupamisyjna.misjonarze.pl\/wp-content\/uploads\/2023\/03\/IMG-20230329-WA0006-1-768x1024.jpg' ><img alt='IMG-20230329-WA0006 (1)' class='item skip-lazy' data-class='item' data-ftg-source='https:\/\/grupamisyjna.misjonarze.pl\/wp-content\/uploads\/2023\/03\/IMG-20230329-WA0006-1-768x1024.jpg' src='https:\/\/grupamisyjna.misjonarze.pl\/wp-content\/uploads\/2023\/03\/IMG-20230329-WA0006-1-768x1024.jpg' width='768' height='1024' \/><span class='icon fa fa-zoom'><\/span><div class='caption-block'><div class='text-wrapper'><span class='title'>IMG-20230329-WA0006 (1)<\/span><\/div><\/div><\/a><div class='ftg-social'><\/div><\/div><div  class='tile ftg-preload  '><a title=\"IMG-20230329-WA0003 (1)\" data-lightbox='ftg-4646' rel='ftg-4646'  class=' tile-inner  ftg-lightbox' href='https:\/\/grupamisyjna.misjonarze.pl\/wp-content\/uploads\/2023\/03\/IMG-20230329-WA0003-1-768x1024.jpg' ><img alt='IMG-20230329-WA0003 (1)' class='item skip-lazy' data-class='item' data-ftg-source='https:\/\/grupamisyjna.misjonarze.pl\/wp-content\/uploads\/2023\/03\/IMG-20230329-WA0003-1-768x1024.jpg' src='https:\/\/grupamisyjna.misjonarze.pl\/wp-content\/uploads\/2023\/03\/IMG-20230329-WA0003-1-768x1024.jpg' width='768' height='1024' \/><span class='icon fa fa-zoom'><\/span><div class='caption-block'><div class='text-wrapper'><span class='title'>IMG-20230329-WA0003 (1)<\/span><\/div><\/div><\/a><div class='ftg-social'><\/div><\/div><div  class='tile ftg-preload  '><a title=\"IMG-20230329-WA0002 (1)\" data-lightbox='ftg-4646' rel='ftg-4646'  class=' tile-inner  ftg-lightbox' href='https:\/\/grupamisyjna.misjonarze.pl\/wp-content\/uploads\/2023\/03\/IMG-20230329-WA0002-1-1024x768.jpg' ><img alt='IMG-20230329-WA0002 (1)' class='item skip-lazy' data-class='item' data-ftg-source='https:\/\/grupamisyjna.misjonarze.pl\/wp-content\/uploads\/2023\/03\/IMG-20230329-WA0002-1-1024x768.jpg' src='https:\/\/grupamisyjna.misjonarze.pl\/wp-content\/uploads\/2023\/03\/IMG-20230329-WA0002-1-1024x768.jpg' width='1024' height='768' \/><span class='icon fa fa-zoom'><\/span><div class='caption-block'><div class='text-wrapper'><span class='title'>IMG-20230329-WA0002 (1)<\/span><\/div><\/div><\/a><div class='ftg-social'><\/div><\/div><div  class='tile ftg-preload  '><a title=\"IMG-20230329-WA0001 (1)\" data-lightbox='ftg-4646' rel='ftg-4646'  class=' tile-inner  ftg-lightbox' href='https:\/\/grupamisyjna.misjonarze.pl\/wp-content\/uploads\/2023\/03\/IMG-20230329-WA0001-1-768x1024.jpg' ><img alt='IMG-20230329-WA0001 (1)' class='item skip-lazy' data-class='item' data-ftg-source='https:\/\/grupamisyjna.misjonarze.pl\/wp-content\/uploads\/2023\/03\/IMG-20230329-WA0001-1-768x1024.jpg' src='https:\/\/grupamisyjna.misjonarze.pl\/wp-content\/uploads\/2023\/03\/IMG-20230329-WA0001-1-768x1024.jpg' width='768' height='1024' \/><span class='icon fa fa-zoom'><\/span><div class='caption-block'><div class='text-wrapper'><span class='title'>IMG-20230329-WA0001 (1)<\/span><\/div><\/div><\/a><div class='ftg-social'><\/div><\/div><div  class='tile ftg-preload  '><a title=\"IMG-20230329-WA0003\" data-lightbox='ftg-4646' rel='ftg-4646'  class=' tile-inner  ftg-lightbox' href='https:\/\/grupamisyjna.misjonarze.pl\/wp-content\/uploads\/2023\/03\/IMG-20230329-WA0003-768x1024.jpg' ><img alt='IMG-20230329-WA0003' class='item skip-lazy' data-class='item' data-ftg-source='https:\/\/grupamisyjna.misjonarze.pl\/wp-content\/uploads\/2023\/03\/IMG-20230329-WA0003-768x1024.jpg' src='https:\/\/grupamisyjna.misjonarze.pl\/wp-content\/uploads\/2023\/03\/IMG-20230329-WA0003-768x1024.jpg' width='768' height='1024' \/><span class='icon fa fa-zoom'><\/span><div class='caption-block'><div class='text-wrapper'><span class='title'>IMG-20230329-WA0003<\/span><\/div><\/div><\/a><div class='ftg-social'><\/div><\/div><\/div><\/div>\n<p>&nbsp;<\/p>\n<p><span style=\"font-family: georgia, palatino, serif; font-size: 14pt;\">Kaplica filialna w Falsztynie<\/span><\/p>\n<!-- Final Tiles Grid Gallery for WordPress v3.6.13 free --><style>#ftg-4747 .tile .icon { color:#ffffff; }#ftg-4747 .ftg-items .loading-bar i { background:#666; }#ftg-4747 .ftg-items .loading-bar { background:#fff; }#ftg-4747 .tile .icon { font-size:12px; }#ftg-4747 .tile .icon { margin: -6px 0 0 -6px; }#ftg-4747 .tile .caption-block .text-wrapper span.text { font-size:12px; }#ftg-4747 .tile .caption-outside .text-wrapper span.text { font-size:12px; }#ftg-4747 .tile .caption-block .text-wrapper span.title { font-size:14px; }#ftg-4747 .tile .caption-outside .text-wrapper span.title { font-size:14px; }#ftg-4747 .tile { background-color: transparent; }#ftg-4747 .tile .caption-block .text-wrapper span.text { color: #ffffff; }#ftg-4747 .tile .caption-block .text-wrapper span.title { color: #ffffff; }#ftg-4747 .tile .caption-outside .text-wrapper span.text { color: #ffffff; }#ftg-4747 .tile .caption-outside .text-wrapper span.title { color: #ffffff; }#ftg-4747 .tile .ftg-social a { color: #ffffff; }#ftg-4747 .tile .caption-block { transition-timing-function:linear; }#ftg-4747 .tile .caption-block { transition-duration:0.25s; }#ftg-4747 .tile .tile-inner:before { background-color: #000000; }#ftg-4747 .tile .tile-inner:before { background-color: rgba(0, 0, 0, 0.8); }<\/style><a name=\"47\"><\/a><div class=\"final-tiles-gallery  ftg-hover-enabled caption-inside  caption-none caption-middle caption-center\" id=\"ftg-4747\" style=\"width: 100%\"><div class='ftg-items'><div class='loading-bar'><i><\/i><\/div><div  class='tile ftg-preload  '><a title=\"IMG-20230329-WA0000 (1)\" data-lightbox='ftg-4747' rel='ftg-4747'  class=' tile-inner  ftg-lightbox' href='https:\/\/grupamisyjna.misjonarze.pl\/wp-content\/uploads\/2023\/03\/IMG-20230329-WA0000-1-1024x768.jpg' ><img alt='IMG-20230329-WA0000 (1)' class='item skip-lazy' data-class='item' data-ftg-source='https:\/\/grupamisyjna.misjonarze.pl\/wp-content\/uploads\/2023\/03\/IMG-20230329-WA0000-1-1024x768.jpg' src='https:\/\/grupamisyjna.misjonarze.pl\/wp-content\/uploads\/2023\/03\/IMG-20230329-WA0000-1-1024x768.jpg' width='1024' height='768' \/><span class='icon fa fa-zoom'><\/span><div class='caption-block'><div class='text-wrapper'><span class='title'>IMG-20230329-WA0000 (1)<\/span><\/div><\/div><\/a><div class='ftg-social'><\/div><\/div><\/div><\/div>\n<p>&nbsp;<\/p>\n<p><strong><span style=\"font-family: georgia, palatino, serif;\"><span style=\"font-size: 18.6667px;\">Parafia<\/span><span style=\"font-size: 14pt;\">\u00a0\u015bw. Rodziny w M\u0142awie<\/span><\/span><\/strong><\/p>\n<p style=\"text-align: justify;\"><span style=\"font-family: georgia, palatino, serif; font-size: 14pt;\">Ks. Andrzej Giero\u0144, wsp\u00f3\u0142pracuj\u0105cy z Grup\u0105 Misyjna zosta\u0142 poproszony, aby przeprowadzi\u0107 rekolekcje w parafii \u015bw. Rodziny w M\u0142awie. Wed\u0142ug s\u0142uchaczy uczyni\u0142 to z wielkim powodzeniem.<\/span><\/p>\n<p style=\"text-align: right;\"><em><span style=\"font-family: georgia, palatino, serif;\">zdj\u0119cia: www.facebook.com\/swrodzinamlawa<\/span><\/em><\/p>\n<!-- Final Tiles Grid Gallery for WordPress v3.6.13 free --><style>#ftg-4848 .tile .icon { color:#ffffff; }#ftg-4848 .ftg-items .loading-bar i { background:#666; }#ftg-4848 .ftg-items .loading-bar { background:#fff; }#ftg-4848 .tile .icon { font-size:12px; }#ftg-4848 .tile .icon { margin: -6px 0 0 -6px; }#ftg-4848 .tile .caption-block .text-wrapper span.text { font-size:12px; }#ftg-4848 .tile .caption-outside .text-wrapper span.text { font-size:12px; }#ftg-4848 .tile .caption-block .text-wrapper span.title { font-size:14px; }#ftg-4848 .tile .caption-outside .text-wrapper span.title { font-size:14px; }#ftg-4848 .tile { background-color: transparent; }#ftg-4848 .tile .caption-block .text-wrapper span.text { color: #ffffff; }#ftg-4848 .tile .caption-block .text-wrapper span.title { color: #ffffff; }#ftg-4848 .tile .caption-outside .text-wrapper span.text { color: #ffffff; }#ftg-4848 .tile .caption-outside .text-wrapper span.title { color: #ffffff; }#ftg-4848 .tile .ftg-social a { color: #ffffff; }#ftg-4848 .tile .caption-block { transition-timing-function:linear; }#ftg-4848 .tile .caption-block { transition-duration:0.25s; }#ftg-4848 .tile .tile-inner:before { background-color: #000000; }#ftg-4848 .tile .tile-inner:before { background-color: rgba(0, 0, 0, 0.8); }<\/style><a name=\"48\"><\/a><div class=\"final-tiles-gallery  ftg-hover-enabled caption-inside  caption-none caption-middle caption-center\" id=\"ftg-4848\" style=\"width: 100%\"><div class='ftg-items'><div class='loading-bar'><i><\/i><\/div><div  class='tile ftg-preload  '><a title=\"337423675_746742063601492_4456189859132047953_n\" data-lightbox='ftg-4848' rel='ftg-4848'  class=' tile-inner  ftg-lightbox' href='https:\/\/grupamisyjna.misjonarze.pl\/wp-content\/uploads\/2023\/03\/337423675_746742063601492_4456189859132047953_n-1024x577.jpg' ><img alt='337423675_746742063601492_4456189859132047953_n' class='item skip-lazy' data-class='item' data-ftg-source='https:\/\/grupamisyjna.misjonarze.pl\/wp-content\/uploads\/2023\/03\/337423675_746742063601492_4456189859132047953_n-1024x577.jpg' src='https:\/\/grupamisyjna.misjonarze.pl\/wp-content\/uploads\/2023\/03\/337423675_746742063601492_4456189859132047953_n-1024x577.jpg' width='1024' height='577' \/><span class='icon fa fa-zoom'><\/span><div class='caption-block'><div class='text-wrapper'><span class='title'>337423675_746742063601492_4456189859132047953_n<\/span><\/div><\/div><\/a><div class='ftg-social'><\/div><\/div><div  class='tile ftg-preload  '><a title=\"337254208_738626454422325_4022891905620450452_n\" data-lightbox='ftg-4848' rel='ftg-4848'  class=' tile-inner  ftg-lightbox' href='https:\/\/grupamisyjna.misjonarze.pl\/wp-content\/uploads\/2023\/03\/337254208_738626454422325_4022891905620450452_n.jpg' ><img alt='337254208_738626454422325_4022891905620450452_n' class='item skip-lazy' data-class='item' data-ftg-source='https:\/\/grupamisyjna.misjonarze.pl\/wp-content\/uploads\/2023\/03\/337254208_738626454422325_4022891905620450452_n.jpg' src='https:\/\/grupamisyjna.misjonarze.pl\/wp-content\/uploads\/2023\/03\/337254208_738626454422325_4022891905620450452_n.jpg' width='960' height='540' \/><span class='icon fa fa-zoom'><\/span><div class='caption-block'><div class='text-wrapper'><span class='title'>337254208_738626454422325_4022891905620450452_n<\/span><\/div><\/div><\/a><div class='ftg-social'><\/div><\/div><\/div><\/div>\n<p>&nbsp;<\/p>\n<p><strong><span style=\"font-family: georgia, palatino, serif; font-size: 14pt;\">Parafia \u015bw. Anny w Kosztowie <\/span><\/strong><\/p>\n<div style=\"text-align: justify;\"><span style=\"font-family: georgia, palatino, serif; font-size: 14pt;\">W dniach 25- 29 marca prowadzi\u0142em rekolekcje wielkopostne w parafii \u015bw. Anny w Kosztowie [diecezja bydgoska]. By\u0142y to rekolekcje zar\u00f3wno parafialne jak i szkolne. Jest to parafia wiejska. Ksi\u0105dz proboszcz Marek, tak jak i parafianie &#8211; z otwartymi sercami.\u00a0 Spotka\u0142em si\u0119 z prost\u0105, ale szczer\u0105 i \u017cyw\u0105 wiar\u0105, zar\u00f3wno w\u015br\u00f3d dzieci jak i doros\u0142ych, oraz z wielk\u0105 \u017cyczliwo\u015bci\u0105 ludzi.\u00a0<\/span><\/div>\n<div>\n<div style=\"text-align: right;\"><span style=\"font-family: georgia, palatino, serif; font-size: 14pt;\">In Jesus<\/span><\/div>\n<div>\n<div style=\"text-align: right;\"><em><span style=\"font-family: georgia, palatino, serif; font-size: 14pt;\">ks. Tomasz Gawlik CM<\/span><\/em><\/div>\n<\/div>\n<div><\/div>\n<\/div>\n<div><!-- Final Tiles Grid Gallery for WordPress v3.6.13 free --><style>#ftg-4949 .tile .icon { color:#ffffff; }#ftg-4949 .ftg-items .loading-bar i { background:#666; }#ftg-4949 .ftg-items .loading-bar { background:#fff; }#ftg-4949 .tile .icon { font-size:12px; }#ftg-4949 .tile .icon { margin: -6px 0 0 -6px; }#ftg-4949 .tile .caption-block .text-wrapper span.text { font-size:12px; }#ftg-4949 .tile .caption-outside .text-wrapper span.text { font-size:12px; }#ftg-4949 .tile .caption-block .text-wrapper span.title { font-size:14px; }#ftg-4949 .tile .caption-outside .text-wrapper span.title { font-size:14px; }#ftg-4949 .tile { background-color: transparent; }#ftg-4949 .tile .caption-block .text-wrapper span.text { color: #ffffff; }#ftg-4949 .tile .caption-block .text-wrapper span.title { color: #ffffff; }#ftg-4949 .tile .caption-outside .text-wrapper span.text { color: #ffffff; }#ftg-4949 .tile .caption-outside .text-wrapper span.title { color: #ffffff; }#ftg-4949 .tile .ftg-social a { color: #ffffff; }#ftg-4949 .tile .caption-block { transition-timing-function:linear; }#ftg-4949 .tile .caption-block { transition-duration:0.25s; }#ftg-4949 .tile .tile-inner:before { background-color: #000000; }#ftg-4949 .tile .tile-inner:before { background-color: rgba(0, 0, 0, 0.8); }<\/style><a name=\"49\"><\/a><div class=\"final-tiles-gallery  ftg-hover-enabled caption-inside  caption-none caption-middle caption-center\" id=\"ftg-4949\" style=\"width: 100%\"><div class='ftg-items'><div class='loading-bar'><i><\/i><\/div><div  class='tile ftg-preload  '><a title=\"IMG_7418\" data-lightbox='ftg-4949' rel='ftg-4949'  class=' tile-inner  ftg-lightbox' href='https:\/\/grupamisyjna.misjonarze.pl\/wp-content\/uploads\/2023\/03\/IMG_7418-1024x683.jpg' ><img alt='IMG_7418' class='item skip-lazy' data-class='item' data-ftg-source='https:\/\/grupamisyjna.misjonarze.pl\/wp-content\/uploads\/2023\/03\/IMG_7418-1024x683.jpg' src='https:\/\/grupamisyjna.misjonarze.pl\/wp-content\/uploads\/2023\/03\/IMG_7418-1024x683.jpg' width='1024' height='683' \/><span class='icon fa fa-zoom'><\/span><div class='caption-block'><div class='text-wrapper'><span class='title'>IMG_7418<\/span><\/div><\/div><\/a><div class='ftg-social'><\/div><\/div><div  class='tile ftg-preload  '><a title=\"IMG_7433\" data-lightbox='ftg-4949' rel='ftg-4949'  class=' tile-inner  ftg-lightbox' href='https:\/\/grupamisyjna.misjonarze.pl\/wp-content\/uploads\/2023\/03\/IMG_7433-1024x683.jpg' ><img alt='IMG_7433' class='item skip-lazy' data-class='item' data-ftg-source='https:\/\/grupamisyjna.misjonarze.pl\/wp-content\/uploads\/2023\/03\/IMG_7433-1024x683.jpg' src='https:\/\/grupamisyjna.misjonarze.pl\/wp-content\/uploads\/2023\/03\/IMG_7433-1024x683.jpg' width='1024' height='683' \/><span class='icon fa fa-zoom'><\/span><div class='caption-block'><div class='text-wrapper'><span class='title'>IMG_7433<\/span><\/div><\/div><\/a><div class='ftg-social'><\/div><\/div><div  class='tile ftg-preload  '><a title=\"20230326_151928\" data-lightbox='ftg-4949' rel='ftg-4949'  class=' tile-inner  ftg-lightbox' href='https:\/\/grupamisyjna.misjonarze.pl\/wp-content\/uploads\/2023\/03\/20230326_151928-768x1024.jpg' ><img alt='20230326_151928' class='item skip-lazy' data-class='item' data-ftg-source='https:\/\/grupamisyjna.misjonarze.pl\/wp-content\/uploads\/2023\/03\/20230326_151928-768x1024.jpg' src='https:\/\/grupamisyjna.misjonarze.pl\/wp-content\/uploads\/2023\/03\/20230326_151928-768x1024.jpg' width='768' height='1024' \/><span class='icon fa fa-zoom'><\/span><div class='caption-block'><div class='text-wrapper'><span class='title'>20230326_151928<\/span><\/div><\/div><\/a><div class='ftg-social'><\/div><\/div><div  class='tile ftg-preload  '><a title=\"20230326_152008\" data-lightbox='ftg-4949' rel='ftg-4949'  class=' tile-inner  ftg-lightbox' href='https:\/\/grupamisyjna.misjonarze.pl\/wp-content\/uploads\/2023\/03\/20230326_152008-768x1024.jpg' ><img alt='20230326_152008' class='item skip-lazy' data-class='item' data-ftg-source='https:\/\/grupamisyjna.misjonarze.pl\/wp-content\/uploads\/2023\/03\/20230326_152008-768x1024.jpg' src='https:\/\/grupamisyjna.misjonarze.pl\/wp-content\/uploads\/2023\/03\/20230326_152008-768x1024.jpg' width='768' height='1024' \/><span class='icon fa fa-zoom'><\/span><div class='caption-block'><div class='text-wrapper'><span class='title'>20230326_152008<\/span><\/div><\/div><\/a><div class='ftg-social'><\/div><\/div><\/div><\/div><\/div>\n<div><\/div>\n<div><\/div>\n<div style=\"text-align: justify;\"><span style=\"font-family: georgia, palatino, serif; font-size: 14pt;\"><strong>Parafia NMP Kr\u00f3lowej R\u00f3\u017ca\u0144ca \u015awi\u0119tego w Gda\u0144sku <\/strong><\/span><\/div>\n<div style=\"text-align: justify;\"><span style=\"font-family: georgia, palatino, serif; font-size: 14pt;\">Ciekawe do\u015bwiadczenie. Parafia liczy ok. 20000 tysi\u0119cy parafian, na rekolekcje przychodzi\u0142o mo\u017ce ok. 800-900 parafian. [&#8230;]\u00a0 Szko\u0142a specjalna, gdzie jest m\u0142odzie\u017c z zespo\u0142em Downa, spisa\u0142a si\u0119 na medal &#8211; fajna grupa, a\u017c chcia\u0142o si\u0119 do nich m\u00f3wi\u0107. [&#8230;] Ludzie, kt\u00f3rzy przychodzili na nauki, wiedzieli po co przychodz\u0105.\u00a0<\/span><\/div>\n<div style=\"text-align: right;\"><em><span style=\"font-family: georgia, palatino, serif; font-size: 14pt;\">ks. Franciszek Popowicz\u00a0<\/span><\/em><\/div>\n<div><\/div>\n<div><!-- Final Tiles Grid Gallery for WordPress v3.6.13 free --><style>#ftg-5050 .tile .icon { color:#ffffff; }#ftg-5050 .ftg-items .loading-bar i { background:#666; }#ftg-5050 .ftg-items .loading-bar { background:#fff; }#ftg-5050 .tile .icon { font-size:12px; }#ftg-5050 .tile .icon { margin: -6px 0 0 -6px; }#ftg-5050 .tile .caption-block .text-wrapper span.text { font-size:12px; }#ftg-5050 .tile .caption-outside .text-wrapper span.text { font-size:12px; }#ftg-5050 .tile .caption-block .text-wrapper span.title { font-size:14px; }#ftg-5050 .tile .caption-outside .text-wrapper span.title { font-size:14px; }#ftg-5050 .tile { background-color: transparent; }#ftg-5050 .tile .caption-block .text-wrapper span.text { color: #ffffff; }#ftg-5050 .tile .caption-block .text-wrapper span.title { color: #ffffff; }#ftg-5050 .tile .caption-outside .text-wrapper span.text { color: #ffffff; }#ftg-5050 .tile .caption-outside .text-wrapper span.title { color: #ffffff; }#ftg-5050 .tile .ftg-social a { color: #ffffff; }#ftg-5050 .tile .caption-block { transition-timing-function:linear; }#ftg-5050 .tile .caption-block { transition-duration:0.25s; }#ftg-5050 .tile .tile-inner:before { background-color: #000000; }#ftg-5050 .tile .tile-inner:before { background-color: rgba(0, 0, 0, 0.8); }<\/style><a name=\"50\"><\/a><div class=\"final-tiles-gallery  ftg-hover-enabled caption-inside  caption-none caption-middle caption-center\" id=\"ftg-5050\" style=\"width: 100%\"><div class='ftg-items'><div class='loading-bar'><i><\/i><\/div><div  class='tile ftg-preload  '><a title=\"IMG_20230328_082728_resized_20230330_100905562\" data-lightbox='ftg-5050' rel='ftg-5050'  class=' tile-inner  ftg-lightbox' href='https:\/\/grupamisyjna.misjonarze.pl\/wp-content\/uploads\/2023\/03\/IMG_20230328_082728_resized_20230330_100905562-1024x768.jpg' ><img alt='IMG_20230328_082728_resized_20230330_100905562' class='item skip-lazy' data-class='item' data-ftg-source='https:\/\/grupamisyjna.misjonarze.pl\/wp-content\/uploads\/2023\/03\/IMG_20230328_082728_resized_20230330_100905562-1024x768.jpg' src='https:\/\/grupamisyjna.misjonarze.pl\/wp-content\/uploads\/2023\/03\/IMG_20230328_082728_resized_20230330_100905562-1024x768.jpg' width='1024' height='768' \/><span class='icon fa fa-zoom'><\/span><div class='caption-block'><div class='text-wrapper'><span class='title'>IMG_20230328_082728_resized_20230330_100905562<\/span><\/div><\/div><\/a><div class='ftg-social'><\/div><\/div><div  class='tile ftg-preload  '><a title=\"IMG_20230328_082721_resized_20230330_100904817\" data-lightbox='ftg-5050' rel='ftg-5050'  class=' tile-inner  ftg-lightbox' href='https:\/\/grupamisyjna.misjonarze.pl\/wp-content\/uploads\/2023\/03\/IMG_20230328_082721_resized_20230330_100904817-1024x768.jpg' ><img alt='IMG_20230328_082721_resized_20230330_100904817' class='item skip-lazy' data-class='item' data-ftg-source='https:\/\/grupamisyjna.misjonarze.pl\/wp-content\/uploads\/2023\/03\/IMG_20230328_082721_resized_20230330_100904817-1024x768.jpg' src='https:\/\/grupamisyjna.misjonarze.pl\/wp-content\/uploads\/2023\/03\/IMG_20230328_082721_resized_20230330_100904817-1024x768.jpg' width='1024' height='768' \/><span class='icon fa fa-zoom'><\/span><div class='caption-block'><div class='text-wrapper'><span class='title'>IMG_20230328_082721_resized_20230330_100904817<\/span><\/div><\/div><\/a><div class='ftg-social'><\/div><\/div><div  class='tile ftg-preload  '><a title=\"IMG-20230331-WA0000\" data-lightbox='ftg-5050' rel='ftg-5050'  class=' tile-inner  ftg-lightbox' href='https:\/\/grupamisyjna.misjonarze.pl\/wp-content\/uploads\/2023\/03\/IMG-20230331-WA0000-768x1024.jpg' ><img alt='IMG-20230331-WA0000' class='item skip-lazy' data-class='item' data-ftg-source='https:\/\/grupamisyjna.misjonarze.pl\/wp-content\/uploads\/2023\/03\/IMG-20230331-WA0000-768x1024.jpg' src='https:\/\/grupamisyjna.misjonarze.pl\/wp-content\/uploads\/2023\/03\/IMG-20230331-WA0000-768x1024.jpg' width='768' height='1024' \/><span class='icon fa fa-zoom'><\/span><div class='caption-block'><div class='text-wrapper'><span class='title'>IMG-20230331-WA0000<\/span><\/div><\/div><\/a><div class='ftg-social'><\/div><\/div><div  class='tile ftg-preload  '><a title=\"IMG-20230331-WA0001\" data-lightbox='ftg-5050' rel='ftg-5050'  class=' tile-inner  ftg-lightbox' href='https:\/\/grupamisyjna.misjonarze.pl\/wp-content\/uploads\/2023\/03\/IMG-20230331-WA0001-768x1024.jpg' ><img alt='IMG-20230331-WA0001' class='item skip-lazy' data-class='item' data-ftg-source='https:\/\/grupamisyjna.misjonarze.pl\/wp-content\/uploads\/2023\/03\/IMG-20230331-WA0001-768x1024.jpg' src='https:\/\/grupamisyjna.misjonarze.pl\/wp-content\/uploads\/2023\/03\/IMG-20230331-WA0001-768x1024.jpg' width='768' height='1024' \/><span class='icon fa fa-zoom'><\/span><div class='caption-block'><div class='text-wrapper'><span class='title'>IMG-20230331-WA0001<\/span><\/div><\/div><\/a><div class='ftg-social'><\/div><\/div><\/div><\/div><\/div>\n<div><\/div>\n<div><\/div>\n<div>\n<p><strong><span style=\"font-family: georgia, palatino, serif; font-size: 14pt;\">Parafia \u015bw. Tr\u00f3jcy w Bydgoszczy<\/span><\/strong><\/p>\n<p style=\"text-align: justify;\"><span style=\"font-family: georgia, palatino, serif; font-size: 14pt;\">Ko\u015bci\u00f3\u0142 zadbany, pi\u0119kny, dobrze nag\u0142o\u015bniony. Ludzi przychodzi niewiele, bo to dzielnica starych kamienic, ale s\u0142uchaj\u0105 ch\u0119tnie, wi\u0119c m\u00f3wi si\u0119 dobrze. M\u0142odzie\u017cy z zespo\u0142u szk\u00f3\u0142 przychodzi pe\u0142en ko\u015bci\u00f3\u0142, cho\u0107 zainteresowanych wydaje si\u0119 niewielu (alternatyw\u0105 s\u0105 lekcje w szkole). S\u0105 zdyscyplinowani i, mimo pierwszego wra\u017cenia niezbyt pozytywnego (powszechne kom\u00f3rki), udaje si\u0119 z nimi nawi\u0105za\u0107 kontakt. S\u0142u\u017cba liturgiczna, schola s\u0105 ch\u0119tni do pomocy. <\/span><\/p>\n<p style=\"text-align: right;\"><span style=\"font-family: georgia, palatino, serif; font-size: 14pt;\">Pozdrawiam,<\/span><\/p>\n<p style=\"text-align: right;\"><em><span style=\"font-family: georgia, palatino, serif; font-size: 14pt;\">ks. Andrzej Giero\u0144<\/span><\/em><\/p>\n<p>&nbsp;<\/p>\n<!-- Final Tiles Grid Gallery for WordPress v3.6.13 free --><style>#ftg-5151 .tile .icon { color:#ffffff; }#ftg-5151 .ftg-items .loading-bar i { background:#666; }#ftg-5151 .ftg-items .loading-bar { background:#fff; }#ftg-5151 .tile .icon { font-size:12px; }#ftg-5151 .tile .icon { margin: -6px 0 0 -6px; }#ftg-5151 .tile .caption-block .text-wrapper span.text { font-size:12px; }#ftg-5151 .tile .caption-outside .text-wrapper span.text { font-size:12px; }#ftg-5151 .tile .caption-block .text-wrapper span.title { font-size:14px; }#ftg-5151 .tile .caption-outside .text-wrapper span.title { font-size:14px; }#ftg-5151 .tile { background-color: transparent; }#ftg-5151 .tile .caption-block .text-wrapper span.text { color: #ffffff; }#ftg-5151 .tile .caption-block .text-wrapper span.title { color: #ffffff; }#ftg-5151 .tile .caption-outside .text-wrapper span.text { color: #ffffff; }#ftg-5151 .tile .caption-outside .text-wrapper span.title { color: #ffffff; }#ftg-5151 .tile .ftg-social a { color: #ffffff; }#ftg-5151 .tile .caption-block { transition-timing-function:linear; }#ftg-5151 .tile .caption-block { transition-duration:0.25s; }#ftg-5151 .tile .tile-inner:before { background-color: #000000; }#ftg-5151 .tile .tile-inner:before { background-color: rgba(0, 0, 0, 0.8); }<\/style><a name=\"51\"><\/a><div class=\"final-tiles-gallery  ftg-hover-enabled caption-inside  caption-none caption-middle caption-center\" id=\"ftg-5151\" style=\"width: 100%\"><div class='ftg-items'><div class='loading-bar'><i><\/i><\/div><div  class='tile ftg-preload  '><a title=\"1680391580557\" data-lightbox='ftg-5151' rel='ftg-5151'  class=' tile-inner  ftg-lightbox' href='https:\/\/grupamisyjna.misjonarze.pl\/wp-content\/uploads\/2023\/04\/1680391580557.jpg' ><img alt='1680391580557' class='item skip-lazy' data-class='item' data-ftg-source='https:\/\/grupamisyjna.misjonarze.pl\/wp-content\/uploads\/2023\/04\/1680391580557.jpg' src='https:\/\/grupamisyjna.misjonarze.pl\/wp-content\/uploads\/2023\/04\/1680391580557.jpg' width='1024' height='768' \/><span class='icon fa fa-zoom'><\/span><div class='caption-block'><div class='text-wrapper'><span class='title'>1680391580557<\/span><\/div><\/div><\/a><div class='ftg-social'><\/div><\/div><div  class='tile ftg-preload  '><a title=\"1680391441580\" data-lightbox='ftg-5151' rel='ftg-5151'  class=' tile-inner  ftg-lightbox' href='https:\/\/grupamisyjna.misjonarze.pl\/wp-content\/uploads\/2023\/04\/1680391441580-768x1024.jpg' ><img alt='1680391441580' class='item skip-lazy' data-class='item' data-ftg-source='https:\/\/grupamisyjna.misjonarze.pl\/wp-content\/uploads\/2023\/04\/1680391441580-768x1024.jpg' src='https:\/\/grupamisyjna.misjonarze.pl\/wp-content\/uploads\/2023\/04\/1680391441580-768x1024.jpg' width='768' height='1024' \/><span class='icon fa fa-zoom'><\/span><div class='caption-block'><div class='text-wrapper'><span class='title'>1680391441580<\/span><\/div><\/div><\/a><div class='ftg-social'><\/div><\/div><div  class='tile ftg-preload  '><a title=\"1680391425249\" data-lightbox='ftg-5151' rel='ftg-5151'  class=' tile-inner  ftg-lightbox' href='https:\/\/grupamisyjna.misjonarze.pl\/wp-content\/uploads\/2023\/04\/1680391425249-768x1024.jpg' ><img alt='1680391425249' class='item skip-lazy' data-class='item' data-ftg-source='https:\/\/grupamisyjna.misjonarze.pl\/wp-content\/uploads\/2023\/04\/1680391425249-768x1024.jpg' src='https:\/\/grupamisyjna.misjonarze.pl\/wp-content\/uploads\/2023\/04\/1680391425249-768x1024.jpg' width='768' height='1024' \/><span class='icon fa fa-zoom'><\/span><div class='caption-block'><div class='text-wrapper'><span class='title'>1680391425249<\/span><\/div><\/div><\/a><div class='ftg-social'><\/div><\/div><div  class='tile ftg-preload  '><a title=\"1680391397248\" data-lightbox='ftg-5151' rel='ftg-5151'  class=' tile-inner  ftg-lightbox' href='https:\/\/grupamisyjna.misjonarze.pl\/wp-content\/uploads\/2023\/04\/1680391397248.jpg' ><img alt='1680391397248' class='item skip-lazy' data-class='item' data-ftg-source='https:\/\/grupamisyjna.misjonarze.pl\/wp-content\/uploads\/2023\/04\/1680391397248.jpg' src='https:\/\/grupamisyjna.misjonarze.pl\/wp-content\/uploads\/2023\/04\/1680391397248.jpg' width='1024' height='768' \/><span class='icon fa fa-zoom'><\/span><div class='caption-block'><div class='text-wrapper'><span class='title'>1680391397248<\/span><\/div><\/div><\/a><div class='ftg-social'><\/div><\/div><\/div><\/div>\n<\/div>\n<p>&nbsp;<\/p>\n<p>&nbsp;<\/p>\n<p style=\"font-weight: 400;\"><strong><span style=\"font-family: georgia, palatino, serif; font-size: 14pt;\">Parafia Tr\u00f3jcy Przenaj\u015bwi\u0119tszej w Rybniku<\/span><\/strong><\/p>\n<p style=\"font-weight: 400;\"><span style=\"font-family: georgia, palatino, serif; font-size: 14pt;\">W dniach 26-30 marca 2023 r. rekolekcje dla dzieci i doros\u0142ych priwadzi\u0142 ks. <\/span><span style=\"font-family: georgia, palatino, serif; font-size: 14pt;\">Pawe\u0142 Szyma\u0144ski CM.<\/span><\/p>\n<p>&nbsp;<\/p>\n<!-- Final Tiles Grid Gallery for WordPress v3.6.13 free --><style>#ftg-5252 .tile .icon { color:#ffffff; }#ftg-5252 .ftg-items .loading-bar i { background:#666; }#ftg-5252 .ftg-items .loading-bar { background:#fff; }#ftg-5252 .tile .icon { font-size:12px; }#ftg-5252 .tile .icon { margin: -6px 0 0 -6px; }#ftg-5252 .tile .caption-block .text-wrapper span.text { font-size:12px; }#ftg-5252 .tile .caption-outside .text-wrapper span.text { font-size:12px; }#ftg-5252 .tile .caption-block .text-wrapper span.title { font-size:14px; }#ftg-5252 .tile .caption-outside .text-wrapper span.title { font-size:14px; }#ftg-5252 .tile { background-color: transparent; }#ftg-5252 .tile .caption-block .text-wrapper span.text { color: #ffffff; }#ftg-5252 .tile .caption-block .text-wrapper span.title { color: #ffffff; }#ftg-5252 .tile .caption-outside .text-wrapper span.text { color: #ffffff; }#ftg-5252 .tile .caption-outside .text-wrapper span.title { color: #ffffff; }#ftg-5252 .tile .ftg-social a { color: #ffffff; }#ftg-5252 .tile .caption-block { transition-duration:0.25s; }#ftg-5252 .tile .tile-inner:before { background-color: #000000; }#ftg-5252 .tile .tile-inner:before { background-color: rgba(0, 0, 0, 0.8); }#ftg-5252 .tile:hover img {-moz-transform: -moz-rotate(0deg) -moz-scale(0) ;-webkit-transform: -webkit-rotate(0deg) -webkit-scale(0) ;-o-transform: -o-rotate(0deg) -o-scale(0) ;-ms-transform: -ms-rotate(0deg) -ms-scale(0) ;transform: rotate(0deg) scale(0) ;}<\/style><a name=\"52\"><\/a><div class=\"final-tiles-gallery  ftg-hover-enabled caption-inside  caption-none caption-middle caption-center\" id=\"ftg-5252\" style=\"width: 100%\"><div class='ftg-items'><div class='loading-bar'><i><\/i><\/div><div  class='tile ftg-preload  '><a title=\"Rybnik-3\" data-lightbox='ftg-5252' rel='ftg-5252'  class=' tile-inner  ftg-lightbox' href='https:\/\/grupamisyjna.misjonarze.pl\/wp-content\/uploads\/2023\/04\/Rybnik-3-1024x771.jpg' ><img alt='Rybnik-3' class='item skip-lazy' data-class='item' data-ftg-source='https:\/\/grupamisyjna.misjonarze.pl\/wp-content\/uploads\/2023\/04\/Rybnik-3-1024x771.jpg' src='https:\/\/grupamisyjna.misjonarze.pl\/wp-content\/uploads\/2023\/04\/Rybnik-3-1024x771.jpg' width='1024' height='771' \/><div class='caption-block'><div class='text-wrapper'><span class='title'>Rybnik-3<\/span><\/div><\/div><\/a><div class='ftg-social'><\/div><\/div><div  class='tile ftg-preload  '><a title=\"Rybnik-4\" data-lightbox='ftg-5252' rel='ftg-5252'  class=' tile-inner  ftg-lightbox' href='https:\/\/grupamisyjna.misjonarze.pl\/wp-content\/uploads\/2023\/04\/Rybnik-4-768x1024.jpg' ><img alt='Rybnik-4' class='item skip-lazy' data-class='item' data-ftg-source='https:\/\/grupamisyjna.misjonarze.pl\/wp-content\/uploads\/2023\/04\/Rybnik-4-768x1024.jpg' src='https:\/\/grupamisyjna.misjonarze.pl\/wp-content\/uploads\/2023\/04\/Rybnik-4-768x1024.jpg' width='768' height='1024' \/><div class='caption-block'><div class='text-wrapper'><span class='title'>Rybnik-4<\/span><\/div><\/div><\/a><div class='ftg-social'><\/div><\/div><\/div><\/div>\n<p>&nbsp;<\/p>\n<p><span style=\"font-family: georgia, palatino, serif; font-size: 14pt;\"><span style=\"font-family: georgia, palatino, serif;\"><span style=\"font-size: 14pt;\"><b>Rekolekcje w Parafii <\/b><\/span><span style=\"font-size: 18.6667px;\"><b>Wniebowzi\u0119cia<\/b><\/span><span style=\"font-size: 14pt;\"><b>\u00a0NMP w Siemiatyczach<\/b><\/span><\/span><\/span><\/p>\n<p style=\"text-align: justify;\"><span style=\"font-family: georgia, palatino, serif; font-size: 14pt;\">Ksi\u0119\u017ca misjonarze kontynuuj\u0105 wsp\u00f3\u0142prac\u0119 z parafi\u0105 w Siemiatyczach. W V Tygodniu Wielkiego Postu, w dniach 26 &#8211; 28.03, rekolekcje wyg\u0142osi\u0142 ks. Prof. Przemys\u0142aw Nowakowski CM. Wzi\u0119li w nich liczny udzia\u0142 tak\u017ce wierni spoza parafii. Spowied\u017a rekolekcyjna trwa\u0142a dwa dni. Rekolekcjonista wyg\u0142osi\u0142 dodatkowo nauki dla dzieci i m\u0142odzie\u017cy szkolnej.<\/span><\/p>\n<p>&nbsp;<\/p>\n<!-- Final Tiles Grid Gallery for WordPress v3.6.13 free --><style>#ftg-5353 .tile .icon { color:#ffffff; }#ftg-5353 .ftg-items .loading-bar i { background:#666; }#ftg-5353 .ftg-items .loading-bar { background:#fff; }#ftg-5353 .tile .icon { font-size:12px; }#ftg-5353 .tile .icon { margin: -6px 0 0 -6px; }#ftg-5353 .tile .caption-block .text-wrapper span.text { font-size:12px; }#ftg-5353 .tile .caption-outside .text-wrapper span.text { font-size:12px; }#ftg-5353 .tile .caption-block .text-wrapper span.title { font-size:14px; }#ftg-5353 .tile .caption-outside .text-wrapper span.title { font-size:14px; }#ftg-5353 .tile { background-color: transparent; }#ftg-5353 .tile .caption-block .text-wrapper span.text { color: #ffffff; }#ftg-5353 .tile .caption-block .text-wrapper span.title { color: #ffffff; }#ftg-5353 .tile .caption-outside .text-wrapper span.text { color: #ffffff; }#ftg-5353 .tile .caption-outside .text-wrapper span.title { color: #ffffff; }#ftg-5353 .tile .ftg-social a { color: #ffffff; }#ftg-5353 .tile .caption-block { transition-timing-function:linear; }#ftg-5353 .tile .caption-block { transition-duration:0.25s; }#ftg-5353 .tile .tile-inner:before { background-color: #000000; }#ftg-5353 .tile .tile-inner:before { background-color: rgba(0, 0, 0, 0.8); }<\/style><a name=\"53\"><\/a><div class=\"final-tiles-gallery  ftg-hover-enabled caption-inside  caption-none caption-middle caption-center\" id=\"ftg-5353\" style=\"width: 100%\"><div class='ftg-items'><div class='loading-bar'><i><\/i><\/div><div  class='tile ftg-preload  '><a title=\"IMG-20230402-WA0000\" data-lightbox='ftg-5353' rel='ftg-5353'  class=' tile-inner  ftg-lightbox' href='https:\/\/grupamisyjna.misjonarze.pl\/wp-content\/uploads\/2023\/04\/IMG-20230402-WA0000-1024x462.jpg' ><img alt='IMG-20230402-WA0000' class='item skip-lazy' data-class='item' data-ftg-source='https:\/\/grupamisyjna.misjonarze.pl\/wp-content\/uploads\/2023\/04\/IMG-20230402-WA0000-1024x462.jpg' src='https:\/\/grupamisyjna.misjonarze.pl\/wp-content\/uploads\/2023\/04\/IMG-20230402-WA0000-1024x462.jpg' width='1024' height='462' \/><span class='icon fa fa-zoom'><\/span><div class='caption-block'><div class='text-wrapper'><span class='title'>IMG-20230402-WA0000<\/span><\/div><\/div><\/a><div class='ftg-social'><\/div><\/div><div  class='tile ftg-preload  '><a title=\"IMG-20230402-WA0006\" data-lightbox='ftg-5353' rel='ftg-5353'  class=' tile-inner  ftg-lightbox' href='https:\/\/grupamisyjna.misjonarze.pl\/wp-content\/uploads\/2023\/04\/IMG-20230402-WA0006.jpg' ><img alt='IMG-20230402-WA0006' class='item skip-lazy' data-class='item' data-ftg-source='https:\/\/grupamisyjna.misjonarze.pl\/wp-content\/uploads\/2023\/04\/IMG-20230402-WA0006.jpg' src='https:\/\/grupamisyjna.misjonarze.pl\/wp-content\/uploads\/2023\/04\/IMG-20230402-WA0006.jpg' width='640' height='480' \/><span class='icon fa fa-zoom'><\/span><div class='caption-block'><div class='text-wrapper'><span class='title'>IMG-20230402-WA0006<\/span><\/div><\/div><\/a><div class='ftg-social'><\/div><\/div><div  class='tile ftg-preload  '><a title=\"IMG-20230402-WA0004\" data-lightbox='ftg-5353' rel='ftg-5353'  class=' tile-inner  ftg-lightbox' href='https:\/\/grupamisyjna.misjonarze.pl\/wp-content\/uploads\/2023\/04\/IMG-20230402-WA0004-460x1024.jpg' ><img alt='IMG-20230402-WA0004' class='item skip-lazy' data-class='item' data-ftg-source='https:\/\/grupamisyjna.misjonarze.pl\/wp-content\/uploads\/2023\/04\/IMG-20230402-WA0004-460x1024.jpg' src='https:\/\/grupamisyjna.misjonarze.pl\/wp-content\/uploads\/2023\/04\/IMG-20230402-WA0004-460x1024.jpg' width='460' height='1024' \/><span class='icon fa fa-zoom'><\/span><div class='caption-block'><div class='text-wrapper'><span class='title'>IMG-20230402-WA0004<\/span><\/div><\/div><\/a><div class='ftg-social'><\/div><\/div><div  class='tile ftg-preload  '><a title=\"IMG-20230402-WA0003\" data-lightbox='ftg-5353' rel='ftg-5353'  class=' tile-inner  ftg-lightbox' href='https:\/\/grupamisyjna.misjonarze.pl\/wp-content\/uploads\/2023\/04\/IMG-20230402-WA0003.jpg' ><img alt='IMG-20230402-WA0003' class='item skip-lazy' data-class='item' data-ftg-source='https:\/\/grupamisyjna.misjonarze.pl\/wp-content\/uploads\/2023\/04\/IMG-20230402-WA0003.jpg' src='https:\/\/grupamisyjna.misjonarze.pl\/wp-content\/uploads\/2023\/04\/IMG-20230402-WA0003.jpg' width='480' height='640' \/><span class='icon fa fa-zoom'><\/span><div class='caption-block'><div class='text-wrapper'><span class='title'>IMG-20230402-WA0003<\/span><\/div><\/div><\/a><div class='ftg-social'><\/div><\/div><div  class='tile ftg-preload  '><a title=\"IMG-20230402-WA0005\" data-lightbox='ftg-5353' rel='ftg-5353'  class=' tile-inner  ftg-lightbox' href='https:\/\/grupamisyjna.misjonarze.pl\/wp-content\/uploads\/2023\/04\/IMG-20230402-WA0005-1024x460.jpg' ><img alt='IMG-20230402-WA0005' class='item skip-lazy' data-class='item' data-ftg-source='https:\/\/grupamisyjna.misjonarze.pl\/wp-content\/uploads\/2023\/04\/IMG-20230402-WA0005-1024x460.jpg' src='https:\/\/grupamisyjna.misjonarze.pl\/wp-content\/uploads\/2023\/04\/IMG-20230402-WA0005-1024x460.jpg' width='1024' height='460' \/><span class='icon fa fa-zoom'><\/span><div class='caption-block'><div class='text-wrapper'><span class='title'>IMG-20230402-WA0005<\/span><\/div><\/div><\/a><div class='ftg-social'><\/div><\/div><div  class='tile ftg-preload  '><a title=\"IMG-20230402-WA0002\" data-lightbox='ftg-5353' rel='ftg-5353'  class=' tile-inner  ftg-lightbox' href='https:\/\/grupamisyjna.misjonarze.pl\/wp-content\/uploads\/2023\/04\/IMG-20230402-WA0002.jpg' ><img alt='IMG-20230402-WA0002' class='item skip-lazy' data-class='item' data-ftg-source='https:\/\/grupamisyjna.misjonarze.pl\/wp-content\/uploads\/2023\/04\/IMG-20230402-WA0002.jpg' src='https:\/\/grupamisyjna.misjonarze.pl\/wp-content\/uploads\/2023\/04\/IMG-20230402-WA0002.jpg' width='480' height='640' \/><span class='icon fa fa-zoom'><\/span><div class='caption-block'><div class='text-wrapper'><span class='title'>IMG-20230402-WA0002<\/span><\/div><\/div><\/a><div class='ftg-social'><\/div><\/div><div  class='tile ftg-preload  '><a title=\"IMG-20230402-WA0001\" data-lightbox='ftg-5353' rel='ftg-5353'  class=' tile-inner  ftg-lightbox' href='https:\/\/grupamisyjna.misjonarze.pl\/wp-content\/uploads\/2023\/04\/IMG-20230402-WA0001.jpg' ><img alt='IMG-20230402-WA0001' class='item skip-lazy' data-class='item' data-ftg-source='https:\/\/grupamisyjna.misjonarze.pl\/wp-content\/uploads\/2023\/04\/IMG-20230402-WA0001.jpg' src='https:\/\/grupamisyjna.misjonarze.pl\/wp-content\/uploads\/2023\/04\/IMG-20230402-WA0001.jpg' width='480' height='640' \/><span class='icon fa fa-zoom'><\/span><div class='caption-block'><div class='text-wrapper'><span class='title'>IMG-20230402-WA0001<\/span><\/div><\/div><\/a><div class='ftg-social'><\/div><\/div><\/div><\/div>\n<p>&nbsp;<\/p>\n<p><strong><span style=\"font-family: georgia, palatino, serif; font-size: 14pt;\">Parafia \u015bw. Wojciecha w Krakowie<\/span><\/strong><\/p>\n<div style=\"text-align: justify;\"><span style=\"font-family: georgia, palatino, serif; font-size: 14pt;\">W g\u0142oszenie rekolekcji przez grup\u0119 rekolekcyjno-misyjn\u0105 w\u0142\u0105czy\u0142 si\u0119 w tym roku ks. Adam Sejbuk CM, dyrektor Wy\u017cszego Seminarium Duchownego Ksi\u0119\u017cy Misjonarzy w Krakowie. Oto jego relacja:<\/span><\/div>\n<div><\/div>\n<div style=\"text-align: justify;\"><span style=\"font-family: georgia, palatino, serif; font-size: 14pt;\">W V tygodniu Wielkiego Postu razem z dwoma klerykami naszego misjonarskiego seminarium g\u0142osi\u0142em rekolekcje w parafii pw. \u015bw. Wojciecha w Krakowie, kt\u00f3rych tematem by\u0142a \u0142aska, a w\u0142a\u015bciwie \u0141aska, czyli B\u00f3g, kt\u00f3ry daje si\u0119 cz\u0142owiekowi za darmo. Kilkuset parafian s\u0142ucha\u0142o zatem kaza\u0144 i konferencji stanowych o tym, jak dzia\u0142a B\u00f3g i jak mo\u017cemy lepiej odpowiada\u0107 na Jego dzia\u0142anie. Ciesz\u0119 si\u0119 z tego pi\u0119knego do\u015bwiadczenia spotkania z parafianami, a tak\u017ce z dzie\u0107mi i m\u0142odzie\u017c\u0105 ze szko\u0142y podstawowej. To by\u0142 dobry czas, kt\u00f3ry zako\u0144czyli\u015bmy aktem ofiarowania \u017cycia Jezusowi oraz zawierzeniem Maryi.<br \/>\n<\/span><\/div>\n<div style=\"text-align: justify;\"><span style=\"font-family: georgia, palatino, serif; font-size: 14pt;\">Dzi\u0119kuj\u0119 Ksi\u0119dzu Proboszczowi i wszystkim duszpasterzom za przyj\u0119cie mnie i kleryk\u00f3w we wsp\u00f3lnocie parafialnej, a wszystkim uczestnikom nie tylko za \u015bwiadectwo s\u0142uchania o Bogu, ale przede wszystkim za osobiste zaanga\u017cowanie w pog\u0142\u0119bianie relacji z Jezusem<i>.<\/i><\/span><\/div>\n<div style=\"text-align: right;\"><span style=\"font-family: georgia, palatino, serif; font-size: 14pt;\">ks. Adam Sejbuk CM<\/span><\/div>\n<p>&nbsp;<\/p>\n<!-- Final Tiles Grid Gallery for WordPress v3.6.13 free --><style>#ftg-5454 .tile .icon { color:#ffffff; }#ftg-5454 .ftg-items .loading-bar i { background:#666; }#ftg-5454 .ftg-items .loading-bar { background:#fff; }#ftg-5454 .tile .icon { font-size:12px; }#ftg-5454 .tile .icon { margin: -6px 0 0 -6px; }#ftg-5454 .tile .caption-block .text-wrapper span.text { font-size:12px; }#ftg-5454 .tile .caption-outside .text-wrapper span.text { font-size:12px; }#ftg-5454 .tile .caption-block .text-wrapper span.title { font-size:14px; }#ftg-5454 .tile .caption-outside .text-wrapper span.title { font-size:14px; }#ftg-5454 .tile { background-color: transparent; }#ftg-5454 .tile .caption-block .text-wrapper span.text { color: #ffffff; }#ftg-5454 .tile .caption-block .text-wrapper span.title { color: #ffffff; }#ftg-5454 .tile .caption-outside .text-wrapper span.text { color: #ffffff; }#ftg-5454 .tile .caption-outside .text-wrapper span.title { color: #ffffff; }#ftg-5454 .tile .ftg-social a { color: #ffffff; }#ftg-5454 .tile .caption-block { transition-timing-function:linear; }#ftg-5454 .tile .caption-block { transition-duration:0.25s; }#ftg-5454 .tile .tile-inner:before { background-color: #000000; }#ftg-5454 .tile .tile-inner:before { background-color: rgba(0, 0, 0, 0.8); }<\/style><a name=\"54\"><\/a><div class=\"final-tiles-gallery  ftg-hover-enabled caption-inside  caption-none caption-middle caption-center\" id=\"ftg-5454\" style=\"width: 100%\"><div class='ftg-items'><div class='loading-bar'><i><\/i><\/div><div  class='tile ftg-preload  '><a title=\"IMG-20230331-WA0004\" data-lightbox='ftg-5454' rel='ftg-5454'  class=' tile-inner  ftg-lightbox' href='https:\/\/grupamisyjna.misjonarze.pl\/wp-content\/uploads\/2023\/04\/IMG-20230331-WA0004.jpg' ><img alt='IMG-20230331-WA0004' class='item skip-lazy' data-class='item' data-ftg-source='https:\/\/grupamisyjna.misjonarze.pl\/wp-content\/uploads\/2023\/04\/IMG-20230331-WA0004.jpg' src='https:\/\/grupamisyjna.misjonarze.pl\/wp-content\/uploads\/2023\/04\/IMG-20230331-WA0004.jpg' width='1024' height='768' \/><span class='icon fa fa-zoom'><\/span><div class='caption-block'><div class='text-wrapper'><span class='title'>IMG-20230331-WA0004<\/span><\/div><\/div><\/a><div class='ftg-social'><\/div><\/div><div  class='tile ftg-preload  '><a title=\"IMG-20230331-WA0007\" data-lightbox='ftg-5454' rel='ftg-5454'  class=' tile-inner  ftg-lightbox' href='https:\/\/grupamisyjna.misjonarze.pl\/wp-content\/uploads\/2023\/04\/IMG-20230331-WA0007.jpg' ><img alt='IMG-20230331-WA0007' class='item skip-lazy' data-class='item' data-ftg-source='https:\/\/grupamisyjna.misjonarze.pl\/wp-content\/uploads\/2023\/04\/IMG-20230331-WA0007.jpg' src='https:\/\/grupamisyjna.misjonarze.pl\/wp-content\/uploads\/2023\/04\/IMG-20230331-WA0007.jpg' width='1024' height='768' \/><span class='icon fa fa-zoom'><\/span><div class='caption-block'><div class='text-wrapper'><span class='title'>IMG-20230331-WA0007<\/span><\/div><\/div><\/a><div class='ftg-social'><\/div><\/div><div  class='tile ftg-preload  '><a title=\"IMG-20230331-WA0003\" data-lightbox='ftg-5454' rel='ftg-5454'  class=' tile-inner  ftg-lightbox' href='https:\/\/grupamisyjna.misjonarze.pl\/wp-content\/uploads\/2023\/04\/IMG-20230331-WA0003.jpg' ><img alt='IMG-20230331-WA0003' class='item skip-lazy' data-class='item' data-ftg-source='https:\/\/grupamisyjna.misjonarze.pl\/wp-content\/uploads\/2023\/04\/IMG-20230331-WA0003.jpg' src='https:\/\/grupamisyjna.misjonarze.pl\/wp-content\/uploads\/2023\/04\/IMG-20230331-WA0003.jpg' width='768' height='1024' \/><span class='icon fa fa-zoom'><\/span><div class='caption-block'><div class='text-wrapper'><span class='title'>IMG-20230331-WA0003<\/span><\/div><\/div><\/a><div class='ftg-social'><\/div><\/div><div  class='tile ftg-preload  '><a title=\"IMG-20230331-WA0002\" data-lightbox='ftg-5454' rel='ftg-5454'  class=' tile-inner  ftg-lightbox' href='https:\/\/grupamisyjna.misjonarze.pl\/wp-content\/uploads\/2023\/04\/IMG-20230331-WA0002.jpg' ><img alt='IMG-20230331-WA0002' class='item skip-lazy' data-class='item' data-ftg-source='https:\/\/grupamisyjna.misjonarze.pl\/wp-content\/uploads\/2023\/04\/IMG-20230331-WA0002.jpg' src='https:\/\/grupamisyjna.misjonarze.pl\/wp-content\/uploads\/2023\/04\/IMG-20230331-WA0002.jpg' width='1024' height='768' \/><span class='icon fa fa-zoom'><\/span><div class='caption-block'><div class='text-wrapper'><span class='title'>IMG-20230331-WA0002<\/span><\/div><\/div><\/a><div class='ftg-social'><\/div><\/div><div  class='tile ftg-preload  '><a title=\"IMG-20230331-WA0006\" data-lightbox='ftg-5454' rel='ftg-5454'  class=' tile-inner  ftg-lightbox' href='https:\/\/grupamisyjna.misjonarze.pl\/wp-content\/uploads\/2023\/04\/IMG-20230331-WA0006.jpg' ><img alt='IMG-20230331-WA0006' class='item skip-lazy' data-class='item' data-ftg-source='https:\/\/grupamisyjna.misjonarze.pl\/wp-content\/uploads\/2023\/04\/IMG-20230331-WA0006.jpg' src='https:\/\/grupamisyjna.misjonarze.pl\/wp-content\/uploads\/2023\/04\/IMG-20230331-WA0006.jpg' width='768' height='1024' \/><span class='icon fa fa-zoom'><\/span><div class='caption-block'><div class='text-wrapper'><span class='title'>IMG-20230331-WA0006<\/span><\/div><\/div><\/a><div class='ftg-social'><\/div><\/div><\/div><\/div>\n<p><strong><span style=\"font-family: georgia, palatino, serif; font-size: 14pt;\">Parafia pw. \u015bw. Bart\u0142omieja w S\u0119p\u00f3lnie Kraje\u0144skim<\/span><\/strong><\/p>\n<p style=\"text-align: justify;\"><span style=\"font-family: georgia, palatino, serif; font-size: 14pt;\">25 marca rozpocz\u0119\u0142y si\u0119 rekolekcje wielkopostne w parafii pw. \u015bw. Bart\u0142omieja w S\u0119p\u00f3lnie Kraje\u0144skim. Te wielkopostne nauki duchowe by\u0142y dla dzieci szkolnych, m\u0142odzie\u017cy szk\u00f3\u0142 \u015brednich, za\u015b dla doros\u0142ych przewidziano nauki og\u00f3lne oraz\u00a0 spotkanie z rodzicami dzieci pierwszokomunijnych i m\u0142odzie\u017cy do bierzmowania. Tak\u017ce chorzy mieli swoje nabo\u017ce\u0144stwo w ramach rekolekcji. Bardzo mocnym duchowo prze\u017cyciem by\u0142a Droga krzy\u017cowa ulicami parafii, tym bardziej \u017ce uczestnicy szli w sporym deszczu. W przedostatnim dniu by\u0142a spowied\u017a \u015bwi\u0119ta, zdaniem Ks. Proboszcza, z licznym udzia\u0142em parafian. Te rekolekcyjne zaj\u0119cia zako\u0144czy\u0142y si\u0119 w niedziel\u0119 2 kwietnia b\u0142ogos\u0142awie\u0144stwem na ka\u017cdej Mszy \u015bw.\u00a0<\/span><\/p>\n<p style=\"text-align: right;\"><em><span style=\"font-family: georgia, palatino, serif; font-size: 14pt;\"> ks. Jaros\u0142aw Zieli\u0144ski CM<\/span><\/em><\/p>\n<p>&nbsp;<\/p>\n<!-- Final Tiles Grid Gallery for WordPress v3.6.13 free --><style>#ftg-5555 .tile .icon { color:#ffffff; }#ftg-5555 .ftg-items .loading-bar i { background:#666; }#ftg-5555 .ftg-items .loading-bar { background:#fff; }#ftg-5555 .tile .icon { font-size:12px; }#ftg-5555 .tile .icon { margin: -6px 0 0 -6px; }#ftg-5555 .tile .caption-block .text-wrapper span.text { font-size:12px; }#ftg-5555 .tile .caption-outside .text-wrapper span.text { font-size:12px; }#ftg-5555 .tile .caption-block .text-wrapper span.title { font-size:14px; }#ftg-5555 .tile .caption-outside .text-wrapper span.title { font-size:14px; }#ftg-5555 .tile { background-color: transparent; }#ftg-5555 .tile .caption-block .text-wrapper span.text { color: #ffffff; }#ftg-5555 .tile .caption-block .text-wrapper span.title { color: #ffffff; }#ftg-5555 .tile .caption-outside .text-wrapper span.text { color: #ffffff; }#ftg-5555 .tile .caption-outside .text-wrapper span.title { color: #ffffff; }#ftg-5555 .tile .ftg-social a { color: #ffffff; }#ftg-5555 .tile .caption-block { transition-timing-function:linear; }#ftg-5555 .tile .caption-block { transition-duration:0.25s; }#ftg-5555 .tile .tile-inner:before { background-color: #000000; }#ftg-5555 .tile .tile-inner:before { background-color: rgba(0, 0, 0, 0.8); }<\/style><a name=\"55\"><\/a><div class=\"final-tiles-gallery  ftg-hover-enabled caption-inside  caption-none caption-middle caption-center\" id=\"ftg-5555\" style=\"width: 100%\"><div class='ftg-items'><div class='loading-bar'><i><\/i><\/div><div  class='tile ftg-preload  '><a title=\"_DSC2927 (1)\" data-lightbox='ftg-5555' rel='ftg-5555'  class=' tile-inner  ftg-lightbox' href='https:\/\/grupamisyjna.misjonarze.pl\/wp-content\/uploads\/2023\/04\/DSC2927-1-1024x724.jpg' ><img alt='_DSC2927 (1)' class='item skip-lazy' data-class='item' data-ftg-source='https:\/\/grupamisyjna.misjonarze.pl\/wp-content\/uploads\/2023\/04\/DSC2927-1-1024x724.jpg' src='https:\/\/grupamisyjna.misjonarze.pl\/wp-content\/uploads\/2023\/04\/DSC2927-1-1024x724.jpg' width='1024' height='724' \/><span class='icon fa fa-zoom'><\/span><div class='caption-block'><div class='text-wrapper'><span class='title'>_DSC2927 (1)<\/span><\/div><\/div><\/a><div class='ftg-social'><\/div><\/div><div  class='tile ftg-preload  '><a title=\"_DSC2927\" data-lightbox='ftg-5555' rel='ftg-5555'  class=' tile-inner  ftg-lightbox' href='https:\/\/grupamisyjna.misjonarze.pl\/wp-content\/uploads\/2023\/04\/DSC2927-1024x724.jpg' ><img alt='_DSC2927' class='item skip-lazy' data-class='item' data-ftg-source='https:\/\/grupamisyjna.misjonarze.pl\/wp-content\/uploads\/2023\/04\/DSC2927-1024x724.jpg' src='https:\/\/grupamisyjna.misjonarze.pl\/wp-content\/uploads\/2023\/04\/DSC2927-1024x724.jpg' width='1024' height='724' \/><span class='icon fa fa-zoom'><\/span><div class='caption-block'><div class='text-wrapper'><span class='title'>_DSC2927<\/span><\/div><\/div><\/a><div class='ftg-social'><\/div><\/div><div  class='tile ftg-preload  '><a title=\"_DSC2930\" data-lightbox='ftg-5555' rel='ftg-5555'  class=' tile-inner  ftg-lightbox' href='https:\/\/grupamisyjna.misjonarze.pl\/wp-content\/uploads\/2023\/04\/DSC2930-1024x725.jpg' ><img alt='_DSC2930' class='item skip-lazy' data-class='item' data-ftg-source='https:\/\/grupamisyjna.misjonarze.pl\/wp-content\/uploads\/2023\/04\/DSC2930-1024x725.jpg' src='https:\/\/grupamisyjna.misjonarze.pl\/wp-content\/uploads\/2023\/04\/DSC2930-1024x725.jpg' width='1024' height='725' \/><span class='icon fa fa-zoom'><\/span><div class='caption-block'><div class='text-wrapper'><span class='title'>_DSC2930<\/span><\/div><\/div><\/a><div class='ftg-social'><\/div><\/div><div  class='tile ftg-preload  '><a title=\"_DSC2919\" data-lightbox='ftg-5555' rel='ftg-5555'  class=' tile-inner  ftg-lightbox' href='https:\/\/grupamisyjna.misjonarze.pl\/wp-content\/uploads\/2023\/04\/DSC2919-1024x725.jpg' ><img alt='_DSC2919' class='item skip-lazy' data-class='item' data-ftg-source='https:\/\/grupamisyjna.misjonarze.pl\/wp-content\/uploads\/2023\/04\/DSC2919-1024x725.jpg' src='https:\/\/grupamisyjna.misjonarze.pl\/wp-content\/uploads\/2023\/04\/DSC2919-1024x725.jpg' width='1024' height='725' \/><span class='icon fa fa-zoom'><\/span><div class='caption-block'><div class='text-wrapper'><span class='title'>_DSC2919<\/span><\/div><\/div><\/a><div class='ftg-social'><\/div><\/div><div  class='tile ftg-preload  '><a title=\"3693911740708554420\" data-lightbox='ftg-5555' rel='ftg-5555'  class=' tile-inner  ftg-lightbox' href='https:\/\/grupamisyjna.misjonarze.pl\/wp-content\/uploads\/2023\/04\/3693911740708554420.jpg' ><img alt='3693911740708554420' class='item skip-lazy' data-class='item' data-ftg-source='https:\/\/grupamisyjna.misjonarze.pl\/wp-content\/uploads\/2023\/04\/3693911740708554420.jpg' src='https:\/\/grupamisyjna.misjonarze.pl\/wp-content\/uploads\/2023\/04\/3693911740708554420.jpg' width='720' height='960' \/><span class='icon fa fa-zoom'><\/span><div class='caption-block'><div class='text-wrapper'><span class='title'>3693911740708554420<\/span><\/div><\/div><\/a><div class='ftg-social'><\/div><\/div><\/div><\/div>\n<p>&nbsp;<\/p>\n<p>&nbsp;<\/p>\n<p><span style=\"font-family: georgia, palatino, serif; font-size: 14pt;\"><strong>Rekolekcje w P\u0142otach<\/strong><\/span><\/p>\n<p style=\"text-align: justify;\"><span style=\"font-family: georgia, palatino, serif; font-size: 14pt;\">P\u0142oty. Diecezja szczeci\u0144sko \u2013 kamie\u0144ska. Parafia Przemienienia Pa\u0144skiego prowadzona przez <\/span><span style=\"font-family: georgia, palatino, serif; font-size: 14pt;\">kap\u0142an\u00f3w z Towarzystwa Chrystusowego. \u015awi\u0105tynia neogotycka wybudowana na pocz\u0105tku XX w <\/span><span style=\"font-family: georgia, palatino, serif; font-size: 14pt;\">przez protestant\u00f3w. Po II wojnie przej\u0119ta przez katolik\u00f3w. Na uwag\u0119 zas\u0142uguje witra\u017c przedstawiaj\u0105cy <\/span><span style=\"font-family: georgia, palatino, serif; font-size: 14pt;\">Marcina Lutra czytaj\u0105cego swoje tezy. <\/span><span style=\"font-family: georgia, palatino, serif; font-size: 14pt;\">Rekolekcje dla doros\u0142ych rozpocz\u0119\u0142y si\u0119 w Niedziel\u0119 Palmow\u0105. Wed\u0142ug ks. Proboszcza Marka Jarz\u0105bka <\/span><span style=\"font-family: georgia, palatino, serif; font-size: 14pt;\">frekwencja by\u0142a bardzo dobra. Rekolekcje przeprowadzi\u0142 ks. Krzysztof \u0141ytkowski. Parafia w P\u0142otach <\/span><span style=\"font-family: georgia, palatino, serif; font-size: 14pt;\">pierwszy raz go\u015bci\u0142a misjonarzy. Wsp\u00f3\u0142praca b\u0119dzie kontynuowana.<\/span><\/p>\n<p>&nbsp;<\/p>\n<!-- Final Tiles Grid Gallery for WordPress v3.6.13 free --><style>#ftg-5656 .tile .icon { color:#ffffff; }#ftg-5656 .ftg-items .loading-bar i { background:#666; }#ftg-5656 .ftg-items .loading-bar { background:#fff; }#ftg-5656 .tile .icon { font-size:12px; }#ftg-5656 .tile .icon { margin: -6px 0 0 -6px; }#ftg-5656 .tile .caption-block .text-wrapper span.text { font-size:12px; }#ftg-5656 .tile .caption-outside .text-wrapper span.text { font-size:12px; }#ftg-5656 .tile .caption-block .text-wrapper span.title { font-size:14px; }#ftg-5656 .tile .caption-outside .text-wrapper span.title { font-size:14px; }#ftg-5656 .tile { background-color: transparent; }#ftg-5656 .tile .caption-block .text-wrapper span.text { color: #ffffff; }#ftg-5656 .tile .caption-block .text-wrapper span.title { color: #ffffff; }#ftg-5656 .tile .caption-outside .text-wrapper span.text { color: #ffffff; }#ftg-5656 .tile .caption-outside .text-wrapper span.title { color: #ffffff; }#ftg-5656 .tile .ftg-social a { color: #ffffff; }#ftg-5656 .tile .caption-block { transition-timing-function:linear; }#ftg-5656 .tile .caption-block { transition-duration:0.25s; }#ftg-5656 .tile .tile-inner:before { background-color: #000000; }#ftg-5656 .tile .tile-inner:before { background-color: rgba(0, 0, 0, 0.8); }<\/style><a name=\"56\"><\/a><div class=\"final-tiles-gallery  ftg-hover-enabled caption-inside  caption-none caption-middle caption-center\" id=\"ftg-5656\" style=\"width: 100%\"><div class='ftg-items'><div class='loading-bar'><i><\/i><\/div><div  class='tile ftg-preload  '><a title=\"IMG-20230405-WA0005\" data-lightbox='ftg-5656' rel='ftg-5656'  class=' tile-inner  ftg-lightbox' href='https:\/\/grupamisyjna.misjonarze.pl\/wp-content\/uploads\/2023\/04\/IMG-20230405-WA0005-768x1024.jpg' ><img alt='IMG-20230405-WA0005' class='item skip-lazy' data-class='item' data-ftg-source='https:\/\/grupamisyjna.misjonarze.pl\/wp-content\/uploads\/2023\/04\/IMG-20230405-WA0005-768x1024.jpg' src='https:\/\/grupamisyjna.misjonarze.pl\/wp-content\/uploads\/2023\/04\/IMG-20230405-WA0005-768x1024.jpg' width='768' height='1024' \/><span class='icon fa fa-zoom'><\/span><div class='caption-block'><div class='text-wrapper'><span class='title'>IMG-20230405-WA0005<\/span><\/div><\/div><\/a><div class='ftg-social'><\/div><\/div><div  class='tile ftg-preload  '><a title=\"IMG-20230405-WA0002\" data-lightbox='ftg-5656' rel='ftg-5656'  class=' tile-inner  ftg-lightbox' href='https:\/\/grupamisyjna.misjonarze.pl\/wp-content\/uploads\/2023\/04\/IMG-20230405-WA0002-1024x768.jpg' ><img alt='IMG-20230405-WA0002' class='item skip-lazy' data-class='item' data-ftg-source='https:\/\/grupamisyjna.misjonarze.pl\/wp-content\/uploads\/2023\/04\/IMG-20230405-WA0002-1024x768.jpg' src='https:\/\/grupamisyjna.misjonarze.pl\/wp-content\/uploads\/2023\/04\/IMG-20230405-WA0002-1024x768.jpg' width='1024' height='768' \/><span class='icon fa fa-zoom'><\/span><div class='caption-block'><div class='text-wrapper'><span class='title'>IMG-20230405-WA0002<\/span><\/div><\/div><\/a><div class='ftg-social'><\/div><\/div><div  class='tile ftg-preload  '><a title=\"IMG-20230405-WA0003\" data-lightbox='ftg-5656' rel='ftg-5656'  class=' tile-inner  ftg-lightbox' href='https:\/\/grupamisyjna.misjonarze.pl\/wp-content\/uploads\/2023\/04\/IMG-20230405-WA0003-768x1024.jpg' ><img alt='IMG-20230405-WA0003' class='item skip-lazy' data-class='item' data-ftg-source='https:\/\/grupamisyjna.misjonarze.pl\/wp-content\/uploads\/2023\/04\/IMG-20230405-WA0003-768x1024.jpg' src='https:\/\/grupamisyjna.misjonarze.pl\/wp-content\/uploads\/2023\/04\/IMG-20230405-WA0003-768x1024.jpg' width='768' height='1024' \/><span class='icon fa fa-zoom'><\/span><div class='caption-block'><div class='text-wrapper'><span class='title'>IMG-20230405-WA0003<\/span><\/div><\/div><\/a><div class='ftg-social'><\/div><\/div><div  class='tile ftg-preload  '><a title=\"IMG-20230405-WA0000\" data-lightbox='ftg-5656' rel='ftg-5656'  class=' tile-inner  ftg-lightbox' href='https:\/\/grupamisyjna.misjonarze.pl\/wp-content\/uploads\/2023\/04\/IMG-20230405-WA0000-1024x768.jpg' ><img alt='IMG-20230405-WA0000' class='item skip-lazy' data-class='item' data-ftg-source='https:\/\/grupamisyjna.misjonarze.pl\/wp-content\/uploads\/2023\/04\/IMG-20230405-WA0000-1024x768.jpg' src='https:\/\/grupamisyjna.misjonarze.pl\/wp-content\/uploads\/2023\/04\/IMG-20230405-WA0000-1024x768.jpg' width='1024' height='768' \/><span class='icon fa fa-zoom'><\/span><div class='caption-block'><div class='text-wrapper'><span class='title'>IMG-20230405-WA0000<\/span><\/div><\/div><\/a><div class='ftg-social'><\/div><\/div><div  class='tile ftg-preload  '><a title=\"IMG-20230405-WA0001\" data-lightbox='ftg-5656' rel='ftg-5656'  class=' tile-inner  ftg-lightbox' href='https:\/\/grupamisyjna.misjonarze.pl\/wp-content\/uploads\/2023\/04\/IMG-20230405-WA0001-768x1024.jpg' ><img alt='IMG-20230405-WA0001' class='item skip-lazy' data-class='item' data-ftg-source='https:\/\/grupamisyjna.misjonarze.pl\/wp-content\/uploads\/2023\/04\/IMG-20230405-WA0001-768x1024.jpg' src='https:\/\/grupamisyjna.misjonarze.pl\/wp-content\/uploads\/2023\/04\/IMG-20230405-WA0001-768x1024.jpg' width='768' height='1024' \/><span class='icon fa fa-zoom'><\/span><div class='caption-block'><div class='text-wrapper'><span class='title'>IMG-20230405-WA0001<\/span><\/div><\/div><\/a><div class='ftg-social'><\/div><\/div><div  class='tile ftg-preload  '><a title=\"IMG-20230405-WA0004\" data-lightbox='ftg-5656' rel='ftg-5656'  class=' tile-inner  ftg-lightbox' href='https:\/\/grupamisyjna.misjonarze.pl\/wp-content\/uploads\/2023\/04\/IMG-20230405-WA0004-768x1024.jpg' ><img alt='IMG-20230405-WA0004' class='item skip-lazy' data-class='item' data-ftg-source='https:\/\/grupamisyjna.misjonarze.pl\/wp-content\/uploads\/2023\/04\/IMG-20230405-WA0004-768x1024.jpg' src='https:\/\/grupamisyjna.misjonarze.pl\/wp-content\/uploads\/2023\/04\/IMG-20230405-WA0004-768x1024.jpg' width='768' height='1024' \/><span class='icon fa fa-zoom'><\/span><div class='caption-block'><div class='text-wrapper'><span class='title'>IMG-20230405-WA0004<\/span><\/div><\/div><\/a><div class='ftg-social'><\/div><\/div><\/div><\/div>\n<p>&nbsp;<\/p>\n<p style=\"text-align: justify;\"><strong><span style=\"font-family: georgia, palatino, serif; font-size: 14pt;\">Parafia \u015aw. Jana i Paw\u0142a M\u0119czennik\u00f3w w Katowicach<\/span><\/strong><\/p>\n<p style=\"text-align: justify;\"><span style=\"font-family: georgia, palatino, serif;\"><span style=\"font-size: 14pt;\">Parafia o typowo miejskim charakterze. Historia ko\u015bcio\u0142a si\u0119ga XII w. Obecna murowana \u015bwi\u0105tynia zosta\u0142a pobudowany na miejscu <\/span><span style=\"font-size: 14pt;\">drewnianej, wzniesionej w drugiej po\u0142owie XIXw. Dekret biskupi eryguj\u0105cy istnienie parafii datuje si\u0119 na 1894 rok. Specyfik\u0105 parafii jest <\/span><span style=\"font-size: 14pt;\">pobudowanie w bezpo\u015brednim s\u0105siedztwie ko\u015bcio\u0142a du\u017cego w\u0119z\u0142a drogowego oraz gmach\u00f3w korporacji i plac\u00f3wek handlowych co w <\/span><span style=\"font-size: 14pt;\">konsekwencji znacznie utrudnia, szczeg\u00f3lnie starszym parafianom, piesze dotarcie do \u015bwi\u0105tyni. Na terenie parafii jest szko\u0142a <\/span><span style=\"font-size: 14pt;\">podstawowa. Rekolekcje parafialne \u0142\u0105czone s\u0105 z rekolekcjami dla dzieci. Uczniowie podzieleni na 3 grupy wiekowe uczestnicz\u0105 w <\/span><span style=\"font-size: 14pt;\">rekolekcjach w \u015bwi\u0105tyni. Duszpasterstwem parafialnym jest te\u017c obj\u0119ta okaza\u0142a kaplica pw. \u015aw. Barbary znajduj\u0105ca si\u0119 nie opodal CH <\/span><span style=\"font-size: 14pt;\">\u201eSilesia\u201d. W parafii w 2023 roku zosta\u0142a uroczy\u015bcie zainaugurowana Nowenna ku czci Matki Bo\u017cej Niepokalanej objawiaj\u0105cej Cudowny <\/span><span style=\"font-size: 14pt;\">Medalik w ramach przygotowania do Jubileuszu 200-lecia Objawie\u0144 w 2030r.<\/span><\/span><\/p>\n<p>&nbsp;<\/p>\n<p>&nbsp;<\/p>\n<p style=\"text-align: center;\"><span style=\"font-family: georgia, palatino, serif; font-size: 24pt;\"><strong>PODZI\u0118KOWANIA<\/strong><\/span><\/p>\n<p style=\"text-align: justify;\"><span style=\"font-family: georgia, palatino, serif; font-size: 14pt;\">Zako\u0144czy\u0142 si\u0119 Wielki Post 2023. Ksi\u0119\u017ca z Grupy Misyjnej <\/span><span style=\"font-family: georgia, palatino, serif; font-size: 14pt;\">oraz konfratrzy wsp\u00f3\u0142pracuj\u0105cy wyg\u0142osili 52 <\/span><span style=\"font-family: georgia, palatino, serif; font-size: 14pt;\">serie rekolekcji. Pragn\u0119 podzi\u0119kowa\u0107. <\/span><span style=\"font-family: georgia, palatino, serif; font-size: 14pt;\">Przede wszystkim Panu Bogu, \u017ce zechcia\u0142 pos\u0142a\u0107 misjonarzy w te wszystkie miejsca. B\u00f3g pos\u0142uguje si\u0119<\/span><br \/>\n<span style=\"font-family: georgia, palatino, serif; font-size: 14pt;\">lud\u017ami, wi\u0119c dzi\u0119kuj\u0119 wszystkim Ksi\u0119\u017com Proboszczom za zaproszenie. Wszystkim konfratrom za <\/span><span style=\"font-family: georgia, palatino, serif; font-size: 14pt;\">podj\u0119cie tego wielkiego trudu. Dzi\u0119kuj\u0119 ca\u0142ej Rodzinie Wincenty\u0144skiej za modlitw\u0119, kt\u00f3ra <\/span><span style=\"font-family: georgia, palatino, serif; font-size: 14pt;\">towarzyszy\u0142a misjonarzom.<\/span><\/p>\n<p style=\"text-align: justify;\"><span style=\"font-family: georgia, palatino, serif; font-size: 14pt;\">W spos\u00f3b szczeg\u00f3lny dzi\u0119kuj\u0119 wszystkim S\u0142uchaczom S\u0142owa Bo\u017cego \u2013 uczestnikom rekolekcji. Za <\/span><span style=\"font-family: georgia, palatino, serif; font-size: 14pt;\">obecno\u015b\u0107, wsp\u00f3ln\u0105 modlitw\u0119, za wszystkie wyrazy \u017cyczliwo\u015bci i serdeczno\u015bci okazywane <\/span><span style=\"font-family: georgia, palatino, serif; font-size: 14pt;\">misjonarzom. <\/span><\/p>\n<p style=\"text-align: justify;\"><span style=\"font-family: georgia, palatino, serif; font-size: 14pt;\">Niech B\u00f3g b\u0142ogos\u0142awi, a Matka Naj\u015bwi\u0119tsza ma swojej opiece.<\/span><\/p>\n<p style=\"text-align: center;\"><em><span style=\"font-family: georgia, palatino, serif; font-size: 14pt;\">Ks. Krzysztof \u0141ytkowski <\/span><\/em><\/p>\n<p style=\"text-align: center;\"><span style=\"font-family: georgia, palatino, serif; font-size: 14pt;\">dyrektor Grupy Misyjnej<\/span><\/p>\n<p style=\"text-align: center;\">\n","protected":false},"excerpt":{"rendered":"<p>&nbsp; W \u015arod\u0119 Popielcow\u0105 rozpoczynamy Wielki Post. Konfratrzy z Grupy Misyjnej i ksi\u0119\u017ca wsp\u00f3\u0142pracuj\u0105cy wyrusz\u0105 g\u0142osi\u0107&hellip;<\/p>\n","protected":false},"author":2,"featured_media":1096,"comment_status":"open","ping_status":"open","sticky":false,"template":"","format":"standard","meta":{"footnotes":""},"categories":[2],"tags":[],"class_list":["post-1093","post","type-post","status-publish","format-standard","has-post-thumbnail","hentry","category-misje"],"_links":{"self":[{"href":"https:\/\/grupamisyjna.misjonarze.pl\/index.php?rest_route=\/wp\/v2\/posts\/1093","targetHints":{"allow":["GET"]}}],"collection":[{"href":"https:\/\/grupamisyjna.misjonarze.pl\/index.php?rest_route=\/wp\/v2\/posts"}],"about":[{"href":"https:\/\/grupamisyjna.misjonarze.pl\/index.php?rest_route=\/wp\/v2\/types\/post"}],"author":[{"embeddable":true,"href":"https:\/\/grupamisyjna.misjonarze.pl\/index.php?rest_route=\/wp\/v2\/users\/2"}],"replies":[{"embeddable":true,"href":"https:\/\/grupamisyjna.misjonarze.pl\/index.php?rest_route=%2Fwp%2Fv2%2Fcomments&post=1093"}],"version-history":[{"count":102,"href":"https:\/\/grupamisyjna.misjonarze.pl\/index.php?rest_route=\/wp\/v2\/posts\/1093\/revisions"}],"predecessor-version":[{"id":1434,"href":"https:\/\/grupamisyjna.misjonarze.pl\/index.php?rest_route=\/wp\/v2\/posts\/1093\/revisions\/1434"}],"wp:featuredmedia":[{"embeddable":true,"href":"https:\/\/grupamisyjna.misjonarze.pl\/index.php?rest_route=\/wp\/v2\/media\/1096"}],"wp:attachment":[{"href":"https:\/\/grupamisyjna.misjonarze.pl\/index.php?rest_route=%2Fwp%2Fv2%2Fmedia&parent=1093"}],"wp:term":[{"taxonomy":"category","embeddable":true,"href":"https:\/\/grupamisyjna.misjonarze.pl\/index.php?rest_route=%2Fwp%2Fv2%2Fcategories&post=1093"},{"taxonomy":"post_tag","embeddable":true,"href":"https:\/\/grupamisyjna.misjonarze.pl\/index.php?rest_route=%2Fwp%2Fv2%2Ftags&post=1093"}],"curies":[{"name":"wp","href":"https:\/\/api.w.org\/{rel}","templated":true}]}}