{"id":1418,"date":"2023-04-24T20:26:54","date_gmt":"2023-04-24T18:26:54","guid":{"rendered":"https:\/\/grupamisyjna.misjonarze.pl\/?p=1418"},"modified":"2023-04-24T20:28:11","modified_gmt":"2023-04-24T18:28:11","slug":"rekolekcje-dla-duszpasterzy-diecezjalnych-osob-niewidomych-i-slabowidzacych-w-gnieznie","status":"publish","type":"post","link":"https:\/\/grupamisyjna.misjonarze.pl\/?p=1418","title":{"rendered":"Rekolekcje dla duszpasterzy diecezjalnych os\u00f3b niewidomych i s\u0142abowidz\u0105cych w Gnie\u017anie"},"content":{"rendered":"<p style=\"text-align: justify;\"><span style=\"font-family: georgia, palatino, serif; font-size: 14pt;\">Gniezno kwiecie\u0144 2023 &#8211; rekolekcje dla duszpasterzy diecezjanych os\u00f3b niewidomych i slabowidzach &#8211; prowadzi Ks.Zbigniew Knop CM<\/span><\/p>\n<p>&nbsp;<\/p>\n<!-- Final Tiles Grid Gallery for WordPress v3.6.13 free --><style>#ftg-5757 .tile .icon { color:#ffffff; }#ftg-5757 .ftg-items .loading-bar i { background:#666; }#ftg-5757 .ftg-items .loading-bar { background:#fff; }#ftg-5757 .tile .icon { font-size:12px; }#ftg-5757 .tile .icon { margin: -6px 0 0 -6px; }#ftg-5757 .tile .caption-block .text-wrapper span.text { font-size:12px; }#ftg-5757 .tile .caption-outside .text-wrapper span.text { font-size:12px; }#ftg-5757 .tile .caption-block .text-wrapper span.title { font-size:14px; }#ftg-5757 .tile .caption-outside .text-wrapper span.title { font-size:14px; }#ftg-5757 .tile { background-color: transparent; }#ftg-5757 .tile .caption-block .text-wrapper span.text { color: #ffffff; }#ftg-5757 .tile .caption-block .text-wrapper span.title { color: #ffffff; }#ftg-5757 .tile .caption-outside .text-wrapper span.text { color: #ffffff; }#ftg-5757 .tile .caption-outside .text-wrapper span.title { color: #ffffff; }#ftg-5757 .tile .ftg-social a { color: #ffffff; }#ftg-5757 .tile .caption-block { transition-timing-function:linear; }#ftg-5757 .tile .caption-block { transition-duration:0.25s; }#ftg-5757 .tile .tile-inner:before { background-color: #000000; }#ftg-5757 .tile .tile-inner:before { background-color: rgba(0, 0, 0, 0.8); }<\/style><a name=\"57\"><\/a><div class=\"final-tiles-gallery  ftg-hover-enabled caption-inside  caption-none caption-middle caption-center\" id=\"ftg-5757\" style=\"width: 100%\"><div class='ftg-items'><div class='loading-bar'><i><\/i><\/div><div  class='tile ftg-preload  '><a title=\"IMG-20230419-WA0009\" data-lightbox='ftg-5757' rel='ftg-5757'  class=' tile-inner  ftg-lightbox' href='https:\/\/grupamisyjna.misjonarze.pl\/wp-content\/uploads\/2023\/04\/IMG-20230419-WA0009-1024x576.jpg' ><img alt='IMG-20230419-WA0009' class='item skip-lazy' data-class='item' data-ftg-source='https:\/\/grupamisyjna.misjonarze.pl\/wp-content\/uploads\/2023\/04\/IMG-20230419-WA0009-1024x576.jpg' src='https:\/\/grupamisyjna.misjonarze.pl\/wp-content\/uploads\/2023\/04\/IMG-20230419-WA0009-1024x576.jpg' width='1024' height='576' \/><span class='icon fa fa-zoom'><\/span><div class='caption-block'><div class='text-wrapper'><span class='title'>IMG-20230419-WA0009<\/span><\/div><\/div><\/a><div class='ftg-social'><\/div><\/div><div  class='tile ftg-preload  '><a title=\"IMG-20230419-WA0003\" data-lightbox='ftg-5757' rel='ftg-5757'  class=' tile-inner  ftg-lightbox' href='https:\/\/grupamisyjna.misjonarze.pl\/wp-content\/uploads\/2023\/04\/IMG-20230419-WA0003-1024x576.jpg' ><img alt='IMG-20230419-WA0003' class='item skip-lazy' data-class='item' data-ftg-source='https:\/\/grupamisyjna.misjonarze.pl\/wp-content\/uploads\/2023\/04\/IMG-20230419-WA0003-1024x576.jpg' src='https:\/\/grupamisyjna.misjonarze.pl\/wp-content\/uploads\/2023\/04\/IMG-20230419-WA0003-1024x576.jpg' width='1024' height='576' \/><span class='icon fa fa-zoom'><\/span><div class='caption-block'><div class='text-wrapper'><span class='title'>IMG-20230419-WA0003<\/span><\/div><\/div><\/a><div class='ftg-social'><\/div><\/div><div  class='tile ftg-preload  '><a title=\"IMG-20230419-WA0008\" data-lightbox='ftg-5757' rel='ftg-5757'  class=' tile-inner  ftg-lightbox' href='https:\/\/grupamisyjna.misjonarze.pl\/wp-content\/uploads\/2023\/04\/IMG-20230419-WA0008-1024x576.jpg' ><img alt='IMG-20230419-WA0008' class='item skip-lazy' data-class='item' data-ftg-source='https:\/\/grupamisyjna.misjonarze.pl\/wp-content\/uploads\/2023\/04\/IMG-20230419-WA0008-1024x576.jpg' src='https:\/\/grupamisyjna.misjonarze.pl\/wp-content\/uploads\/2023\/04\/IMG-20230419-WA0008-1024x576.jpg' width='1024' height='576' \/><span class='icon fa fa-zoom'><\/span><div class='caption-block'><div class='text-wrapper'><span class='title'>IMG-20230419-WA0008<\/span><\/div><\/div><\/a><div class='ftg-social'><\/div><\/div><\/div><\/div>\n","protected":false},"excerpt":{"rendered":"<p>Gniezno kwiecie\u0144 2023 &#8211; rekolekcje dla duszpasterzy diecezjanych os\u00f3b niewidomych i slabowidzach &#8211; prowadzi Ks.Zbigniew Knop&hellip;<\/p>\n","protected":false},"author":2,"featured_media":1419,"comment_status":"open","ping_status":"open","sticky":false,"template":"","format":"standard","meta":{"footnotes":""},"categories":[2],"tags":[],"class_list":["post-1418","post","type-post","status-publish","format-standard","has-post-thumbnail","hentry","category-misje"],"_links":{"self":[{"href":"https:\/\/grupamisyjna.misjonarze.pl\/index.php?rest_route=\/wp\/v2\/posts\/1418","targetHints":{"allow":["GET"]}}],"collection":[{"href":"https:\/\/grupamisyjna.misjonarze.pl\/index.php?rest_route=\/wp\/v2\/posts"}],"about":[{"href":"https:\/\/grupamisyjna.misjonarze.pl\/index.php?rest_route=\/wp\/v2\/types\/post"}],"author":[{"embeddable":true,"href":"https:\/\/grupamisyjna.misjonarze.pl\/index.php?rest_route=\/wp\/v2\/users\/2"}],"replies":[{"embeddable":true,"href":"https:\/\/grupamisyjna.misjonarze.pl\/index.php?rest_route=%2Fwp%2Fv2%2Fcomments&post=1418"}],"version-history":[{"count":2,"href":"https:\/\/grupamisyjna.misjonarze.pl\/index.php?rest_route=\/wp\/v2\/posts\/1418\/revisions"}],"predecessor-version":[{"id":1424,"href":"https:\/\/grupamisyjna.misjonarze.pl\/index.php?rest_route=\/wp\/v2\/posts\/1418\/revisions\/1424"}],"wp:featuredmedia":[{"embeddable":true,"href":"https:\/\/grupamisyjna.misjonarze.pl\/index.php?rest_route=\/wp\/v2\/media\/1419"}],"wp:attachment":[{"href":"https:\/\/grupamisyjna.misjonarze.pl\/index.php?rest_route=%2Fwp%2Fv2%2Fmedia&parent=1418"}],"wp:term":[{"taxonomy":"category","embeddable":true,"href":"https:\/\/grupamisyjna.misjonarze.pl\/index.php?rest_route=%2Fwp%2Fv2%2Fcategories&post=1418"},{"taxonomy":"post_tag","embeddable":true,"href":"https:\/\/grupamisyjna.misjonarze.pl\/index.php?rest_route=%2Fwp%2Fv2%2Ftags&post=1418"}],"curies":[{"name":"wp","href":"https:\/\/api.w.org\/{rel}","templated":true}]}}