{"id":1439,"date":"2023-06-09T10:57:33","date_gmt":"2023-06-09T08:57:33","guid":{"rendered":"https:\/\/grupamisyjna.misjonarze.pl\/?p=1439"},"modified":"2023-06-09T19:47:00","modified_gmt":"2023-06-09T17:47:00","slug":"misje-swiete-w-parafii-bozego-ciala-w-tucholi","status":"publish","type":"post","link":"https:\/\/grupamisyjna.misjonarze.pl\/?p=1439","title":{"rendered":"Misje \u015bwi\u0119te w parafii Bo\u017cego Cia\u0142a w Tucholi"},"content":{"rendered":"<p style=\"text-align: justify;\"><span style=\"font-family: georgia, palatino, serif; font-size: 14pt;\">Od Uroczysto\u015bci Wniebowst\u0105pienia Pana Jezusa do Zes\u0142ania Ducha \u015awi\u0119tego w roku 2022 ksi\u0119\u017ca<\/span><br \/>\n<span style=\"font-family: georgia, palatino, serif; font-size: 14pt;\">misjonarze \u2013 ks. Wojciech Koz\u0142owski CM i ks. Krzysztof \u0141ytkowski CM przeprowadzili misje \u015bwi\u0119te w parafii<\/span><br \/>\n<span style=\"font-family: georgia, palatino, serif; font-size: 14pt;\">Bo\u017cego Cia\u0142a w Tucholi.<\/span><\/p>\n<p><span style=\"font-family: georgia, palatino, serif; font-size: 14pt;\">Po roku ks. Krzysztof przewodniczy\u0142 w renowacji misji i przygotowaniu do odpustu parafialnego.<\/span><br \/>\n<span style=\"font-family: georgia, palatino, serif; font-size: 14pt;\">Wyg\u0142osi\u0142 w czasie uroczysto\u015bci Bo\u017cego Cia\u0142a kazania odpustowe.<\/span><\/p>\n<p>&nbsp;<\/p>\n<!-- Final Tiles Grid Gallery for WordPress v3.6.13 free --><style>#ftg-5959 .tile .icon { color:#ffffff; }#ftg-5959 .ftg-items .loading-bar i { background:#666; }#ftg-5959 .ftg-items .loading-bar { background:#fff; }#ftg-5959 .tile .icon { font-size:12px; }#ftg-5959 .tile .icon { margin: -6px 0 0 -6px; }#ftg-5959 .tile .caption-block .text-wrapper span.text { font-size:12px; }#ftg-5959 .tile .caption-outside .text-wrapper span.text { font-size:12px; }#ftg-5959 .tile .caption-block .text-wrapper span.title { font-size:14px; }#ftg-5959 .tile .caption-outside .text-wrapper span.title { font-size:14px; }#ftg-5959 .tile { background-color: transparent; }#ftg-5959 .tile .caption-block .text-wrapper span.text { color: #ffffff; }#ftg-5959 .tile .caption-block .text-wrapper span.title { color: #ffffff; }#ftg-5959 .tile .caption-outside .text-wrapper span.text { color: #ffffff; }#ftg-5959 .tile .caption-outside .text-wrapper span.title { color: #ffffff; }#ftg-5959 .tile .ftg-social a { color: #ffffff; }#ftg-5959 .tile .caption-block { transition-duration:0.25s; }#ftg-5959 .tile .tile-inner:before { background-color: #000000; }#ftg-5959 .tile .tile-inner:before { background-color: rgba(0, 0, 0, 0.8); }#ftg-5959 .tile:hover img {-moz-transform: -moz-rotate(0deg) -moz-scale(0) ;-webkit-transform: -webkit-rotate(0deg) -webkit-scale(0) ;-o-transform: -o-rotate(0deg) -o-scale(0) ;-ms-transform: -ms-rotate(0deg) -ms-scale(0) ;transform: rotate(0deg) scale(0) ;}<\/style><a name=\"59\"><\/a><div class=\"final-tiles-gallery  ftg-hover-enabled caption-inside  caption-none caption-middle caption-center\" id=\"ftg-5959\" style=\"width: 100%\"><div class='ftg-items'><div class='loading-bar'><i><\/i><\/div><div  class='tile ftg-preload  '><a title=\"IMG-20230609-WA0004\" data-lightbox='ftg-5959' rel='ftg-5959'  class=' tile-inner  ftg-lightbox' href='https:\/\/grupamisyjna.misjonarze.pl\/wp-content\/uploads\/2023\/06\/IMG-20230609-WA0004-768x1024.jpg' ><img alt='IMG-20230609-WA0004' class='item skip-lazy' data-class='item' data-ftg-source='https:\/\/grupamisyjna.misjonarze.pl\/wp-content\/uploads\/2023\/06\/IMG-20230609-WA0004-768x1024.jpg' src='https:\/\/grupamisyjna.misjonarze.pl\/wp-content\/uploads\/2023\/06\/IMG-20230609-WA0004-768x1024.jpg' width='768' height='1024' \/><div class='caption-block'><div class='text-wrapper'><span class='title'>IMG-20230609-WA0004<\/span><\/div><\/div><\/a><div class='ftg-social'><\/div><\/div><div  class='tile ftg-preload  '><a title=\"IMG-20230608-WA0000\" data-lightbox='ftg-5959' rel='ftg-5959'  class=' tile-inner  ftg-lightbox' href='https:\/\/grupamisyjna.misjonarze.pl\/wp-content\/uploads\/2023\/06\/IMG-20230608-WA0000-768x1024.jpg' ><img alt='IMG-20230608-WA0000' class='item skip-lazy' data-class='item' data-ftg-source='https:\/\/grupamisyjna.misjonarze.pl\/wp-content\/uploads\/2023\/06\/IMG-20230608-WA0000-768x1024.jpg' src='https:\/\/grupamisyjna.misjonarze.pl\/wp-content\/uploads\/2023\/06\/IMG-20230608-WA0000-768x1024.jpg' width='768' height='1024' \/><div class='caption-block'><div class='text-wrapper'><span class='title'>IMG-20230608-WA0000<\/span><\/div><\/div><\/a><div class='ftg-social'><\/div><\/div><div  class='tile ftg-preload  '><a title=\"IMG-20230609-WA0005\" data-lightbox='ftg-5959' rel='ftg-5959'  class=' tile-inner  ftg-lightbox' href='https:\/\/grupamisyjna.misjonarze.pl\/wp-content\/uploads\/2023\/06\/IMG-20230609-WA0005-1024x768.jpg' ><img alt='IMG-20230609-WA0005' class='item skip-lazy' data-class='item' data-ftg-source='https:\/\/grupamisyjna.misjonarze.pl\/wp-content\/uploads\/2023\/06\/IMG-20230609-WA0005-1024x768.jpg' src='https:\/\/grupamisyjna.misjonarze.pl\/wp-content\/uploads\/2023\/06\/IMG-20230609-WA0005-1024x768.jpg' width='1024' height='768' \/><div class='caption-block'><div class='text-wrapper'><span class='title'>IMG-20230609-WA0005<\/span><\/div><\/div><\/a><div class='ftg-social'><\/div><\/div><div  class='tile ftg-preload  '><a title=\"IMG-20230609-WA0001\" data-lightbox='ftg-5959' rel='ftg-5959'  class=' tile-inner  ftg-lightbox' href='https:\/\/grupamisyjna.misjonarze.pl\/wp-content\/uploads\/2023\/06\/IMG-20230609-WA0001-1024x768.jpg' ><img alt='IMG-20230609-WA0001' class='item skip-lazy' data-class='item' data-ftg-source='https:\/\/grupamisyjna.misjonarze.pl\/wp-content\/uploads\/2023\/06\/IMG-20230609-WA0001-1024x768.jpg' src='https:\/\/grupamisyjna.misjonarze.pl\/wp-content\/uploads\/2023\/06\/IMG-20230609-WA0001-1024x768.jpg' width='1024' height='768' \/><div class='caption-block'><div class='text-wrapper'><span class='title'>IMG-20230609-WA0001<\/span><\/div><\/div><\/a><div class='ftg-social'><\/div><\/div><div  class='tile ftg-preload  '><a title=\"IMG-20230609-WA0002\" data-lightbox='ftg-5959' rel='ftg-5959'  class=' tile-inner  ftg-lightbox' href='https:\/\/grupamisyjna.misjonarze.pl\/wp-content\/uploads\/2023\/06\/IMG-20230609-WA0002-768x1024.jpg' ><img alt='IMG-20230609-WA0002' class='item skip-lazy' data-class='item' data-ftg-source='https:\/\/grupamisyjna.misjonarze.pl\/wp-content\/uploads\/2023\/06\/IMG-20230609-WA0002-768x1024.jpg' src='https:\/\/grupamisyjna.misjonarze.pl\/wp-content\/uploads\/2023\/06\/IMG-20230609-WA0002-768x1024.jpg' width='768' height='1024' \/><div class='caption-block'><div class='text-wrapper'><span class='title'>IMG-20230609-WA0002<\/span><\/div><\/div><\/a><div class='ftg-social'><\/div><\/div><div  class='tile ftg-preload  '><a title=\"IMG-20230608-WA0002\" data-lightbox='ftg-5959' rel='ftg-5959'  class=' tile-inner  ftg-lightbox' href='https:\/\/grupamisyjna.misjonarze.pl\/wp-content\/uploads\/2023\/06\/IMG-20230608-WA0002.jpg' ><img alt='IMG-20230608-WA0002' class='item skip-lazy' data-class='item' data-ftg-source='https:\/\/grupamisyjna.misjonarze.pl\/wp-content\/uploads\/2023\/06\/IMG-20230608-WA0002.jpg' src='https:\/\/grupamisyjna.misjonarze.pl\/wp-content\/uploads\/2023\/06\/IMG-20230608-WA0002.jpg' width='1024' height='768' \/><div class='caption-block'><div class='text-wrapper'><span class='title'>IMG-20230608-WA0002<\/span><\/div><\/div><\/a><div class='ftg-social'><\/div><\/div><\/div><\/div>\n","protected":false},"excerpt":{"rendered":"<p>Od Uroczysto\u015bci Wniebowst\u0105pienia Pana Jezusa do Zes\u0142ania Ducha \u015awi\u0119tego w roku 2022 ksi\u0119\u017ca misjonarze \u2013 ks.&hellip;<\/p>\n","protected":false},"author":2,"featured_media":1442,"comment_status":"open","ping_status":"open","sticky":false,"template":"","format":"standard","meta":{"footnotes":""},"categories":[2],"tags":[],"class_list":["post-1439","post","type-post","status-publish","format-standard","has-post-thumbnail","hentry","category-misje"],"_links":{"self":[{"href":"https:\/\/grupamisyjna.misjonarze.pl\/index.php?rest_route=\/wp\/v2\/posts\/1439","targetHints":{"allow":["GET"]}}],"collection":[{"href":"https:\/\/grupamisyjna.misjonarze.pl\/index.php?rest_route=\/wp\/v2\/posts"}],"about":[{"href":"https:\/\/grupamisyjna.misjonarze.pl\/index.php?rest_route=\/wp\/v2\/types\/post"}],"author":[{"embeddable":true,"href":"https:\/\/grupamisyjna.misjonarze.pl\/index.php?rest_route=\/wp\/v2\/users\/2"}],"replies":[{"embeddable":true,"href":"https:\/\/grupamisyjna.misjonarze.pl\/index.php?rest_route=%2Fwp%2Fv2%2Fcomments&post=1439"}],"version-history":[{"count":4,"href":"https:\/\/grupamisyjna.misjonarze.pl\/index.php?rest_route=\/wp\/v2\/posts\/1439\/revisions"}],"predecessor-version":[{"id":1450,"href":"https:\/\/grupamisyjna.misjonarze.pl\/index.php?rest_route=\/wp\/v2\/posts\/1439\/revisions\/1450"}],"wp:featuredmedia":[{"embeddable":true,"href":"https:\/\/grupamisyjna.misjonarze.pl\/index.php?rest_route=\/wp\/v2\/media\/1442"}],"wp:attachment":[{"href":"https:\/\/grupamisyjna.misjonarze.pl\/index.php?rest_route=%2Fwp%2Fv2%2Fmedia&parent=1439"}],"wp:term":[{"taxonomy":"category","embeddable":true,"href":"https:\/\/grupamisyjna.misjonarze.pl\/index.php?rest_route=%2Fwp%2Fv2%2Fcategories&post=1439"},{"taxonomy":"post_tag","embeddable":true,"href":"https:\/\/grupamisyjna.misjonarze.pl\/index.php?rest_route=%2Fwp%2Fv2%2Ftags&post=1439"}],"curies":[{"name":"wp","href":"https:\/\/api.w.org\/{rel}","templated":true}]}}