{"id":1457,"date":"2023-08-01T11:57:12","date_gmt":"2023-08-01T09:57:12","guid":{"rendered":"https:\/\/grupamisyjna.misjonarze.pl\/?p=1457"},"modified":"2023-08-01T11:58:03","modified_gmt":"2023-08-01T09:58:03","slug":"rekolekcje-w-woznikach","status":"publish","type":"post","link":"https:\/\/grupamisyjna.misjonarze.pl\/?p=1457","title":{"rendered":"Rekolekcje w Wo\u017anikach"},"content":{"rendered":"<p>W dniach 25-28 lipca 2023 r. w Wo\u017anikach odby\u0142y si\u0119 rekolekcje Stowarzyszenia Rodziny b\u0142. Edmunda Bojanowskiego. Rekolekcje przeprowadzi\u0142 ks. Jaros\u0142aw Zieli\u0144ski CM.<\/p>\n<!-- Final Tiles Grid Gallery for WordPress v3.6.13 free --><style>#ftg-6060 .tile .icon { color:#ffffff; }#ftg-6060 .ftg-items .loading-bar i { background:#666; }#ftg-6060 .ftg-items .loading-bar { background:#fff; }#ftg-6060 .tile .icon { font-size:12px; }#ftg-6060 .tile .icon { margin: -6px 0 0 -6px; }#ftg-6060 .tile .caption-block .text-wrapper span.text { font-size:12px; }#ftg-6060 .tile .caption-outside .text-wrapper span.text { font-size:12px; }#ftg-6060 .tile .caption-block .text-wrapper span.title { font-size:14px; }#ftg-6060 .tile .caption-outside .text-wrapper span.title { font-size:14px; }#ftg-6060 .tile { background-color: transparent; }#ftg-6060 .tile .caption-block .text-wrapper span.text { color: #ffffff; }#ftg-6060 .tile .caption-block .text-wrapper span.title { color: #ffffff; }#ftg-6060 .tile .caption-outside .text-wrapper span.text { color: #ffffff; }#ftg-6060 .tile .caption-outside .text-wrapper span.title { color: #ffffff; }#ftg-6060 .tile .ftg-social a { color: #ffffff; }#ftg-6060 .tile .caption-block { transition-timing-function:linear; }#ftg-6060 .tile .caption-block { transition-duration:0.25s; }#ftg-6060 .tile .tile-inner:before { background-color: #000000; }#ftg-6060 .tile .tile-inner:before { background-color: rgba(0, 0, 0, 0.8); }<\/style><a name=\"60\"><\/a><div class=\"final-tiles-gallery  ftg-hover-enabled caption-inside  caption-none caption-middle caption-center\" id=\"ftg-6060\" style=\"width: 100%\"><div class='ftg-items'><div class='loading-bar'><i><\/i><\/div><div  class='tile ftg-preload  '><a title=\"-1381933255789710771\" data-lightbox='ftg-6060' rel='ftg-6060'  class=' tile-inner  ftg-lightbox' href='https:\/\/grupamisyjna.misjonarze.pl\/wp-content\/uploads\/2023\/08\/1381933255789710771.jpg' ><img alt='-1381933255789710771' class='item skip-lazy' data-class='item' data-ftg-source='https:\/\/grupamisyjna.misjonarze.pl\/wp-content\/uploads\/2023\/08\/1381933255789710771.jpg' src='https:\/\/grupamisyjna.misjonarze.pl\/wp-content\/uploads\/2023\/08\/1381933255789710771.jpg' width='480' height='640' \/><span class='icon fa fa-zoom'><\/span><div class='caption-block'><div class='text-wrapper'><span class='title'>-1381933255789710771<\/span><\/div><\/div><\/a><div class='ftg-social'><\/div><\/div><div  class='tile ftg-preload  '><a title=\"185841621461612315\" data-lightbox='ftg-6060' rel='ftg-6060'  class=' tile-inner  ftg-lightbox' href='https:\/\/grupamisyjna.misjonarze.pl\/wp-content\/uploads\/2023\/08\/185841621461612315.jpg' ><img alt='185841621461612315' class='item skip-lazy' data-class='item' data-ftg-source='https:\/\/grupamisyjna.misjonarze.pl\/wp-content\/uploads\/2023\/08\/185841621461612315.jpg' src='https:\/\/grupamisyjna.misjonarze.pl\/wp-content\/uploads\/2023\/08\/185841621461612315.jpg' width='640' height='480' \/><span class='icon fa fa-zoom'><\/span><div class='caption-block'><div class='text-wrapper'><span class='title'>185841621461612315<\/span><\/div><\/div><\/a><div class='ftg-social'><\/div><\/div><div  class='tile ftg-preload  '><a title=\"-5528732809546425299\" data-lightbox='ftg-6060' rel='ftg-6060'  class=' tile-inner  ftg-lightbox' href='https:\/\/grupamisyjna.misjonarze.pl\/wp-content\/uploads\/2023\/08\/5528732809546425299.jpg' ><img alt='-5528732809546425299' class='item skip-lazy' data-class='item' data-ftg-source='https:\/\/grupamisyjna.misjonarze.pl\/wp-content\/uploads\/2023\/08\/5528732809546425299.jpg' src='https:\/\/grupamisyjna.misjonarze.pl\/wp-content\/uploads\/2023\/08\/5528732809546425299.jpg' width='480' height='640' \/><span class='icon fa fa-zoom'><\/span><div class='caption-block'><div class='text-wrapper'><span class='title'>-5528732809546425299<\/span><\/div><\/div><\/a><div class='ftg-social'><\/div><\/div><\/div><\/div>\n","protected":false},"excerpt":{"rendered":"<p>W dniach 25-28 lipca 2023 r. w Wo\u017anikach odby\u0142y si\u0119 rekolekcje Stowarzyszenia Rodziny b\u0142. Edmunda Bojanowskiego.&hellip;<\/p>\n","protected":false},"author":2,"featured_media":1454,"comment_status":"open","ping_status":"open","sticky":false,"template":"","format":"standard","meta":{"footnotes":""},"categories":[18],"tags":[],"class_list":["post-1457","post","type-post","status-publish","format-standard","has-post-thumbnail","hentry","category-rekolekcje-specjalistyczne"],"_links":{"self":[{"href":"https:\/\/grupamisyjna.misjonarze.pl\/index.php?rest_route=\/wp\/v2\/posts\/1457","targetHints":{"allow":["GET"]}}],"collection":[{"href":"https:\/\/grupamisyjna.misjonarze.pl\/index.php?rest_route=\/wp\/v2\/posts"}],"about":[{"href":"https:\/\/grupamisyjna.misjonarze.pl\/index.php?rest_route=\/wp\/v2\/types\/post"}],"author":[{"embeddable":true,"href":"https:\/\/grupamisyjna.misjonarze.pl\/index.php?rest_route=\/wp\/v2\/users\/2"}],"replies":[{"embeddable":true,"href":"https:\/\/grupamisyjna.misjonarze.pl\/index.php?rest_route=%2Fwp%2Fv2%2Fcomments&post=1457"}],"version-history":[{"count":1,"href":"https:\/\/grupamisyjna.misjonarze.pl\/index.php?rest_route=\/wp\/v2\/posts\/1457\/revisions"}],"predecessor-version":[{"id":1458,"href":"https:\/\/grupamisyjna.misjonarze.pl\/index.php?rest_route=\/wp\/v2\/posts\/1457\/revisions\/1458"}],"wp:featuredmedia":[{"embeddable":true,"href":"https:\/\/grupamisyjna.misjonarze.pl\/index.php?rest_route=\/wp\/v2\/media\/1454"}],"wp:attachment":[{"href":"https:\/\/grupamisyjna.misjonarze.pl\/index.php?rest_route=%2Fwp%2Fv2%2Fmedia&parent=1457"}],"wp:term":[{"taxonomy":"category","embeddable":true,"href":"https:\/\/grupamisyjna.misjonarze.pl\/index.php?rest_route=%2Fwp%2Fv2%2Fcategories&post=1457"},{"taxonomy":"post_tag","embeddable":true,"href":"https:\/\/grupamisyjna.misjonarze.pl\/index.php?rest_route=%2Fwp%2Fv2%2Ftags&post=1457"}],"curies":[{"name":"wp","href":"https:\/\/api.w.org\/{rel}","templated":true}]}}