{"id":1464,"date":"2023-08-16T09:15:23","date_gmt":"2023-08-16T07:15:23","guid":{"rendered":"https:\/\/grupamisyjna.misjonarze.pl\/?p=1464"},"modified":"2023-08-16T09:15:23","modified_gmt":"2023-08-16T07:15:23","slug":"rekolekcje-wincentynskiej-mlodziezy-maryjnej","status":"publish","type":"post","link":"https:\/\/grupamisyjna.misjonarze.pl\/?p=1464","title":{"rendered":"Rekolekcje Wincenty\u0144skiej M\u0142odzie\u017cy Maryjnej"},"content":{"rendered":"<p>W dniach 24-29 lipca 2023 r. odby\u0142y si\u0119 rekolekcje Wincenty\u0144skiej M\u0142odzie\u017cy Maryjnej z Limanowej i okolic. Mia\u0142y one miejsce w Sanktuarium Matki Bo\u017cej Objawiaj\u0105cej Cudowny Medalik w Zakopanem- Olczy. Motywem przewodnim rekolekcji by\u0142o has\u0142o: &#8222;Dzi\u0119kujemy Jezusowi za dary m\u0142odo\u015bci i wolno\u015bci&#8221;. Rekolekcje prowadzili s. Urszula Kosicka SM i ks. Pawe\u0142 Szyma\u0144ski CM. W rekolekcjach wzi\u0119\u0142y udzia\u0142 2 animatorki i 22 uczestnik\u00f3w.<\/p>\n<p>&nbsp;<\/p>\n<!-- Final Tiles Grid Gallery for WordPress v3.6.13 free --><style>#ftg-6161 .tile .icon { color:#ffffff; }#ftg-6161 .ftg-items .loading-bar i { background:#666; }#ftg-6161 .ftg-items .loading-bar { background:#fff; }#ftg-6161 .tile .icon { font-size:12px; }#ftg-6161 .tile .icon { margin: -6px 0 0 -6px; }#ftg-6161 .tile .caption-block .text-wrapper span.text { font-size:12px; }#ftg-6161 .tile .caption-outside .text-wrapper span.text { font-size:12px; }#ftg-6161 .tile .caption-block .text-wrapper span.title { font-size:14px; }#ftg-6161 .tile .caption-outside .text-wrapper span.title { font-size:14px; }#ftg-6161 .tile { background-color: transparent; }#ftg-6161 .tile .caption-block .text-wrapper span.text { color: #ffffff; }#ftg-6161 .tile .caption-block .text-wrapper span.title { color: #ffffff; }#ftg-6161 .tile .caption-outside .text-wrapper span.text { color: #ffffff; }#ftg-6161 .tile .caption-outside .text-wrapper span.title { color: #ffffff; }#ftg-6161 .tile .ftg-social a { color: #ffffff; }#ftg-6161 .tile .caption-block { transition-timing-function:linear; }#ftg-6161 .tile .caption-block { transition-duration:0.25s; }#ftg-6161 .tile .tile-inner:before { background-color: #000000; }#ftg-6161 .tile .tile-inner:before { background-color: rgba(0, 0, 0, 0.8); }<\/style><a name=\"61\"><\/a><div class=\"final-tiles-gallery  ftg-hover-enabled caption-inside  caption-none caption-middle caption-center\" id=\"ftg-6161\" style=\"width: 100%\"><div class='ftg-items'><div class='loading-bar'><i><\/i><\/div><div  class='tile ftg-preload  '><a title=\"WMM-Olcza-2\" data-lightbox='ftg-6161' rel='ftg-6161'  class=' tile-inner  ftg-lightbox' href='https:\/\/grupamisyjna.misjonarze.pl\/wp-content\/uploads\/2023\/08\/WMM-Olcza-2-1024x768.jpg' ><img alt='WMM-Olcza-2' class='item skip-lazy' data-class='item' data-ftg-source='https:\/\/grupamisyjna.misjonarze.pl\/wp-content\/uploads\/2023\/08\/WMM-Olcza-2-1024x768.jpg' src='https:\/\/grupamisyjna.misjonarze.pl\/wp-content\/uploads\/2023\/08\/WMM-Olcza-2-1024x768.jpg' width='1024' height='768' \/><span class='icon fa fa-zoom'><\/span><div class='caption-block'><div class='text-wrapper'><span class='title'>WMM-Olcza-2<\/span><\/div><\/div><\/a><div class='ftg-social'><\/div><\/div><div  class='tile ftg-preload  '><a title=\"WMM-Olcza-1\" data-lightbox='ftg-6161' rel='ftg-6161'  class=' tile-inner  ftg-lightbox' href='https:\/\/grupamisyjna.misjonarze.pl\/wp-content\/uploads\/2023\/08\/WMM-Olcza-1-1024x768.jpg' ><img alt='WMM-Olcza-1' class='item skip-lazy' data-class='item' data-ftg-source='https:\/\/grupamisyjna.misjonarze.pl\/wp-content\/uploads\/2023\/08\/WMM-Olcza-1-1024x768.jpg' src='https:\/\/grupamisyjna.misjonarze.pl\/wp-content\/uploads\/2023\/08\/WMM-Olcza-1-1024x768.jpg' width='1024' height='768' \/><span class='icon fa fa-zoom'><\/span><div class='caption-block'><div class='text-wrapper'><span class='title'>WMM-Olcza-1<\/span><\/div><\/div><\/a><div class='ftg-social'><\/div><\/div><div  class='tile ftg-preload  '><a title=\"WMM-Olcza-3\" data-lightbox='ftg-6161' rel='ftg-6161'  class=' tile-inner  ftg-lightbox' href='https:\/\/grupamisyjna.misjonarze.pl\/wp-content\/uploads\/2023\/08\/WMM-Olcza-3-1024x768.jpg' ><img alt='WMM-Olcza-3' class='item skip-lazy' data-class='item' data-ftg-source='https:\/\/grupamisyjna.misjonarze.pl\/wp-content\/uploads\/2023\/08\/WMM-Olcza-3-1024x768.jpg' src='https:\/\/grupamisyjna.misjonarze.pl\/wp-content\/uploads\/2023\/08\/WMM-Olcza-3-1024x768.jpg' width='1024' height='768' \/><span class='icon fa fa-zoom'><\/span><div class='caption-block'><div class='text-wrapper'><span class='title'>WMM-Olcza-3<\/span><\/div><\/div><\/a><div class='ftg-social'><\/div><\/div><\/div><\/div>\n","protected":false},"excerpt":{"rendered":"<p>W dniach 24-29 lipca 2023 r. odby\u0142y si\u0119 rekolekcje Wincenty\u0144skiej M\u0142odzie\u017cy Maryjnej z Limanowej i okolic.&hellip;<\/p>\n","protected":false},"author":2,"featured_media":1461,"comment_status":"open","ping_status":"open","sticky":false,"template":"","format":"standard","meta":{"footnotes":""},"categories":[18],"tags":[],"class_list":["post-1464","post","type-post","status-publish","format-standard","has-post-thumbnail","hentry","category-rekolekcje-specjalistyczne"],"_links":{"self":[{"href":"https:\/\/grupamisyjna.misjonarze.pl\/index.php?rest_route=\/wp\/v2\/posts\/1464","targetHints":{"allow":["GET"]}}],"collection":[{"href":"https:\/\/grupamisyjna.misjonarze.pl\/index.php?rest_route=\/wp\/v2\/posts"}],"about":[{"href":"https:\/\/grupamisyjna.misjonarze.pl\/index.php?rest_route=\/wp\/v2\/types\/post"}],"author":[{"embeddable":true,"href":"https:\/\/grupamisyjna.misjonarze.pl\/index.php?rest_route=\/wp\/v2\/users\/2"}],"replies":[{"embeddable":true,"href":"https:\/\/grupamisyjna.misjonarze.pl\/index.php?rest_route=%2Fwp%2Fv2%2Fcomments&post=1464"}],"version-history":[{"count":1,"href":"https:\/\/grupamisyjna.misjonarze.pl\/index.php?rest_route=\/wp\/v2\/posts\/1464\/revisions"}],"predecessor-version":[{"id":1465,"href":"https:\/\/grupamisyjna.misjonarze.pl\/index.php?rest_route=\/wp\/v2\/posts\/1464\/revisions\/1465"}],"wp:featuredmedia":[{"embeddable":true,"href":"https:\/\/grupamisyjna.misjonarze.pl\/index.php?rest_route=\/wp\/v2\/media\/1461"}],"wp:attachment":[{"href":"https:\/\/grupamisyjna.misjonarze.pl\/index.php?rest_route=%2Fwp%2Fv2%2Fmedia&parent=1464"}],"wp:term":[{"taxonomy":"category","embeddable":true,"href":"https:\/\/grupamisyjna.misjonarze.pl\/index.php?rest_route=%2Fwp%2Fv2%2Fcategories&post=1464"},{"taxonomy":"post_tag","embeddable":true,"href":"https:\/\/grupamisyjna.misjonarze.pl\/index.php?rest_route=%2Fwp%2Fv2%2Ftags&post=1464"}],"curies":[{"name":"wp","href":"https:\/\/api.w.org\/{rel}","templated":true}]}}