{"id":1471,"date":"2023-08-30T20:35:08","date_gmt":"2023-08-30T18:35:08","guid":{"rendered":"https:\/\/grupamisyjna.misjonarze.pl\/?p=1471"},"modified":"2023-08-30T20:38:37","modified_gmt":"2023-08-30T18:38:37","slug":"rekolekcje-dla-slaskich-wspolnot-rodzina-bl-edmunda-bojanowskiego","status":"publish","type":"post","link":"https:\/\/grupamisyjna.misjonarze.pl\/?p=1471","title":{"rendered":"Rekolekcje dla \u015bl\u0105skich wsp\u00f3lnot &#8222;Rodzina b\u0142. Edmunda Bojanowskiego &#8222;"},"content":{"rendered":"<p style=\"font-weight: 400;\"><span style=\"font-family: georgia, palatino, serif; font-size: 14pt;\">W dniach 14-17 sierpnia br. w Archidiecezjalnym Domu Rekolekcyjnym w Kokoszycach odby\u0142y si\u0119 rekolekcje zamkni\u0119te<\/span><\/p>\n<p style=\"font-weight: 400;\"><span style=\"font-family: georgia, palatino, serif; font-size: 14pt;\">dla \u015bl\u0105skich wsp\u00f3lnot &#8222;Rodzina b\u0142. Edmunda Bojanowskiego &#8222;. R\u00f3wnie\u017c tutaj nauki bazowa\u0142y na tre\u015bciach zawartych w Dzienniku i zbiorze korespondencji B\u0142ogos\u0142awionego. Uczestniczy\u0142o 40 os\u00f3b.<\/span><\/p>\n<p style=\"font-weight: 400;\"><span style=\"font-family: georgia, palatino, serif; font-size: 14pt;\">Ks. Jaros\u0142aw Zieli\u0144ski CM<\/span><\/p>\n<!-- Final Tiles Grid Gallery for WordPress v3.6.13 free --><style>#ftg-6363 .tile .icon { color:#ffffff; }#ftg-6363 .ftg-items .loading-bar i { background:#666; }#ftg-6363 .ftg-items .loading-bar { background:#fff; }#ftg-6363 .tile .icon { font-size:12px; }#ftg-6363 .tile .icon { margin: -6px 0 0 -6px; }#ftg-6363 .tile .caption-block .text-wrapper span.text { font-size:12px; }#ftg-6363 .tile .caption-outside .text-wrapper span.text { font-size:12px; }#ftg-6363 .tile .caption-block .text-wrapper span.title { font-size:14px; }#ftg-6363 .tile .caption-outside .text-wrapper span.title { font-size:14px; }#ftg-6363 .tile { background-color: transparent; }#ftg-6363 .tile .caption-block .text-wrapper span.text { color: #ffffff; }#ftg-6363 .tile .caption-block .text-wrapper span.title { color: #ffffff; }#ftg-6363 .tile .caption-outside .text-wrapper span.text { color: #ffffff; }#ftg-6363 .tile .caption-outside .text-wrapper span.title { color: #ffffff; }#ftg-6363 .tile .ftg-social a { color: #ffffff; }#ftg-6363 .tile .caption-block { transition-timing-function:linear; }#ftg-6363 .tile .caption-block { transition-duration:0.25s; }#ftg-6363 .tile .tile-inner:before { background-color: #000000; }#ftg-6363 .tile .tile-inner:before { background-color: rgba(0, 0, 0, 0.8); }<\/style><a name=\"63\"><\/a><div class=\"final-tiles-gallery  ftg-hover-enabled caption-inside  caption-none caption-middle caption-center\" id=\"ftg-6363\" style=\"width: 100%\"><div class='ftg-items'><div class='loading-bar'><i><\/i><\/div><div  class='tile ftg-preload  '><a title=\"IMG_20230830_203055\" data-lightbox='ftg-6363' rel='ftg-6363'  class=' tile-inner  ftg-lightbox' href='https:\/\/grupamisyjna.misjonarze.pl\/wp-content\/uploads\/2023\/08\/IMG_20230830_203055.jpg' ><img alt='IMG_20230830_203055' class='item skip-lazy' data-class='item' data-ftg-source='https:\/\/grupamisyjna.misjonarze.pl\/wp-content\/uploads\/2023\/08\/IMG_20230830_203055.jpg' src='https:\/\/grupamisyjna.misjonarze.pl\/wp-content\/uploads\/2023\/08\/IMG_20230830_203055.jpg' width='640' height='480' \/><span class='icon fa fa-zoom'><\/span><div class='caption-block'><div class='text-wrapper'><span class='title'>IMG_20230830_203055<\/span><\/div><\/div><\/a><div class='ftg-social'><\/div><\/div><div  class='tile ftg-preload  '><a title=\"IMG_20230830_203100\" data-lightbox='ftg-6363' rel='ftg-6363'  class=' tile-inner  ftg-lightbox' href='https:\/\/grupamisyjna.misjonarze.pl\/wp-content\/uploads\/2023\/08\/IMG_20230830_203100.jpg' ><img alt='IMG_20230830_203100' class='item skip-lazy' data-class='item' data-ftg-source='https:\/\/grupamisyjna.misjonarze.pl\/wp-content\/uploads\/2023\/08\/IMG_20230830_203100.jpg' src='https:\/\/grupamisyjna.misjonarze.pl\/wp-content\/uploads\/2023\/08\/IMG_20230830_203100.jpg' width='452' height='338' \/><span class='icon fa fa-zoom'><\/span><div class='caption-block'><div class='text-wrapper'><span class='title'>IMG_20230830_203100<\/span><\/div><\/div><\/a><div class='ftg-social'><\/div><\/div><div  class='tile ftg-preload  '><a title=\"IMG_20230830_203105\" data-lightbox='ftg-6363' rel='ftg-6363'  class=' tile-inner  ftg-lightbox' href='https:\/\/grupamisyjna.misjonarze.pl\/wp-content\/uploads\/2023\/08\/IMG_20230830_203105.jpg' ><img alt='IMG_20230830_203105' class='item skip-lazy' data-class='item' data-ftg-source='https:\/\/grupamisyjna.misjonarze.pl\/wp-content\/uploads\/2023\/08\/IMG_20230830_203105.jpg' src='https:\/\/grupamisyjna.misjonarze.pl\/wp-content\/uploads\/2023\/08\/IMG_20230830_203105.jpg' width='452' height='338' \/><span class='icon fa fa-zoom'><\/span><div class='caption-block'><div class='text-wrapper'><span class='title'>IMG_20230830_203105<\/span><\/div><\/div><\/a><div class='ftg-social'><\/div><\/div><\/div><\/div>\n<p>&nbsp;<\/p>\n<p>&nbsp;<\/p>\n<p style=\"font-weight: 400;\">\n","protected":false},"excerpt":{"rendered":"<p>W dniach 14-17 sierpnia br. w Archidiecezjalnym Domu Rekolekcyjnym w Kokoszycach odby\u0142y si\u0119 rekolekcje zamkni\u0119te dla&hellip;<\/p>\n","protected":false},"author":2,"featured_media":1473,"comment_status":"open","ping_status":"open","sticky":false,"template":"","format":"standard","meta":{"footnotes":""},"categories":[2],"tags":[],"class_list":["post-1471","post","type-post","status-publish","format-standard","has-post-thumbnail","hentry","category-misje"],"_links":{"self":[{"href":"https:\/\/grupamisyjna.misjonarze.pl\/index.php?rest_route=\/wp\/v2\/posts\/1471","targetHints":{"allow":["GET"]}}],"collection":[{"href":"https:\/\/grupamisyjna.misjonarze.pl\/index.php?rest_route=\/wp\/v2\/posts"}],"about":[{"href":"https:\/\/grupamisyjna.misjonarze.pl\/index.php?rest_route=\/wp\/v2\/types\/post"}],"author":[{"embeddable":true,"href":"https:\/\/grupamisyjna.misjonarze.pl\/index.php?rest_route=\/wp\/v2\/users\/2"}],"replies":[{"embeddable":true,"href":"https:\/\/grupamisyjna.misjonarze.pl\/index.php?rest_route=%2Fwp%2Fv2%2Fcomments&post=1471"}],"version-history":[{"count":2,"href":"https:\/\/grupamisyjna.misjonarze.pl\/index.php?rest_route=\/wp\/v2\/posts\/1471\/revisions"}],"predecessor-version":[{"id":1476,"href":"https:\/\/grupamisyjna.misjonarze.pl\/index.php?rest_route=\/wp\/v2\/posts\/1471\/revisions\/1476"}],"wp:featuredmedia":[{"embeddable":true,"href":"https:\/\/grupamisyjna.misjonarze.pl\/index.php?rest_route=\/wp\/v2\/media\/1473"}],"wp:attachment":[{"href":"https:\/\/grupamisyjna.misjonarze.pl\/index.php?rest_route=%2Fwp%2Fv2%2Fmedia&parent=1471"}],"wp:term":[{"taxonomy":"category","embeddable":true,"href":"https:\/\/grupamisyjna.misjonarze.pl\/index.php?rest_route=%2Fwp%2Fv2%2Fcategories&post=1471"},{"taxonomy":"post_tag","embeddable":true,"href":"https:\/\/grupamisyjna.misjonarze.pl\/index.php?rest_route=%2Fwp%2Fv2%2Ftags&post=1471"}],"curies":[{"name":"wp","href":"https:\/\/api.w.org\/{rel}","templated":true}]}}