{"id":1477,"date":"2023-08-30T20:41:34","date_gmt":"2023-08-30T18:41:34","guid":{"rendered":"https:\/\/grupamisyjna.misjonarze.pl\/?p=1477"},"modified":"2023-08-30T20:41:34","modified_gmt":"2023-08-30T18:41:34","slug":"wakacje-2023","status":"publish","type":"post","link":"https:\/\/grupamisyjna.misjonarze.pl\/?p=1477","title":{"rendered":"WAKACJE 2023"},"content":{"rendered":"<p style=\"text-align: justify;\"><span style=\"font-family: georgia, palatino, serif; font-size: 14pt;\">W czasie wakacyjnym kap\u0142ani z Grupy Misyjnej i z ni\u0105 wsp\u00f3\u0142pracuj\u0105cy nie pr\u00f3\u017cnowali. Podj\u0119li szereg <\/span><span style=\"font-family: georgia, palatino, serif; font-size: 14pt;\">akcji duszpasterskich\u00a0 m.in. rekolekcje specjalistyczne dla dzieci i m\u0142odzie\u017cy. G\u0142osili kazania <\/span><span style=\"font-family: georgia, palatino, serif; font-size: 14pt;\">odpustowe. Przygotowywali parafie w diecezji w\u0142oc\u0142awskiej na Nawiedzenie kopii Cudownego <\/span><span style=\"font-family: georgia, palatino, serif; font-size: 14pt;\">Obrazu Jasnog\u00f3rskiego.<\/span><\/p>\n<p style=\"text-align: justify;\"><span style=\"font-family: georgia, palatino, serif; font-size: 14pt;\">Przed nami kolejny rok duszpasterski. Zapowiada si\u0119 pracowity. Do Adwentu, kap\u0142ani z Grupy <\/span><span style=\"font-family: georgia, palatino, serif; font-size: 14pt;\">Misyjnej wyjad\u0105 do 16 miejscowo\u015bci, by g\u0142osi\u0107 S\u0142owo Bo\u017ce. B\u0119d\u0105 to misje, rekolekcje specjalistyczne, <\/span><span style=\"font-family: georgia, palatino, serif; font-size: 14pt;\">przygotowania do odpust\u00f3w, Nawiedzenia Matki Bo\u017cej.<\/span><\/p>\n<p style=\"text-align: justify;\"><span style=\"font-family: georgia, palatino, serif; font-size: 14pt;\">Na bie\u017c\u0105co b\u0119dziemy starali si\u0119 zamieszcza\u0107 szczeg\u00f3\u0142owe informacje w fotorelacjach na stronie<\/span><br \/>\n<span style=\"font-family: georgia, palatino, serif; font-size: 14pt;\">internetowej. Zach\u0119camy do jej odwiedzania.<\/span><\/p>\n<p style=\"text-align: justify;\"><span style=\"font-family: georgia, palatino, serif; font-size: 14pt;\">Prosimy ca\u0142\u0105 Rodzin\u0119 Wincenty\u0144sk\u0105 o wsparcie modlitewne. Niech S\u0142owo Bo\u017ce g\u0142oszone przez<\/span><br \/>\n<span style=\"font-family: georgia, palatino, serif; font-size: 14pt;\">misjonarzy zapada g\u0142\u0119boko w serca s\u0142uchaczy, przemienia je i prowadzi ku dobremu.<\/span><\/p>\n<p>&nbsp;<\/p>\n<p style=\"text-align: justify;\"><span style=\"font-family: georgia, palatino, serif; font-size: 14pt;\">Ks. Krzysztof \u0141ytkowski CM\u00a0<\/span><\/p>\n<p style=\"text-align: justify;\"><span style=\"font-family: georgia, palatino, serif; font-size: 14pt;\"> dyrektor Grupy Misyjnej<\/span><\/p>\n","protected":false},"excerpt":{"rendered":"<p>W czasie wakacyjnym kap\u0142ani z Grupy Misyjnej i z ni\u0105 wsp\u00f3\u0142pracuj\u0105cy nie pr\u00f3\u017cnowali. Podj\u0119li szereg akcji&hellip;<\/p>\n","protected":false},"author":2,"featured_media":0,"comment_status":"open","ping_status":"open","sticky":false,"template":"","format":"standard","meta":{"footnotes":""},"categories":[1],"tags":[],"class_list":["post-1477","post","type-post","status-publish","format-standard","hentry","category-bez-kategorii"],"_links":{"self":[{"href":"https:\/\/grupamisyjna.misjonarze.pl\/index.php?rest_route=\/wp\/v2\/posts\/1477","targetHints":{"allow":["GET"]}}],"collection":[{"href":"https:\/\/grupamisyjna.misjonarze.pl\/index.php?rest_route=\/wp\/v2\/posts"}],"about":[{"href":"https:\/\/grupamisyjna.misjonarze.pl\/index.php?rest_route=\/wp\/v2\/types\/post"}],"author":[{"embeddable":true,"href":"https:\/\/grupamisyjna.misjonarze.pl\/index.php?rest_route=\/wp\/v2\/users\/2"}],"replies":[{"embeddable":true,"href":"https:\/\/grupamisyjna.misjonarze.pl\/index.php?rest_route=%2Fwp%2Fv2%2Fcomments&post=1477"}],"version-history":[{"count":1,"href":"https:\/\/grupamisyjna.misjonarze.pl\/index.php?rest_route=\/wp\/v2\/posts\/1477\/revisions"}],"predecessor-version":[{"id":1478,"href":"https:\/\/grupamisyjna.misjonarze.pl\/index.php?rest_route=\/wp\/v2\/posts\/1477\/revisions\/1478"}],"wp:attachment":[{"href":"https:\/\/grupamisyjna.misjonarze.pl\/index.php?rest_route=%2Fwp%2Fv2%2Fmedia&parent=1477"}],"wp:term":[{"taxonomy":"category","embeddable":true,"href":"https:\/\/grupamisyjna.misjonarze.pl\/index.php?rest_route=%2Fwp%2Fv2%2Fcategories&post=1477"},{"taxonomy":"post_tag","embeddable":true,"href":"https:\/\/grupamisyjna.misjonarze.pl\/index.php?rest_route=%2Fwp%2Fv2%2Ftags&post=1477"}],"curies":[{"name":"wp","href":"https:\/\/api.w.org\/{rel}","templated":true}]}}