{"id":1479,"date":"2023-08-31T20:21:14","date_gmt":"2023-08-31T18:21:14","guid":{"rendered":"https:\/\/grupamisyjna.misjonarze.pl\/?p=1479"},"modified":"2023-09-04T11:08:36","modified_gmt":"2023-09-04T09:08:36","slug":"rekolekcje-dla-wincentynskiej-mlodziezy-maryjnej-w-dubiecku","status":"publish","type":"post","link":"https:\/\/grupamisyjna.misjonarze.pl\/?p=1479","title":{"rendered":"Rekolekcje dla Wincenty\u0144skiej M\u0142odzie\u017cy Maryjnej w Dubiecku"},"content":{"rendered":"<div style=\"text-align: justify;\"><span style=\"font-family: georgia, palatino, serif; font-size: 14pt;\">W dniach 8-13 sierpnia w o\u015brodku KSM diecezji przemyskiej w Dubiecku odby\u0142y si\u0119 rekolekcje dla Wincenty\u0144skiej M\u0142odzie\u017cy Maryjnej. Rekolekcje prowadzi\u0142 ks. Pawe\u0142 Szyma\u0144ski CM. W rekolekcjach wzi\u0119\u0142y udzia\u0142 3 Siostry Mi\u0142osierdzia, 1 postulantka, 5 animatorek i 55 uczestnik\u00f3w z Moszczan, Rymanowa, Lask\u00f3wki Chor\u0105skiej i O\u015bwi\u0119cimia.<\/span><\/div>\n<div><\/div>\n<div><!-- Final Tiles Grid Gallery for WordPress v3.6.13 free --><style>#ftg-6464 .tile .icon { color:#ffffff; }#ftg-6464 .ftg-items .loading-bar i { background:#666; }#ftg-6464 .ftg-items .loading-bar { background:#fff; }#ftg-6464 .tile .icon { font-size:12px; }#ftg-6464 .tile .icon { margin: -6px 0 0 -6px; }#ftg-6464 .tile .caption-block .text-wrapper span.text { font-size:12px; }#ftg-6464 .tile .caption-outside .text-wrapper span.text { font-size:12px; }#ftg-6464 .tile .caption-block .text-wrapper span.title { font-size:14px; }#ftg-6464 .tile .caption-outside .text-wrapper span.title { font-size:14px; }#ftg-6464 .tile { background-color: transparent; }#ftg-6464 .tile .caption-block .text-wrapper span.text { color: #ffffff; }#ftg-6464 .tile .caption-block .text-wrapper span.title { color: #ffffff; }#ftg-6464 .tile .caption-outside .text-wrapper span.text { color: #ffffff; }#ftg-6464 .tile .caption-outside .text-wrapper span.title { color: #ffffff; }#ftg-6464 .tile .ftg-social a { color: #ffffff; }#ftg-6464 .tile .caption-block { transition-timing-function:linear; }#ftg-6464 .tile .caption-block { transition-duration:0.25s; }#ftg-6464 .tile .tile-inner:before { background-color: #000000; }#ftg-6464 .tile .tile-inner:before { background-color: rgba(0, 0, 0, 0.8); }<\/style><a name=\"64\"><\/a><div class=\"final-tiles-gallery  ftg-hover-enabled caption-inside  caption-none caption-middle caption-center\" id=\"ftg-6464\" style=\"width: 100%\"><div class='ftg-items'><div class='loading-bar'><i><\/i><\/div><div  class='tile ftg-preload  '><a title=\"Dubiecko-2\" data-lightbox='ftg-6464' rel='ftg-6464'  class=' tile-inner  ftg-lightbox' href='https:\/\/grupamisyjna.misjonarze.pl\/wp-content\/uploads\/2023\/08\/Dubiecko-2-1024x768.jpg' ><img alt='Dubiecko-2' class='item skip-lazy' data-class='item' data-ftg-source='https:\/\/grupamisyjna.misjonarze.pl\/wp-content\/uploads\/2023\/08\/Dubiecko-2-1024x768.jpg' src='https:\/\/grupamisyjna.misjonarze.pl\/wp-content\/uploads\/2023\/08\/Dubiecko-2-1024x768.jpg' width='1024' height='768' \/><span class='icon fa fa-zoom'><\/span><div class='caption-block'><div class='text-wrapper'><span class='title'>Dubiecko-2<\/span><\/div><\/div><\/a><div class='ftg-social'><\/div><\/div><div  class='tile ftg-preload  '><a title=\"Dubiecko-3\" data-lightbox='ftg-6464' rel='ftg-6464'  class=' tile-inner  ftg-lightbox' href='https:\/\/grupamisyjna.misjonarze.pl\/wp-content\/uploads\/2023\/08\/Dubiecko-3-1024x768.jpg' ><img alt='Dubiecko-3' class='item skip-lazy' data-class='item' data-ftg-source='https:\/\/grupamisyjna.misjonarze.pl\/wp-content\/uploads\/2023\/08\/Dubiecko-3-1024x768.jpg' src='https:\/\/grupamisyjna.misjonarze.pl\/wp-content\/uploads\/2023\/08\/Dubiecko-3-1024x768.jpg' width='1024' height='768' \/><span class='icon fa fa-zoom'><\/span><div class='caption-block'><div class='text-wrapper'><span class='title'>Dubiecko-3<\/span><\/div><\/div><\/a><div class='ftg-social'><\/div><\/div><div  class='tile ftg-preload  '><a title=\"Dubiecko-1\" data-lightbox='ftg-6464' rel='ftg-6464'  class=' tile-inner  ftg-lightbox' href='https:\/\/grupamisyjna.misjonarze.pl\/wp-content\/uploads\/2023\/08\/Dubiecko-1-1024x768.jpg' ><img alt='Dubiecko-1' class='item skip-lazy' data-class='item' data-ftg-source='https:\/\/grupamisyjna.misjonarze.pl\/wp-content\/uploads\/2023\/08\/Dubiecko-1-1024x768.jpg' src='https:\/\/grupamisyjna.misjonarze.pl\/wp-content\/uploads\/2023\/08\/Dubiecko-1-1024x768.jpg' width='1024' height='768' \/><span class='icon fa fa-zoom'><\/span><div class='caption-block'><div class='text-wrapper'><span class='title'>Dubiecko-1<\/span><\/div><\/div><\/a><div class='ftg-social'><\/div><\/div><\/div><\/div><\/div>\n","protected":false},"excerpt":{"rendered":"<p>W dniach 8-13 sierpnia w o\u015brodku KSM diecezji przemyskiej w Dubiecku odby\u0142y si\u0119 rekolekcje dla Wincenty\u0144skiej&hellip;<\/p>\n","protected":false},"author":2,"featured_media":0,"comment_status":"open","ping_status":"open","sticky":false,"template":"","format":"standard","meta":{"footnotes":""},"categories":[1],"tags":[],"class_list":["post-1479","post","type-post","status-publish","format-standard","hentry","category-bez-kategorii"],"_links":{"self":[{"href":"https:\/\/grupamisyjna.misjonarze.pl\/index.php?rest_route=\/wp\/v2\/posts\/1479","targetHints":{"allow":["GET"]}}],"collection":[{"href":"https:\/\/grupamisyjna.misjonarze.pl\/index.php?rest_route=\/wp\/v2\/posts"}],"about":[{"href":"https:\/\/grupamisyjna.misjonarze.pl\/index.php?rest_route=\/wp\/v2\/types\/post"}],"author":[{"embeddable":true,"href":"https:\/\/grupamisyjna.misjonarze.pl\/index.php?rest_route=\/wp\/v2\/users\/2"}],"replies":[{"embeddable":true,"href":"https:\/\/grupamisyjna.misjonarze.pl\/index.php?rest_route=%2Fwp%2Fv2%2Fcomments&post=1479"}],"version-history":[{"count":2,"href":"https:\/\/grupamisyjna.misjonarze.pl\/index.php?rest_route=\/wp\/v2\/posts\/1479\/revisions"}],"predecessor-version":[{"id":1484,"href":"https:\/\/grupamisyjna.misjonarze.pl\/index.php?rest_route=\/wp\/v2\/posts\/1479\/revisions\/1484"}],"wp:attachment":[{"href":"https:\/\/grupamisyjna.misjonarze.pl\/index.php?rest_route=%2Fwp%2Fv2%2Fmedia&parent=1479"}],"wp:term":[{"taxonomy":"category","embeddable":true,"href":"https:\/\/grupamisyjna.misjonarze.pl\/index.php?rest_route=%2Fwp%2Fv2%2Fcategories&post=1479"},{"taxonomy":"post_tag","embeddable":true,"href":"https:\/\/grupamisyjna.misjonarze.pl\/index.php?rest_route=%2Fwp%2Fv2%2Ftags&post=1479"}],"curies":[{"name":"wp","href":"https:\/\/api.w.org\/{rel}","templated":true}]}}