{"id":1521,"date":"2023-09-05T17:14:10","date_gmt":"2023-09-05T15:14:10","guid":{"rendered":"https:\/\/grupamisyjna.misjonarze.pl\/?p=1521"},"modified":"2023-09-06T18:37:49","modified_gmt":"2023-09-06T16:37:49","slug":"lubotyn-nawiedzenie-matki-bozej-w-kopii-cudownego-obrazu-jasnogorskiego","status":"publish","type":"post","link":"https:\/\/grupamisyjna.misjonarze.pl\/?p=1521","title":{"rendered":"LUBOTY\u0143 &#8211; Nawiedzenie Matki Bo\u017cej w kopii Cudownego Obrazu Jasnog\u00f3rskiego"},"content":{"rendered":"<p>&nbsp;<\/p>\n<p>W dniach 19 &#8211; 20.08.2023 Parafia \u015bw. Wawrzy\u0144ca w Lubotyniu (diecezja w\u0142oc\u0142awska) prze\u017cywa\u0142a czas Nawiedzenia. Przez pi\u0119\u0107 dni trwa\u0142y rekolekcje przygotowuj\u0105ce do tego wydarzenia. Przeprowadzi\u0142 je ks. Jan Dobosiewicz.<\/p>\n<!-- Final Tiles Grid Gallery for WordPress v3.6.13 free --><style>#ftg-6969 .tile .icon { color:#ffffff; }#ftg-6969 .ftg-items .loading-bar i { background:#666; }#ftg-6969 .ftg-items .loading-bar { background:#fff; }#ftg-6969 .tile .icon { font-size:12px; }#ftg-6969 .tile .icon { margin: -6px 0 0 -6px; }#ftg-6969 .tile .caption-block .text-wrapper span.text { font-size:12px; }#ftg-6969 .tile .caption-outside .text-wrapper span.text { font-size:12px; }#ftg-6969 .tile .caption-block .text-wrapper span.title { font-size:14px; }#ftg-6969 .tile .caption-outside .text-wrapper span.title { font-size:14px; }#ftg-6969 .tile { background-color: transparent; }#ftg-6969 .tile .caption-block .text-wrapper span.text { color: #ffffff; }#ftg-6969 .tile .caption-block .text-wrapper span.title { color: #ffffff; }#ftg-6969 .tile .caption-outside .text-wrapper span.text { color: #ffffff; }#ftg-6969 .tile .caption-outside .text-wrapper span.title { color: #ffffff; }#ftg-6969 .tile .ftg-social a { color: #ffffff; }#ftg-6969 .tile .caption-block { transition-timing-function:linear; }#ftg-6969 .tile .caption-block { transition-duration:0.25s; }#ftg-6969 .tile .tile-inner:before { background-color: #000000; }#ftg-6969 .tile .tile-inner:before { background-color: rgba(0, 0, 0, 0.8); }<\/style><a name=\"69\"><\/a><div class=\"final-tiles-gallery  ftg-hover-enabled caption-inside  caption-none caption-middle caption-center\" id=\"ftg-6969\" style=\"width: 100%\"><div class='ftg-items'><div class='loading-bar'><i><\/i><\/div><div  class='tile ftg-preload  '><a title=\"image000000 (1)\" data-lightbox='ftg-6969' rel='ftg-6969'  class=' tile-inner  ftg-lightbox' href='https:\/\/grupamisyjna.misjonarze.pl\/wp-content\/uploads\/2023\/09\/image000000-1-1.jpg' ><img alt='image000000 (1)' class='item skip-lazy' data-class='item' data-ftg-source='https:\/\/grupamisyjna.misjonarze.pl\/wp-content\/uploads\/2023\/09\/image000000-1-1.jpg' src='https:\/\/grupamisyjna.misjonarze.pl\/wp-content\/uploads\/2023\/09\/image000000-1-1.jpg' width='480' height='640' \/><span class='icon fa fa-zoom'><\/span><div class='caption-block'><div class='text-wrapper'><span class='title'>image000000 (1)<\/span><\/div><\/div><\/a><div class='ftg-social'><\/div><\/div><div  class='tile ftg-preload  '><a title=\"image000000 (2)\" data-lightbox='ftg-6969' rel='ftg-6969'  class=' tile-inner  ftg-lightbox' href='https:\/\/grupamisyjna.misjonarze.pl\/wp-content\/uploads\/2023\/09\/image000000-2-1.jpg' ><img alt='image000000 (2)' class='item skip-lazy' data-class='item' data-ftg-source='https:\/\/grupamisyjna.misjonarze.pl\/wp-content\/uploads\/2023\/09\/image000000-2-1.jpg' src='https:\/\/grupamisyjna.misjonarze.pl\/wp-content\/uploads\/2023\/09\/image000000-2-1.jpg' width='480' height='640' \/><span class='icon fa fa-zoom'><\/span><div class='caption-block'><div class='text-wrapper'><span class='title'>image000000 (2)<\/span><\/div><\/div><\/a><div class='ftg-social'><\/div><\/div><div  class='tile ftg-preload  '><a title=\"image000000 (3)\" data-lightbox='ftg-6969' rel='ftg-6969'  class=' tile-inner  ftg-lightbox' href='https:\/\/grupamisyjna.misjonarze.pl\/wp-content\/uploads\/2023\/09\/image000000-3-1.jpg' ><img alt='image000000 (3)' class='item skip-lazy' data-class='item' data-ftg-source='https:\/\/grupamisyjna.misjonarze.pl\/wp-content\/uploads\/2023\/09\/image000000-3-1.jpg' src='https:\/\/grupamisyjna.misjonarze.pl\/wp-content\/uploads\/2023\/09\/image000000-3-1.jpg' width='480' height='640' \/><span class='icon fa fa-zoom'><\/span><div class='caption-block'><div class='text-wrapper'><span class='title'>image000000 (3)<\/span><\/div><\/div><\/a><div class='ftg-social'><\/div><\/div><div  class='tile ftg-preload  '><a title=\"image000000\" data-lightbox='ftg-6969' rel='ftg-6969'  class=' tile-inner  ftg-lightbox' href='https:\/\/grupamisyjna.misjonarze.pl\/wp-content\/uploads\/2023\/09\/image000000-4.jpg' ><img alt='image000000' class='item skip-lazy' data-class='item' data-ftg-source='https:\/\/grupamisyjna.misjonarze.pl\/wp-content\/uploads\/2023\/09\/image000000-4.jpg' src='https:\/\/grupamisyjna.misjonarze.pl\/wp-content\/uploads\/2023\/09\/image000000-4.jpg' width='480' height='640' \/><span class='icon fa fa-zoom'><\/span><div class='caption-block'><div class='text-wrapper'><span class='title'>image000000<\/span><\/div><\/div><\/a><div class='ftg-social'><\/div><\/div><div  class='tile ftg-preload  '><a title=\"IMG_20230819_104913_821\" data-lightbox='ftg-6969' rel='ftg-6969'  class=' tile-inner  ftg-lightbox' href='https:\/\/grupamisyjna.misjonarze.pl\/wp-content\/uploads\/2023\/09\/IMG_20230819_104913_821-1-768x1024.jpg' ><img alt='IMG_20230819_104913_821' class='item skip-lazy' data-class='item' data-ftg-source='https:\/\/grupamisyjna.misjonarze.pl\/wp-content\/uploads\/2023\/09\/IMG_20230819_104913_821-1-768x1024.jpg' src='https:\/\/grupamisyjna.misjonarze.pl\/wp-content\/uploads\/2023\/09\/IMG_20230819_104913_821-1-768x1024.jpg' width='768' height='1024' \/><span class='icon fa fa-zoom'><\/span><div class='caption-block'><div class='text-wrapper'><span class='title'>IMG_20230819_104913_821<\/span><\/div><\/div><\/a><div class='ftg-social'><\/div><\/div><div  class='tile ftg-preload  '><a title=\"IMG_20230819_105021_952\" data-lightbox='ftg-6969' rel='ftg-6969'  class=' tile-inner  ftg-lightbox' href='https:\/\/grupamisyjna.misjonarze.pl\/wp-content\/uploads\/2023\/09\/IMG_20230819_105021_952-1-768x1024.jpg' ><img alt='IMG_20230819_105021_952' class='item skip-lazy' data-class='item' data-ftg-source='https:\/\/grupamisyjna.misjonarze.pl\/wp-content\/uploads\/2023\/09\/IMG_20230819_105021_952-1-768x1024.jpg' src='https:\/\/grupamisyjna.misjonarze.pl\/wp-content\/uploads\/2023\/09\/IMG_20230819_105021_952-1-768x1024.jpg' width='768' height='1024' \/><span class='icon fa fa-zoom'><\/span><div class='caption-block'><div class='text-wrapper'><span class='title'>IMG_20230819_105021_952<\/span><\/div><\/div><\/a><div class='ftg-social'><\/div><\/div><div  class='tile ftg-preload  '><a title=\"IMG_20230819_105208_747\" data-lightbox='ftg-6969' rel='ftg-6969'  class=' tile-inner  ftg-lightbox' href='https:\/\/grupamisyjna.misjonarze.pl\/wp-content\/uploads\/2023\/09\/IMG_20230819_105208_747-1-768x1024.jpg' ><img alt='IMG_20230819_105208_747' class='item skip-lazy' data-class='item' data-ftg-source='https:\/\/grupamisyjna.misjonarze.pl\/wp-content\/uploads\/2023\/09\/IMG_20230819_105208_747-1-768x1024.jpg' src='https:\/\/grupamisyjna.misjonarze.pl\/wp-content\/uploads\/2023\/09\/IMG_20230819_105208_747-1-768x1024.jpg' width='768' height='1024' \/><span class='icon fa fa-zoom'><\/span><div class='caption-block'><div class='text-wrapper'><span class='title'>IMG_20230819_105208_747<\/span><\/div><\/div><\/a><div class='ftg-social'><\/div><\/div><div  class='tile ftg-preload  '><a title=\"IMG_20230819_105217_168\" data-lightbox='ftg-6969' rel='ftg-6969'  class=' tile-inner  ftg-lightbox' href='https:\/\/grupamisyjna.misjonarze.pl\/wp-content\/uploads\/2023\/09\/IMG_20230819_105217_168-1-768x1024.jpg' ><img alt='IMG_20230819_105217_168' class='item skip-lazy' data-class='item' data-ftg-source='https:\/\/grupamisyjna.misjonarze.pl\/wp-content\/uploads\/2023\/09\/IMG_20230819_105217_168-1-768x1024.jpg' src='https:\/\/grupamisyjna.misjonarze.pl\/wp-content\/uploads\/2023\/09\/IMG_20230819_105217_168-1-768x1024.jpg' width='768' height='1024' \/><span class='icon fa fa-zoom'><\/span><div class='caption-block'><div class='text-wrapper'><span class='title'>IMG_20230819_105217_168<\/span><\/div><\/div><\/a><div class='ftg-social'><\/div><\/div><\/div><\/div>\n","protected":false},"excerpt":{"rendered":"<p>&nbsp; W dniach 19 &#8211; 20.08.2023 Parafia \u015bw. Wawrzy\u0144ca w Lubotyniu (diecezja w\u0142oc\u0142awska) prze\u017cywa\u0142a czas Nawiedzenia.&hellip;<\/p>\n","protected":false},"author":2,"featured_media":1512,"comment_status":"open","ping_status":"open","sticky":false,"template":"","format":"standard","meta":{"footnotes":""},"categories":[1],"tags":[],"class_list":["post-1521","post","type-post","status-publish","format-standard","has-post-thumbnail","hentry","category-bez-kategorii"],"_links":{"self":[{"href":"https:\/\/grupamisyjna.misjonarze.pl\/index.php?rest_route=\/wp\/v2\/posts\/1521","targetHints":{"allow":["GET"]}}],"collection":[{"href":"https:\/\/grupamisyjna.misjonarze.pl\/index.php?rest_route=\/wp\/v2\/posts"}],"about":[{"href":"https:\/\/grupamisyjna.misjonarze.pl\/index.php?rest_route=\/wp\/v2\/types\/post"}],"author":[{"embeddable":true,"href":"https:\/\/grupamisyjna.misjonarze.pl\/index.php?rest_route=\/wp\/v2\/users\/2"}],"replies":[{"embeddable":true,"href":"https:\/\/grupamisyjna.misjonarze.pl\/index.php?rest_route=%2Fwp%2Fv2%2Fcomments&post=1521"}],"version-history":[{"count":1,"href":"https:\/\/grupamisyjna.misjonarze.pl\/index.php?rest_route=\/wp\/v2\/posts\/1521\/revisions"}],"predecessor-version":[{"id":1522,"href":"https:\/\/grupamisyjna.misjonarze.pl\/index.php?rest_route=\/wp\/v2\/posts\/1521\/revisions\/1522"}],"wp:featuredmedia":[{"embeddable":true,"href":"https:\/\/grupamisyjna.misjonarze.pl\/index.php?rest_route=\/wp\/v2\/media\/1512"}],"wp:attachment":[{"href":"https:\/\/grupamisyjna.misjonarze.pl\/index.php?rest_route=%2Fwp%2Fv2%2Fmedia&parent=1521"}],"wp:term":[{"taxonomy":"category","embeddable":true,"href":"https:\/\/grupamisyjna.misjonarze.pl\/index.php?rest_route=%2Fwp%2Fv2%2Fcategories&post=1521"},{"taxonomy":"post_tag","embeddable":true,"href":"https:\/\/grupamisyjna.misjonarze.pl\/index.php?rest_route=%2Fwp%2Fv2%2Ftags&post=1521"}],"curies":[{"name":"wp","href":"https:\/\/api.w.org\/{rel}","templated":true}]}}