{"id":1529,"date":"2023-09-05T17:19:56","date_gmt":"2023-09-05T15:19:56","guid":{"rendered":"https:\/\/grupamisyjna.misjonarze.pl\/?p=1529"},"modified":"2023-09-06T18:30:01","modified_gmt":"2023-09-06T16:30:01","slug":"matka-boza-w-pieczewie","status":"publish","type":"post","link":"https:\/\/grupamisyjna.misjonarze.pl\/?p=1529","title":{"rendered":"Matka Bo\u017ca w Pieczewie"},"content":{"rendered":"<p>&nbsp;<\/p>\n<p>Niewielka parafia p.w. \u015bw. Rozalii\u00a0 w Pieczewie (ok. 900 os\u00f3b) &#8211; diecezja w\u0142oc\u0142awska, w dniach 31.08 \u2013 5.09.2023 prze\u017cywa\u0142a przygotowanie i uroczysto\u015b\u0107 Nawiedzenia Matki Bo\u017cej w \u00a0kopii Cudownego Obrazu Jasnog\u00f3rskiego. Misjonarz ks. Zbigniew Knop przeprowadzi\u0142 rekolekcje i wzi\u0105\u0142 czynny udzia\u0142 w uroczysto\u015bciach.<\/p>\n<!-- Final Tiles Grid Gallery for WordPress v3.6.13 free --><style>#ftg-7070 .tile .icon { color:#ffffff; }#ftg-7070 .ftg-items .loading-bar i { background:#666; }#ftg-7070 .ftg-items .loading-bar { background:#fff; }#ftg-7070 .tile .icon { font-size:12px; }#ftg-7070 .tile .icon { margin: -6px 0 0 -6px; }#ftg-7070 .tile .caption-block .text-wrapper span.text { font-size:12px; }#ftg-7070 .tile .caption-outside .text-wrapper span.text { font-size:12px; }#ftg-7070 .tile .caption-block .text-wrapper span.title { font-size:14px; }#ftg-7070 .tile .caption-outside .text-wrapper span.title { font-size:14px; }#ftg-7070 .tile { background-color: transparent; }#ftg-7070 .tile .caption-block .text-wrapper span.text { color: #ffffff; }#ftg-7070 .tile .caption-block .text-wrapper span.title { color: #ffffff; }#ftg-7070 .tile .caption-outside .text-wrapper span.text { color: #ffffff; }#ftg-7070 .tile .caption-outside .text-wrapper span.title { color: #ffffff; }#ftg-7070 .tile .ftg-social a { color: #ffffff; }#ftg-7070 .tile .caption-block { transition-duration:0.25s; }#ftg-7070 .tile .tile-inner:before { background-color: #000000; }#ftg-7070 .tile .tile-inner:before { background-color: rgba(0, 0, 0, 0.8); }#ftg-7070 .tile:hover img {-moz-transform: -moz-rotate(0deg) -moz-scale(0) ;-webkit-transform: -webkit-rotate(0deg) -webkit-scale(0) ;-o-transform: -o-rotate(0deg) -o-scale(0) ;-ms-transform: -ms-rotate(0deg) -ms-scale(0) ;transform: rotate(0deg) scale(0) ;}<\/style><a name=\"70\"><\/a><div class=\"final-tiles-gallery  ftg-hover-enabled caption-inside  caption-none caption-middle caption-center\" id=\"ftg-7070\" style=\"width: 100%\"><div class='ftg-items'><div class='loading-bar'><i><\/i><\/div><div  class='tile ftg-preload  '><a title=\"IMG-20230904-WA0009\" data-lightbox='ftg-7070' rel='ftg-7070'  class=' tile-inner  ftg-lightbox' href='https:\/\/grupamisyjna.misjonarze.pl\/wp-content\/uploads\/2023\/09\/IMG-20230904-WA0009-1024x768.jpg' ><img alt='IMG-20230904-WA0009' class='item skip-lazy' data-class='item' data-ftg-source='https:\/\/grupamisyjna.misjonarze.pl\/wp-content\/uploads\/2023\/09\/IMG-20230904-WA0009-1024x768.jpg' src='https:\/\/grupamisyjna.misjonarze.pl\/wp-content\/uploads\/2023\/09\/IMG-20230904-WA0009-1024x768.jpg' width='1024' height='768' \/><div class='caption-block'><div class='text-wrapper'><span class='title'>IMG-20230904-WA0009<\/span><\/div><\/div><\/a><div class='ftg-social'><\/div><\/div><div  class='tile ftg-preload  '><a title=\"IMG-20230904-WA0011\" data-lightbox='ftg-7070' rel='ftg-7070'  class=' tile-inner  ftg-lightbox' href='https:\/\/grupamisyjna.misjonarze.pl\/wp-content\/uploads\/2023\/09\/IMG-20230904-WA0011-1024x768.jpg' ><img alt='IMG-20230904-WA0011' class='item skip-lazy' data-class='item' data-ftg-source='https:\/\/grupamisyjna.misjonarze.pl\/wp-content\/uploads\/2023\/09\/IMG-20230904-WA0011-1024x768.jpg' src='https:\/\/grupamisyjna.misjonarze.pl\/wp-content\/uploads\/2023\/09\/IMG-20230904-WA0011-1024x768.jpg' width='1024' height='768' \/><div class='caption-block'><div class='text-wrapper'><span class='title'>IMG-20230904-WA0011<\/span><\/div><\/div><\/a><div class='ftg-social'><\/div><\/div><div  class='tile ftg-preload  '><a title=\"IMG-20230904-WA0015\" data-lightbox='ftg-7070' rel='ftg-7070'  class=' tile-inner  ftg-lightbox' href='https:\/\/grupamisyjna.misjonarze.pl\/wp-content\/uploads\/2023\/09\/IMG-20230904-WA0015-1024x768.jpg' ><img alt='IMG-20230904-WA0015' class='item skip-lazy' data-class='item' data-ftg-source='https:\/\/grupamisyjna.misjonarze.pl\/wp-content\/uploads\/2023\/09\/IMG-20230904-WA0015-1024x768.jpg' src='https:\/\/grupamisyjna.misjonarze.pl\/wp-content\/uploads\/2023\/09\/IMG-20230904-WA0015-1024x768.jpg' width='1024' height='768' \/><div class='caption-block'><div class='text-wrapper'><span class='title'>IMG-20230904-WA0015<\/span><\/div><\/div><\/a><div class='ftg-social'><\/div><\/div><div  class='tile ftg-preload  '><a title=\"IMG-20230904-WA0016\" data-lightbox='ftg-7070' rel='ftg-7070'  class=' tile-inner  ftg-lightbox' href='https:\/\/grupamisyjna.misjonarze.pl\/wp-content\/uploads\/2023\/09\/IMG-20230904-WA0016-768x1024.jpg' ><img alt='IMG-20230904-WA0016' class='item skip-lazy' data-class='item' data-ftg-source='https:\/\/grupamisyjna.misjonarze.pl\/wp-content\/uploads\/2023\/09\/IMG-20230904-WA0016-768x1024.jpg' src='https:\/\/grupamisyjna.misjonarze.pl\/wp-content\/uploads\/2023\/09\/IMG-20230904-WA0016-768x1024.jpg' width='768' height='1024' \/><div class='caption-block'><div class='text-wrapper'><span class='title'>IMG-20230904-WA0016<\/span><\/div><\/div><\/a><div class='ftg-social'><\/div><\/div><div  class='tile ftg-preload  '><a title=\"IMG-20230905-WA0005\" data-lightbox='ftg-7070' rel='ftg-7070'  class=' tile-inner  ftg-lightbox' href='https:\/\/grupamisyjna.misjonarze.pl\/wp-content\/uploads\/2023\/09\/IMG-20230905-WA0005-765x1024.jpg' ><img alt='IMG-20230905-WA0005' class='item skip-lazy' data-class='item' data-ftg-source='https:\/\/grupamisyjna.misjonarze.pl\/wp-content\/uploads\/2023\/09\/IMG-20230905-WA0005-765x1024.jpg' src='https:\/\/grupamisyjna.misjonarze.pl\/wp-content\/uploads\/2023\/09\/IMG-20230905-WA0005-765x1024.jpg' width='765' height='1024' \/><div class='caption-block'><div class='text-wrapper'><span class='title'>IMG-20230905-WA0005<\/span><\/div><\/div><\/a><div class='ftg-social'><\/div><\/div><div  class='tile ftg-preload  '><a title=\"IMG-20230905-WA0006\" data-lightbox='ftg-7070' rel='ftg-7070'  class=' tile-inner  ftg-lightbox' href='https:\/\/grupamisyjna.misjonarze.pl\/wp-content\/uploads\/2023\/09\/IMG-20230905-WA0006-766x1024.jpg' ><img alt='IMG-20230905-WA0006' class='item skip-lazy' data-class='item' data-ftg-source='https:\/\/grupamisyjna.misjonarze.pl\/wp-content\/uploads\/2023\/09\/IMG-20230905-WA0006-766x1024.jpg' src='https:\/\/grupamisyjna.misjonarze.pl\/wp-content\/uploads\/2023\/09\/IMG-20230905-WA0006-766x1024.jpg' width='766' height='1024' \/><div class='caption-block'><div class='text-wrapper'><span class='title'>IMG-20230905-WA0006<\/span><\/div><\/div><\/a><div class='ftg-social'><\/div><\/div><div  class='tile ftg-preload  '><a title=\"IMG-20230905-WA0008\" data-lightbox='ftg-7070' rel='ftg-7070'  class=' tile-inner  ftg-lightbox' href='https:\/\/grupamisyjna.misjonarze.pl\/wp-content\/uploads\/2023\/09\/IMG-20230905-WA0008-765x1024.jpg' ><img alt='IMG-20230905-WA0008' class='item skip-lazy' data-class='item' data-ftg-source='https:\/\/grupamisyjna.misjonarze.pl\/wp-content\/uploads\/2023\/09\/IMG-20230905-WA0008-765x1024.jpg' src='https:\/\/grupamisyjna.misjonarze.pl\/wp-content\/uploads\/2023\/09\/IMG-20230905-WA0008-765x1024.jpg' width='765' height='1024' \/><div class='caption-block'><div class='text-wrapper'><span class='title'>IMG-20230905-WA0008<\/span><\/div><\/div><\/a><div class='ftg-social'><\/div><\/div><\/div><\/div>\n","protected":false},"excerpt":{"rendered":"<p>&nbsp; Niewielka parafia p.w. \u015bw. Rozalii\u00a0 w Pieczewie (ok. 900 os\u00f3b) &#8211; diecezja w\u0142oc\u0142awska, w dniach&hellip;<\/p>\n","protected":false},"author":2,"featured_media":1542,"comment_status":"open","ping_status":"open","sticky":false,"template":"","format":"standard","meta":{"footnotes":""},"categories":[1],"tags":[],"class_list":["post-1529","post","type-post","status-publish","format-standard","has-post-thumbnail","hentry","category-bez-kategorii"],"_links":{"self":[{"href":"https:\/\/grupamisyjna.misjonarze.pl\/index.php?rest_route=\/wp\/v2\/posts\/1529","targetHints":{"allow":["GET"]}}],"collection":[{"href":"https:\/\/grupamisyjna.misjonarze.pl\/index.php?rest_route=\/wp\/v2\/posts"}],"about":[{"href":"https:\/\/grupamisyjna.misjonarze.pl\/index.php?rest_route=\/wp\/v2\/types\/post"}],"author":[{"embeddable":true,"href":"https:\/\/grupamisyjna.misjonarze.pl\/index.php?rest_route=\/wp\/v2\/users\/2"}],"replies":[{"embeddable":true,"href":"https:\/\/grupamisyjna.misjonarze.pl\/index.php?rest_route=%2Fwp%2Fv2%2Fcomments&post=1529"}],"version-history":[{"count":2,"href":"https:\/\/grupamisyjna.misjonarze.pl\/index.php?rest_route=\/wp\/v2\/posts\/1529\/revisions"}],"predecessor-version":[{"id":1534,"href":"https:\/\/grupamisyjna.misjonarze.pl\/index.php?rest_route=\/wp\/v2\/posts\/1529\/revisions\/1534"}],"wp:featuredmedia":[{"embeddable":true,"href":"https:\/\/grupamisyjna.misjonarze.pl\/index.php?rest_route=\/wp\/v2\/media\/1542"}],"wp:attachment":[{"href":"https:\/\/grupamisyjna.misjonarze.pl\/index.php?rest_route=%2Fwp%2Fv2%2Fmedia&parent=1529"}],"wp:term":[{"taxonomy":"category","embeddable":true,"href":"https:\/\/grupamisyjna.misjonarze.pl\/index.php?rest_route=%2Fwp%2Fv2%2Fcategories&post=1529"},{"taxonomy":"post_tag","embeddable":true,"href":"https:\/\/grupamisyjna.misjonarze.pl\/index.php?rest_route=%2Fwp%2Fv2%2Ftags&post=1529"}],"curies":[{"name":"wp","href":"https:\/\/api.w.org\/{rel}","templated":true}]}}