{"id":1546,"date":"2023-09-15T10:51:00","date_gmt":"2023-09-15T08:51:00","guid":{"rendered":"https:\/\/grupamisyjna.misjonarze.pl\/?p=1546"},"modified":"2023-09-15T15:32:38","modified_gmt":"2023-09-15T13:32:38","slug":"1546","status":"publish","type":"post","link":"https:\/\/grupamisyjna.misjonarze.pl\/?p=1546","title":{"rendered":"O\u015bno Lubuskie"},"content":{"rendered":"<p>&nbsp;<\/p>\n<p>Ks. Jaros\u0142aw Zieli\u0144ski 14.09.2023 w \u015bwi\u0119to Podwy\u017cszenia Krzy\u017ca \u015aw. przewodniczy\u0142 odpustowi parafialnemu.<\/p>\n<!-- Final Tiles Grid Gallery for WordPress v3.6.13 free --><style>#ftg-7171 .tile .icon { color:#ffffff; }#ftg-7171 .ftg-items .loading-bar i { background:#666; }#ftg-7171 .ftg-items .loading-bar { background:#fff; }#ftg-7171 .tile .icon { font-size:12px; }#ftg-7171 .tile .icon { margin: -6px 0 0 -6px; }#ftg-7171 .tile .caption-block .text-wrapper span.text { font-size:12px; }#ftg-7171 .tile .caption-outside .text-wrapper span.text { font-size:12px; }#ftg-7171 .tile .caption-block .text-wrapper span.title { font-size:14px; }#ftg-7171 .tile .caption-outside .text-wrapper span.title { font-size:14px; }#ftg-7171 .tile { background-color: transparent; }#ftg-7171 .tile .caption-block .text-wrapper span.text { color: #ffffff; }#ftg-7171 .tile .caption-block .text-wrapper span.title { color: #ffffff; }#ftg-7171 .tile .caption-outside .text-wrapper span.text { color: #ffffff; }#ftg-7171 .tile .caption-outside .text-wrapper span.title { color: #ffffff; }#ftg-7171 .tile .ftg-social a { color: #ffffff; }#ftg-7171 .tile .caption-block { transition-duration:0.25s; }#ftg-7171 .tile .tile-inner:before { background-color: #000000; }#ftg-7171 .tile .tile-inner:before { background-color: rgba(0, 0, 0, 0.8); }#ftg-7171 .tile:hover img {-moz-transform: -moz-rotate(0deg) -moz-scale(0) ;-webkit-transform: -webkit-rotate(0deg) -webkit-scale(0) ;-o-transform: -o-rotate(0deg) -o-scale(0) ;-ms-transform: -ms-rotate(0deg) -ms-scale(0) ;transform: rotate(0deg) scale(0) ;}<\/style><a name=\"71\"><\/a><div class=\"final-tiles-gallery  ftg-hover-enabled caption-inside  caption-none caption-middle caption-center\" id=\"ftg-7171\" style=\"width: 100%\"><div class='ftg-items'><div class='loading-bar'><i><\/i><\/div><div  class='tile ftg-preload  '><a title=\"4052086285599794966[1226]\" data-lightbox='ftg-7171' rel='ftg-7171'  class=' tile-inner  ftg-lightbox' href='https:\/\/grupamisyjna.misjonarze.pl\/wp-content\/uploads\/2023\/09\/40520862855997949661226.jpg' ><img alt='4052086285599794966[1226]' class='item skip-lazy' data-class='item' data-ftg-source='https:\/\/grupamisyjna.misjonarze.pl\/wp-content\/uploads\/2023\/09\/40520862855997949661226.jpg' src='https:\/\/grupamisyjna.misjonarze.pl\/wp-content\/uploads\/2023\/09\/40520862855997949661226.jpg' width='960' height='720' \/><div class='caption-block'><div class='text-wrapper'><span class='title'>4052086285599794966[1226]<\/span><\/div><\/div><\/a><div class='ftg-social'><\/div><\/div><div  class='tile ftg-preload  '><a title=\"image0000051\" data-lightbox='ftg-7171' rel='ftg-7171'  class=' tile-inner  ftg-lightbox' href='https:\/\/grupamisyjna.misjonarze.pl\/wp-content\/uploads\/2023\/09\/image0000051.jpg' ><img alt='image0000051' class='item skip-lazy' data-class='item' data-ftg-source='https:\/\/grupamisyjna.misjonarze.pl\/wp-content\/uploads\/2023\/09\/image0000051.jpg' src='https:\/\/grupamisyjna.misjonarze.pl\/wp-content\/uploads\/2023\/09\/image0000051.jpg' width='563' height='423' \/><div class='caption-block'><div class='text-wrapper'><span class='title'>image0000051<\/span><\/div><\/div><\/a><div class='ftg-social'><\/div><\/div><div  class='tile ftg-preload  '><a title=\"image0000071\" data-lightbox='ftg-7171' rel='ftg-7171'  class=' tile-inner  ftg-lightbox' href='https:\/\/grupamisyjna.misjonarze.pl\/wp-content\/uploads\/2023\/09\/image0000071.jpg' ><img alt='image0000071' class='item skip-lazy' data-class='item' data-ftg-source='https:\/\/grupamisyjna.misjonarze.pl\/wp-content\/uploads\/2023\/09\/image0000071.jpg' src='https:\/\/grupamisyjna.misjonarze.pl\/wp-content\/uploads\/2023\/09\/image0000071.jpg' width='563' height='423' \/><div class='caption-block'><div class='text-wrapper'><span class='title'>image0000071<\/span><\/div><\/div><\/a><div class='ftg-social'><\/div><\/div><div  class='tile ftg-preload  '><a title=\"image0000001001\" data-lightbox='ftg-7171' rel='ftg-7171'  class=' tile-inner  ftg-lightbox' href='https:\/\/grupamisyjna.misjonarze.pl\/wp-content\/uploads\/2023\/09\/image0000001001.jpg' ><img alt='image0000001001' class='item skip-lazy' data-class='item' data-ftg-source='https:\/\/grupamisyjna.misjonarze.pl\/wp-content\/uploads\/2023\/09\/image0000001001.jpg' src='https:\/\/grupamisyjna.misjonarze.pl\/wp-content\/uploads\/2023\/09\/image0000001001.jpg' width='563' height='423' \/><div class='caption-block'><div class='text-wrapper'><span class='title'>image0000001001<\/span><\/div><\/div><\/a><div class='ftg-social'><\/div><\/div><div  class='tile ftg-preload  '><a title=\"image0000011001\" data-lightbox='ftg-7171' rel='ftg-7171'  class=' tile-inner  ftg-lightbox' href='https:\/\/grupamisyjna.misjonarze.pl\/wp-content\/uploads\/2023\/09\/image0000011001.jpg' ><img alt='image0000011001' class='item skip-lazy' data-class='item' data-ftg-source='https:\/\/grupamisyjna.misjonarze.pl\/wp-content\/uploads\/2023\/09\/image0000011001.jpg' src='https:\/\/grupamisyjna.misjonarze.pl\/wp-content\/uploads\/2023\/09\/image0000011001.jpg' width='563' height='423' \/><div class='caption-block'><div class='text-wrapper'><span class='title'>image0000011001<\/span><\/div><\/div><\/a><div class='ftg-social'><\/div><\/div><\/div><\/div>\n","protected":false},"excerpt":{"rendered":"<p>&nbsp; Ks. Jaros\u0142aw Zieli\u0144ski 14.09.2023 w \u015bwi\u0119to Podwy\u017cszenia Krzy\u017ca \u015aw. przewodniczy\u0142 odpustowi parafialnemu.<\/p>\n","protected":false},"author":2,"featured_media":1552,"comment_status":"open","ping_status":"open","sticky":false,"template":"","format":"standard","meta":{"footnotes":""},"categories":[1],"tags":[],"class_list":["post-1546","post","type-post","status-publish","format-standard","has-post-thumbnail","hentry","category-bez-kategorii"],"_links":{"self":[{"href":"https:\/\/grupamisyjna.misjonarze.pl\/index.php?rest_route=\/wp\/v2\/posts\/1546","targetHints":{"allow":["GET"]}}],"collection":[{"href":"https:\/\/grupamisyjna.misjonarze.pl\/index.php?rest_route=\/wp\/v2\/posts"}],"about":[{"href":"https:\/\/grupamisyjna.misjonarze.pl\/index.php?rest_route=\/wp\/v2\/types\/post"}],"author":[{"embeddable":true,"href":"https:\/\/grupamisyjna.misjonarze.pl\/index.php?rest_route=\/wp\/v2\/users\/2"}],"replies":[{"embeddable":true,"href":"https:\/\/grupamisyjna.misjonarze.pl\/index.php?rest_route=%2Fwp%2Fv2%2Fcomments&post=1546"}],"version-history":[{"count":2,"href":"https:\/\/grupamisyjna.misjonarze.pl\/index.php?rest_route=\/wp\/v2\/posts\/1546\/revisions"}],"predecessor-version":[{"id":1548,"href":"https:\/\/grupamisyjna.misjonarze.pl\/index.php?rest_route=\/wp\/v2\/posts\/1546\/revisions\/1548"}],"wp:featuredmedia":[{"embeddable":true,"href":"https:\/\/grupamisyjna.misjonarze.pl\/index.php?rest_route=\/wp\/v2\/media\/1552"}],"wp:attachment":[{"href":"https:\/\/grupamisyjna.misjonarze.pl\/index.php?rest_route=%2Fwp%2Fv2%2Fmedia&parent=1546"}],"wp:term":[{"taxonomy":"category","embeddable":true,"href":"https:\/\/grupamisyjna.misjonarze.pl\/index.php?rest_route=%2Fwp%2Fv2%2Fcategories&post=1546"},{"taxonomy":"post_tag","embeddable":true,"href":"https:\/\/grupamisyjna.misjonarze.pl\/index.php?rest_route=%2Fwp%2Fv2%2Ftags&post=1546"}],"curies":[{"name":"wp","href":"https:\/\/api.w.org\/{rel}","templated":true}]}}