{"id":1563,"date":"2023-09-18T19:18:12","date_gmt":"2023-09-18T17:18:12","guid":{"rendered":"https:\/\/grupamisyjna.misjonarze.pl\/?p=1563"},"modified":"2023-09-18T19:22:02","modified_gmt":"2023-09-18T17:22:02","slug":"kowal","status":"publish","type":"post","link":"https:\/\/grupamisyjna.misjonarze.pl\/?p=1563","title":{"rendered":"KOWAL"},"content":{"rendered":"<p>&nbsp;<\/p>\n<p>W diecezji w\u0142oc\u0142awskiej trwa peregrynacja Jasnog\u00f3rskiej Ikony.<\/p>\n<p>Przygotowanie do Nawiedzenia Obrazu i Nawiedzenie w parafii \u015bw. Urszuli w Kowalu,<\/p>\n<p>w dniach od 15 &#8211; 18 wrze\u015bnia 2023 roku, prowadzi\u0142 Ks. Wojciech Koz\u0142owski CM.<\/p>\n<p>Wkr\u00f3tce fotorelacja z s\u0105siedniej parafii w Grabkowie, gdzie rekolekcje rozpoczynaj\u0105 si\u0119 19 wrze\u015bnia.<\/p>\n<!-- Final Tiles Grid Gallery for WordPress v3.6.13 free --><style>#ftg-7272 .tile .icon { color:#ffffff; }#ftg-7272 .ftg-items .loading-bar i { background:#666; }#ftg-7272 .ftg-items .loading-bar { background:#fff; }#ftg-7272 .tile .icon { font-size:12px; }#ftg-7272 .tile .icon { margin: -6px 0 0 -6px; }#ftg-7272 .tile .caption-block .text-wrapper span.text { font-size:12px; }#ftg-7272 .tile .caption-outside .text-wrapper span.text { font-size:12px; }#ftg-7272 .tile .caption-block .text-wrapper span.title { font-size:14px; }#ftg-7272 .tile .caption-outside .text-wrapper span.title { font-size:14px; }#ftg-7272 .tile { background-color: transparent; }#ftg-7272 .tile .caption-block .text-wrapper span.text { color: #ffffff; }#ftg-7272 .tile .caption-block .text-wrapper span.title { color: #ffffff; }#ftg-7272 .tile .caption-outside .text-wrapper span.text { color: #ffffff; }#ftg-7272 .tile .caption-outside .text-wrapper span.title { color: #ffffff; }#ftg-7272 .tile .ftg-social a { color: #ffffff; }#ftg-7272 .tile .caption-block { transition-timing-function:linear; }#ftg-7272 .tile .caption-block { transition-duration:0.25s; }#ftg-7272 .tile .tile-inner:before { background-color: #000000; }#ftg-7272 .tile .tile-inner:before { background-color: rgba(0, 0, 0, 0.8); }<\/style><a name=\"72\"><\/a><div class=\"final-tiles-gallery  ftg-hover-enabled caption-inside  caption-none caption-middle caption-center\" id=\"ftg-7272\" style=\"width: 100%\"><div class='ftg-items'><div class='loading-bar'><i><\/i><\/div><div  class='tile ftg-preload  '><a title=\"00917\" data-lightbox='ftg-7272' rel='ftg-7272'  class=' tile-inner  ftg-lightbox' href='https:\/\/grupamisyjna.misjonarze.pl\/wp-content\/uploads\/2023\/09\/00917-1-1024x729.jpg' ><img alt='00917' class='item skip-lazy' data-class='item' data-ftg-source='https:\/\/grupamisyjna.misjonarze.pl\/wp-content\/uploads\/2023\/09\/00917-1-1024x729.jpg' src='https:\/\/grupamisyjna.misjonarze.pl\/wp-content\/uploads\/2023\/09\/00917-1-1024x729.jpg' width='1024' height='729' \/><span class='icon fa fa-zoom'><\/span><div class='caption-block'><div class='text-wrapper'><span class='title'>00917<\/span><\/div><\/div><\/a><div class='ftg-social'><\/div><\/div><div  class='tile ftg-preload  '><a title=\"CYG_0001 \u2014 kopia\" data-lightbox='ftg-7272' rel='ftg-7272'  class=' tile-inner  ftg-lightbox' href='https:\/\/grupamisyjna.misjonarze.pl\/wp-content\/uploads\/2023\/09\/CYG_0001-\u2014-kopia-1-1024x678.jpg' ><img alt='CYG_0001 \u2014 kopia' class='item skip-lazy' data-class='item' data-ftg-source='https:\/\/grupamisyjna.misjonarze.pl\/wp-content\/uploads\/2023\/09\/CYG_0001-\u2014-kopia-1-1024x678.jpg' src='https:\/\/grupamisyjna.misjonarze.pl\/wp-content\/uploads\/2023\/09\/CYG_0001-\u2014-kopia-1-1024x678.jpg' width='1024' height='678' \/><span class='icon fa fa-zoom'><\/span><div class='caption-block'><div class='text-wrapper'><span class='title'>CYG_0001 \u2014 kopia<\/span><\/div><\/div><\/a><div class='ftg-social'><\/div><\/div><div  class='tile ftg-preload  '><a title=\"CYG_0101 \u2014 kopia\" data-lightbox='ftg-7272' rel='ftg-7272'  class=' tile-inner  ftg-lightbox' href='https:\/\/grupamisyjna.misjonarze.pl\/wp-content\/uploads\/2023\/09\/CYG_0101-\u2014-kopia-1-1024x678.jpg' ><img alt='CYG_0101 \u2014 kopia' class='item skip-lazy' data-class='item' data-ftg-source='https:\/\/grupamisyjna.misjonarze.pl\/wp-content\/uploads\/2023\/09\/CYG_0101-\u2014-kopia-1-1024x678.jpg' src='https:\/\/grupamisyjna.misjonarze.pl\/wp-content\/uploads\/2023\/09\/CYG_0101-\u2014-kopia-1-1024x678.jpg' width='1024' height='678' \/><span class='icon fa fa-zoom'><\/span><div class='caption-block'><div class='text-wrapper'><span class='title'>CYG_0101 \u2014 kopia<\/span><\/div><\/div><\/a><div class='ftg-social'><\/div><\/div><div  class='tile ftg-preload  '><a title=\"EDE_0248\" data-lightbox='ftg-7272' rel='ftg-7272'  class=' tile-inner  ftg-lightbox' href='https:\/\/grupamisyjna.misjonarze.pl\/wp-content\/uploads\/2023\/09\/EDE_0248-1-1024x678.jpg' ><img alt='EDE_0248' class='item skip-lazy' data-class='item' data-ftg-source='https:\/\/grupamisyjna.misjonarze.pl\/wp-content\/uploads\/2023\/09\/EDE_0248-1-1024x678.jpg' src='https:\/\/grupamisyjna.misjonarze.pl\/wp-content\/uploads\/2023\/09\/EDE_0248-1-1024x678.jpg' width='1024' height='678' \/><span class='icon fa fa-zoom'><\/span><div class='caption-block'><div class='text-wrapper'><span class='title'>EDE_0248<\/span><\/div><\/div><\/a><div class='ftg-social'><\/div><\/div><div  class='tile ftg-preload  '><a title=\"EDE_0344\" data-lightbox='ftg-7272' rel='ftg-7272'  class=' tile-inner  ftg-lightbox' href='https:\/\/grupamisyjna.misjonarze.pl\/wp-content\/uploads\/2023\/09\/EDE_0344-1-1024x678.jpg' ><img alt='EDE_0344' class='item skip-lazy' data-class='item' data-ftg-source='https:\/\/grupamisyjna.misjonarze.pl\/wp-content\/uploads\/2023\/09\/EDE_0344-1-1024x678.jpg' src='https:\/\/grupamisyjna.misjonarze.pl\/wp-content\/uploads\/2023\/09\/EDE_0344-1-1024x678.jpg' width='1024' height='678' \/><span class='icon fa fa-zoom'><\/span><div class='caption-block'><div class='text-wrapper'><span class='title'>EDE_0344<\/span><\/div><\/div><\/a><div class='ftg-social'><\/div><\/div><\/div><\/div>\n","protected":false},"excerpt":{"rendered":"<p>&nbsp; W diecezji w\u0142oc\u0142awskiej trwa peregrynacja Jasnog\u00f3rskiej Ikony. Przygotowanie do Nawiedzenia Obrazu i Nawiedzenie w parafii&hellip;<\/p>\n","protected":false},"author":2,"featured_media":1557,"comment_status":"open","ping_status":"open","sticky":false,"template":"","format":"standard","meta":{"footnotes":""},"categories":[1],"tags":[],"class_list":["post-1563","post","type-post","status-publish","format-standard","has-post-thumbnail","hentry","category-bez-kategorii"],"_links":{"self":[{"href":"https:\/\/grupamisyjna.misjonarze.pl\/index.php?rest_route=\/wp\/v2\/posts\/1563","targetHints":{"allow":["GET"]}}],"collection":[{"href":"https:\/\/grupamisyjna.misjonarze.pl\/index.php?rest_route=\/wp\/v2\/posts"}],"about":[{"href":"https:\/\/grupamisyjna.misjonarze.pl\/index.php?rest_route=\/wp\/v2\/types\/post"}],"author":[{"embeddable":true,"href":"https:\/\/grupamisyjna.misjonarze.pl\/index.php?rest_route=\/wp\/v2\/users\/2"}],"replies":[{"embeddable":true,"href":"https:\/\/grupamisyjna.misjonarze.pl\/index.php?rest_route=%2Fwp%2Fv2%2Fcomments&post=1563"}],"version-history":[{"count":1,"href":"https:\/\/grupamisyjna.misjonarze.pl\/index.php?rest_route=\/wp\/v2\/posts\/1563\/revisions"}],"predecessor-version":[{"id":1564,"href":"https:\/\/grupamisyjna.misjonarze.pl\/index.php?rest_route=\/wp\/v2\/posts\/1563\/revisions\/1564"}],"wp:featuredmedia":[{"embeddable":true,"href":"https:\/\/grupamisyjna.misjonarze.pl\/index.php?rest_route=\/wp\/v2\/media\/1557"}],"wp:attachment":[{"href":"https:\/\/grupamisyjna.misjonarze.pl\/index.php?rest_route=%2Fwp%2Fv2%2Fmedia&parent=1563"}],"wp:term":[{"taxonomy":"category","embeddable":true,"href":"https:\/\/grupamisyjna.misjonarze.pl\/index.php?rest_route=%2Fwp%2Fv2%2Fcategories&post=1563"},{"taxonomy":"post_tag","embeddable":true,"href":"https:\/\/grupamisyjna.misjonarze.pl\/index.php?rest_route=%2Fwp%2Fv2%2Ftags&post=1563"}],"curies":[{"name":"wp","href":"https:\/\/api.w.org\/{rel}","templated":true}]}}