{"id":1575,"date":"2023-09-22T15:00:01","date_gmt":"2023-09-22T13:00:01","guid":{"rendered":"https:\/\/grupamisyjna.misjonarze.pl\/?p=1575"},"modified":"2023-09-22T15:01:51","modified_gmt":"2023-09-22T13:01:51","slug":"grabkow","status":"publish","type":"post","link":"https:\/\/grupamisyjna.misjonarze.pl\/?p=1575","title":{"rendered":"GRABK\u00d3W"},"content":{"rendered":"<p>Rekolekcje i Nawiedzenie Obrazu Jasnog\u00f3rskiego w parafii w Grabkowie, diecezja w\u0142oc\u0142awska. 19 do 22 wrze\u015bnia 2023 r. Ks. Wojciech Koz\u0142owski CM<\/p>\n<!-- Final Tiles Grid Gallery for WordPress v3.6.13 free --><style>#ftg-7373 .tile .icon { color:#ffffff; }#ftg-7373 .ftg-items .loading-bar i { background:#666; }#ftg-7373 .ftg-items .loading-bar { background:#fff; }#ftg-7373 .tile .icon { font-size:12px; }#ftg-7373 .tile .icon { margin: -6px 0 0 -6px; }#ftg-7373 .tile .caption-block .text-wrapper span.text { font-size:12px; }#ftg-7373 .tile .caption-outside .text-wrapper span.text { font-size:12px; }#ftg-7373 .tile .caption-block .text-wrapper span.title { font-size:14px; }#ftg-7373 .tile .caption-outside .text-wrapper span.title { font-size:14px; }#ftg-7373 .tile { background-color: transparent; }#ftg-7373 .tile .caption-block .text-wrapper span.text { color: #ffffff; }#ftg-7373 .tile .caption-block .text-wrapper span.title { color: #ffffff; }#ftg-7373 .tile .caption-outside .text-wrapper span.text { color: #ffffff; }#ftg-7373 .tile .caption-outside .text-wrapper span.title { color: #ffffff; }#ftg-7373 .tile .ftg-social a { color: #ffffff; }#ftg-7373 .tile .caption-block { transition-timing-function:linear; }#ftg-7373 .tile .caption-block { transition-duration:0.25s; }#ftg-7373 .tile .tile-inner:before { background-color: #000000; }#ftg-7373 .tile .tile-inner:before { background-color: rgba(0, 0, 0, 0.8); }<\/style><a name=\"73\"><\/a><div class=\"final-tiles-gallery  ftg-hover-enabled caption-inside  caption-none caption-middle caption-center\" id=\"ftg-7373\" style=\"width: 100%\"><div class='ftg-items'><div class='loading-bar'><i><\/i><\/div><div  class='tile ftg-preload  '><a title=\"IMG-20230922-WA0000\" data-lightbox='ftg-7373' rel='ftg-7373'  class=' tile-inner  ftg-lightbox' href='https:\/\/grupamisyjna.misjonarze.pl\/wp-content\/uploads\/2023\/09\/IMG-20230922-WA0000-768x1024.jpg' ><img alt='IMG-20230922-WA0000' class='item skip-lazy' data-class='item' data-ftg-source='https:\/\/grupamisyjna.misjonarze.pl\/wp-content\/uploads\/2023\/09\/IMG-20230922-WA0000-768x1024.jpg' src='https:\/\/grupamisyjna.misjonarze.pl\/wp-content\/uploads\/2023\/09\/IMG-20230922-WA0000-768x1024.jpg' width='768' height='1024' \/><span class='icon fa fa-zoom'><\/span><div class='caption-block'><div class='text-wrapper'><span class='title'>IMG-20230922-WA0000<\/span><\/div><\/div><\/a><div class='ftg-social'><\/div><\/div><div  class='tile ftg-preload  '><a title=\"IMG-20230922-WA0001\" data-lightbox='ftg-7373' rel='ftg-7373'  class=' tile-inner  ftg-lightbox' href='https:\/\/grupamisyjna.misjonarze.pl\/wp-content\/uploads\/2023\/09\/IMG-20230922-WA0001-768x1024.jpg' ><img alt='IMG-20230922-WA0001' class='item skip-lazy' data-class='item' data-ftg-source='https:\/\/grupamisyjna.misjonarze.pl\/wp-content\/uploads\/2023\/09\/IMG-20230922-WA0001-768x1024.jpg' src='https:\/\/grupamisyjna.misjonarze.pl\/wp-content\/uploads\/2023\/09\/IMG-20230922-WA0001-768x1024.jpg' width='768' height='1024' \/><span class='icon fa fa-zoom'><\/span><div class='caption-block'><div class='text-wrapper'><span class='title'>IMG-20230922-WA0001<\/span><\/div><\/div><\/a><div class='ftg-social'><\/div><\/div><div  class='tile ftg-preload  '><a title=\"IMG-20230922-WA0002\" data-lightbox='ftg-7373' rel='ftg-7373'  class=' tile-inner  ftg-lightbox' href='https:\/\/grupamisyjna.misjonarze.pl\/wp-content\/uploads\/2023\/09\/IMG-20230922-WA0002-768x1024.jpg' ><img alt='IMG-20230922-WA0002' class='item skip-lazy' data-class='item' data-ftg-source='https:\/\/grupamisyjna.misjonarze.pl\/wp-content\/uploads\/2023\/09\/IMG-20230922-WA0002-768x1024.jpg' src='https:\/\/grupamisyjna.misjonarze.pl\/wp-content\/uploads\/2023\/09\/IMG-20230922-WA0002-768x1024.jpg' width='768' height='1024' \/><span class='icon fa fa-zoom'><\/span><div class='caption-block'><div class='text-wrapper'><span class='title'>IMG-20230922-WA0002<\/span><\/div><\/div><\/a><div class='ftg-social'><\/div><\/div><div  class='tile ftg-preload  '><a title=\"IMG-20230922-WA0003\" data-lightbox='ftg-7373' rel='ftg-7373'  class=' tile-inner  ftg-lightbox' href='https:\/\/grupamisyjna.misjonarze.pl\/wp-content\/uploads\/2023\/09\/IMG-20230922-WA0003-768x1024.jpg' ><img alt='IMG-20230922-WA0003' class='item skip-lazy' data-class='item' data-ftg-source='https:\/\/grupamisyjna.misjonarze.pl\/wp-content\/uploads\/2023\/09\/IMG-20230922-WA0003-768x1024.jpg' src='https:\/\/grupamisyjna.misjonarze.pl\/wp-content\/uploads\/2023\/09\/IMG-20230922-WA0003-768x1024.jpg' width='768' height='1024' \/><span class='icon fa fa-zoom'><\/span><div class='caption-block'><div class='text-wrapper'><span class='title'>IMG-20230922-WA0003<\/span><\/div><\/div><\/a><div class='ftg-social'><\/div><\/div><div  class='tile ftg-preload  '><a title=\"IMG-20230922-WA0004\" data-lightbox='ftg-7373' rel='ftg-7373'  class=' tile-inner  ftg-lightbox' href='https:\/\/grupamisyjna.misjonarze.pl\/wp-content\/uploads\/2023\/09\/IMG-20230922-WA0004-768x1024.jpg' ><img alt='IMG-20230922-WA0004' class='item skip-lazy' data-class='item' data-ftg-source='https:\/\/grupamisyjna.misjonarze.pl\/wp-content\/uploads\/2023\/09\/IMG-20230922-WA0004-768x1024.jpg' src='https:\/\/grupamisyjna.misjonarze.pl\/wp-content\/uploads\/2023\/09\/IMG-20230922-WA0004-768x1024.jpg' width='768' height='1024' \/><span class='icon fa fa-zoom'><\/span><div class='caption-block'><div class='text-wrapper'><span class='title'>IMG-20230922-WA0004<\/span><\/div><\/div><\/a><div class='ftg-social'><\/div><\/div><\/div><\/div>\n","protected":false},"excerpt":{"rendered":"<p>Rekolekcje i Nawiedzenie Obrazu Jasnog\u00f3rskiego w parafii w Grabkowie, diecezja w\u0142oc\u0142awska. 19 do 22 wrze\u015bnia 2023&hellip;<\/p>\n","protected":false},"author":2,"featured_media":1573,"comment_status":"open","ping_status":"open","sticky":false,"template":"","format":"standard","meta":{"footnotes":""},"categories":[1],"tags":[],"class_list":["post-1575","post","type-post","status-publish","format-standard","has-post-thumbnail","hentry","category-bez-kategorii"],"_links":{"self":[{"href":"https:\/\/grupamisyjna.misjonarze.pl\/index.php?rest_route=\/wp\/v2\/posts\/1575","targetHints":{"allow":["GET"]}}],"collection":[{"href":"https:\/\/grupamisyjna.misjonarze.pl\/index.php?rest_route=\/wp\/v2\/posts"}],"about":[{"href":"https:\/\/grupamisyjna.misjonarze.pl\/index.php?rest_route=\/wp\/v2\/types\/post"}],"author":[{"embeddable":true,"href":"https:\/\/grupamisyjna.misjonarze.pl\/index.php?rest_route=\/wp\/v2\/users\/2"}],"replies":[{"embeddable":true,"href":"https:\/\/grupamisyjna.misjonarze.pl\/index.php?rest_route=%2Fwp%2Fv2%2Fcomments&post=1575"}],"version-history":[{"count":1,"href":"https:\/\/grupamisyjna.misjonarze.pl\/index.php?rest_route=\/wp\/v2\/posts\/1575\/revisions"}],"predecessor-version":[{"id":1576,"href":"https:\/\/grupamisyjna.misjonarze.pl\/index.php?rest_route=\/wp\/v2\/posts\/1575\/revisions\/1576"}],"wp:featuredmedia":[{"embeddable":true,"href":"https:\/\/grupamisyjna.misjonarze.pl\/index.php?rest_route=\/wp\/v2\/media\/1573"}],"wp:attachment":[{"href":"https:\/\/grupamisyjna.misjonarze.pl\/index.php?rest_route=%2Fwp%2Fv2%2Fmedia&parent=1575"}],"wp:term":[{"taxonomy":"category","embeddable":true,"href":"https:\/\/grupamisyjna.misjonarze.pl\/index.php?rest_route=%2Fwp%2Fv2%2Fcategories&post=1575"},{"taxonomy":"post_tag","embeddable":true,"href":"https:\/\/grupamisyjna.misjonarze.pl\/index.php?rest_route=%2Fwp%2Fv2%2Ftags&post=1575"}],"curies":[{"name":"wp","href":"https:\/\/api.w.org\/{rel}","templated":true}]}}