{"id":2444,"date":"2024-03-20T20:34:23","date_gmt":"2024-03-20T19:34:23","guid":{"rendered":"https:\/\/grupamisyjna.misjonarze.pl\/?p=2444"},"modified":"2024-03-21T10:34:46","modified_gmt":"2024-03-21T09:34:46","slug":"lubliniec","status":"publish","type":"post","link":"https:\/\/grupamisyjna.misjonarze.pl\/?p=2444","title":{"rendered":"LUBLINIEC"},"content":{"rendered":"<p>Parafia \u015bw. Miko\u0142aja w Lubli\u0144cu. Relacja ks. Macieja:<\/p>\n<p>W V Niedziel\u0119 Wielkiego Postu, w ko\u015bciele farnym pw. \u015aw. Miko\u0142aja \u2013 centralnej \u015bwi\u0105tyni miasta Lubli\u0144ca (diecezja gliwicka) rozpocz\u0119\u0142y si\u0119 rekolekcje parafialne wraz z uroczyst\u0105 inauguracj\u0105 3-go roku 9-letniej Nowenny ku czci Matki Bo\u017cej Niepokalanej objawiaj\u0105cej Cudowny Medalik, prze\u017cywanej przed Jubileuszem 200-lecia Jej Objawie\u0144 na rue du Bac w Pary\u017cu. Wsp\u00f3lnie z Siostrami Mi\u0142osierdzia Prowincji krakowskiej mogli\u015bmy zago\u015bci\u0107 w kolejnym zabytkowym ko\u015bciele tego rejonu \u015al\u0105ska, bo datowanym wed\u0142ug najstarszych zachowanych poda\u0144 na wiek XIV. \u015awi\u0105tynia podlega obecnie gruntownej konserwatorskiej renowacji, st\u0105d te\u017c i po raz kolejny udzieli\u0142 nam si\u0119 niepowtarzalny klimat zbitego tynku i ods\u0142oni\u0119tych leciwych mur\u00f3w. W jednym niewielkim obszarowo kompleksie ze \u015bwi\u0105tyni\u0105 znajduj\u0105 si\u0119 dwa budynki: plebanii zamieszkiwanej przez ks. Dziekana i Proboszcza w jednej osobie oraz dom katechetyczny, gdzie znajduj\u0105 si\u0119 sale, biblioteka i mieszkania ksi\u0119\u017cy wikariuszy.<\/p>\n<p>Program rekolekcji by\u0142y dedykowany dla doros\u0142ych parafian oraz osobno dla m\u0142odzie\u017cy Zespo\u0142u Szk\u00f3\u0142 Og\u00f3lnokszta\u0142c\u0105co-Technicznych. Przykr\u0105 \u201eosobliwo\u015bci\u0105\u201d tego czasu duchowych zmaga\u0144 by\u0142o fizyczne zmaganie si\u0119 pisz\u0105cego te s\u0142owa z bolesn\u0105 dolegliwo\u015bci\u0105, co wymog\u0142o konieczno\u015b\u0107 doko\u0144czenia rekolekcji przez drugiego kap\u0142ana. Dlatego zar\u00f3wno duszpasterzom pos\u0142uguj\u0105cym w tej parafii jak i wiernym \u017cycz\u0119 obfito\u015bci \u0142ask od Pana na ostatniej wielkopostnej prostej i aby Zmartwychwsta\u0142y zachowa\u0142 wszystkich w zbli\u017caj\u0105ce si\u0119 \u015awi\u0119ta Wielkiej Nocy w dobrym zdrowiu na duszy i ciele.<\/p>\n<p>&nbsp;<\/p>\n<p>Maciej K. CM &#8211; misjonarz<\/p>\n<!-- Final Tiles Grid Gallery for WordPress v3.6.13 free --><style>#ftg-166166 .tile .icon { color:#ffffff; }#ftg-166166 .ftg-items .loading-bar i { background:#666; }#ftg-166166 .ftg-items .loading-bar { background:#fff; }#ftg-166166 .tile .icon { font-size:12px; }#ftg-166166 .tile .icon { margin: -6px 0 0 -6px; }#ftg-166166 .tile .caption-block .text-wrapper span.text { font-size:12px; }#ftg-166166 .tile .caption-outside .text-wrapper span.text { font-size:12px; }#ftg-166166 .tile .caption-block .text-wrapper span.title { font-size:14px; }#ftg-166166 .tile .caption-outside .text-wrapper span.title { font-size:14px; }#ftg-166166 .tile { background-color: transparent; }#ftg-166166 .tile .caption-block .text-wrapper span.text { color: #ffffff; }#ftg-166166 .tile .caption-block .text-wrapper span.title { color: #ffffff; }#ftg-166166 .tile .caption-outside .text-wrapper span.text { color: #ffffff; }#ftg-166166 .tile .caption-outside .text-wrapper span.title { color: #ffffff; }#ftg-166166 .tile .ftg-social a { color: #ffffff; }#ftg-166166 .tile .caption-block { transition-timing-function:linear; }#ftg-166166 .tile .caption-block { transition-duration:0.25s; }#ftg-166166 .tile .tile-inner:before { background-color: #000000; }#ftg-166166 .tile .tile-inner:before { background-color: rgba(0, 0, 0, 0.8); }<\/style><a name=\"166\"><\/a><div class=\"final-tiles-gallery  ftg-hover-enabled caption-inside  caption-none caption-middle caption-center\" id=\"ftg-166166\" style=\"width: 100%\"><div class='ftg-items'><div class='loading-bar'><i><\/i><\/div><div  class='tile ftg-preload  '><a title=\"G79A8009\" data-lightbox='ftg-166166' rel='ftg-166166'  class=' tile-inner  ftg-lightbox' href='https:\/\/grupamisyjna.misjonarze.pl\/wp-content\/uploads\/2024\/03\/G79A8009-1024x683.jpg' ><img alt='G79A8009' class='item skip-lazy' data-class='item' data-ftg-source='https:\/\/grupamisyjna.misjonarze.pl\/wp-content\/uploads\/2024\/03\/G79A8009-1024x683.jpg' src='https:\/\/grupamisyjna.misjonarze.pl\/wp-content\/uploads\/2024\/03\/G79A8009-1024x683.jpg' width='1024' height='683' \/><span class='icon fa fa-zoom'><\/span><div class='caption-block'><div class='text-wrapper'><span class='title'>G79A8009<\/span><\/div><\/div><\/a><div class='ftg-social'><\/div><\/div><div  class='tile ftg-preload  '><a title=\"G79A8015\" data-lightbox='ftg-166166' rel='ftg-166166'  class=' tile-inner  ftg-lightbox' href='https:\/\/grupamisyjna.misjonarze.pl\/wp-content\/uploads\/2024\/03\/G79A8015-1024x683.jpg' ><img alt='G79A8015' class='item skip-lazy' data-class='item' data-ftg-source='https:\/\/grupamisyjna.misjonarze.pl\/wp-content\/uploads\/2024\/03\/G79A8015-1024x683.jpg' src='https:\/\/grupamisyjna.misjonarze.pl\/wp-content\/uploads\/2024\/03\/G79A8015-1024x683.jpg' width='1024' height='683' \/><span class='icon fa fa-zoom'><\/span><div class='caption-block'><div class='text-wrapper'><span class='title'>G79A8015<\/span><\/div><\/div><\/a><div class='ftg-social'><\/div><\/div><div  class='tile ftg-preload  '><a title=\"G79A8029\" data-lightbox='ftg-166166' rel='ftg-166166'  class=' tile-inner  ftg-lightbox' href='https:\/\/grupamisyjna.misjonarze.pl\/wp-content\/uploads\/2024\/03\/G79A8029-1024x683.jpg' ><img alt='G79A8029' class='item skip-lazy' data-class='item' data-ftg-source='https:\/\/grupamisyjna.misjonarze.pl\/wp-content\/uploads\/2024\/03\/G79A8029-1024x683.jpg' src='https:\/\/grupamisyjna.misjonarze.pl\/wp-content\/uploads\/2024\/03\/G79A8029-1024x683.jpg' width='1024' height='683' \/><span class='icon fa fa-zoom'><\/span><div class='caption-block'><div class='text-wrapper'><span class='title'>G79A8029<\/span><\/div><\/div><\/a><div class='ftg-social'><\/div><\/div><div  class='tile ftg-preload  '><a title=\"G79A8030\" data-lightbox='ftg-166166' rel='ftg-166166'  class=' tile-inner  ftg-lightbox' href='https:\/\/grupamisyjna.misjonarze.pl\/wp-content\/uploads\/2024\/03\/G79A8030-1024x683.jpg' ><img alt='G79A8030' class='item skip-lazy' data-class='item' data-ftg-source='https:\/\/grupamisyjna.misjonarze.pl\/wp-content\/uploads\/2024\/03\/G79A8030-1024x683.jpg' src='https:\/\/grupamisyjna.misjonarze.pl\/wp-content\/uploads\/2024\/03\/G79A8030-1024x683.jpg' width='1024' height='683' \/><span class='icon fa fa-zoom'><\/span><div class='caption-block'><div class='text-wrapper'><span class='title'>G79A8030<\/span><\/div><\/div><\/a><div class='ftg-social'><\/div><\/div><div  class='tile ftg-preload  '><a title=\"G79A8031\" data-lightbox='ftg-166166' rel='ftg-166166'  class=' tile-inner  ftg-lightbox' href='https:\/\/grupamisyjna.misjonarze.pl\/wp-content\/uploads\/2024\/03\/G79A8031-683x1024.jpg' ><img alt='G79A8031' class='item skip-lazy' data-class='item' data-ftg-source='https:\/\/grupamisyjna.misjonarze.pl\/wp-content\/uploads\/2024\/03\/G79A8031-683x1024.jpg' src='https:\/\/grupamisyjna.misjonarze.pl\/wp-content\/uploads\/2024\/03\/G79A8031-683x1024.jpg' width='683' height='1024' \/><span class='icon fa fa-zoom'><\/span><div class='caption-block'><div class='text-wrapper'><span class='title'>G79A8031<\/span><\/div><\/div><\/a><div class='ftg-social'><\/div><\/div><\/div><\/div>\n","protected":false},"excerpt":{"rendered":"<p>Parafia \u015bw. Miko\u0142aja w Lubli\u0144cu. Relacja ks. Macieja: W V Niedziel\u0119 Wielkiego Postu, w ko\u015bciele farnym&hellip;<\/p>\n","protected":false},"author":2,"featured_media":2442,"comment_status":"open","ping_status":"open","sticky":false,"template":"","format":"standard","meta":{"footnotes":""},"categories":[1],"tags":[],"class_list":["post-2444","post","type-post","status-publish","format-standard","has-post-thumbnail","hentry","category-bez-kategorii"],"_links":{"self":[{"href":"https:\/\/grupamisyjna.misjonarze.pl\/index.php?rest_route=\/wp\/v2\/posts\/2444","targetHints":{"allow":["GET"]}}],"collection":[{"href":"https:\/\/grupamisyjna.misjonarze.pl\/index.php?rest_route=\/wp\/v2\/posts"}],"about":[{"href":"https:\/\/grupamisyjna.misjonarze.pl\/index.php?rest_route=\/wp\/v2\/types\/post"}],"author":[{"embeddable":true,"href":"https:\/\/grupamisyjna.misjonarze.pl\/index.php?rest_route=\/wp\/v2\/users\/2"}],"replies":[{"embeddable":true,"href":"https:\/\/grupamisyjna.misjonarze.pl\/index.php?rest_route=%2Fwp%2Fv2%2Fcomments&post=2444"}],"version-history":[{"count":2,"href":"https:\/\/grupamisyjna.misjonarze.pl\/index.php?rest_route=\/wp\/v2\/posts\/2444\/revisions"}],"predecessor-version":[{"id":2481,"href":"https:\/\/grupamisyjna.misjonarze.pl\/index.php?rest_route=\/wp\/v2\/posts\/2444\/revisions\/2481"}],"wp:featuredmedia":[{"embeddable":true,"href":"https:\/\/grupamisyjna.misjonarze.pl\/index.php?rest_route=\/wp\/v2\/media\/2442"}],"wp:attachment":[{"href":"https:\/\/grupamisyjna.misjonarze.pl\/index.php?rest_route=%2Fwp%2Fv2%2Fmedia&parent=2444"}],"wp:term":[{"taxonomy":"category","embeddable":true,"href":"https:\/\/grupamisyjna.misjonarze.pl\/index.php?rest_route=%2Fwp%2Fv2%2Fcategories&post=2444"},{"taxonomy":"post_tag","embeddable":true,"href":"https:\/\/grupamisyjna.misjonarze.pl\/index.php?rest_route=%2Fwp%2Fv2%2Ftags&post=2444"}],"curies":[{"name":"wp","href":"https:\/\/api.w.org\/{rel}","templated":true}]}}