{"id":2464,"date":"2024-03-21T10:21:32","date_gmt":"2024-03-21T09:21:32","guid":{"rendered":"https:\/\/grupamisyjna.misjonarze.pl\/?p=2464"},"modified":"2024-03-21T10:33:19","modified_gmt":"2024-03-21T09:33:19","slug":"siemiatycze-2","status":"publish","type":"post","link":"https:\/\/grupamisyjna.misjonarze.pl\/?p=2464","title":{"rendered":"SIEMIATYCZE"},"content":{"rendered":"<p>Relacja ks. Adama Borowskiego:<\/p>\n<p>Rekolekcje wielkopostne w parafii Wniebowzi\u0119cia NMP w Siemiatyczach. W tej parafii w latach 1719 \u2013 1832 pracowali Ksi\u0119\u017ca Misjonarze \u015bw. Wincentego a Paulo.<\/p>\n<p>Rekolekcje: w niedziel\u0119 5 mszy \u015bw. z nauk\u0105. W poniedzia\u0142ek i wtorek 4 msze z nauk\u0105, w tym jedna z nauk\u0105 dla dzieci i m\u0142odzie\u017cy ze szko\u0142y podstawowej. W poniedzia\u0142ek droga krzy\u017cowa dla dzieci, we wtorek droga krzy\u017cowa dla doros\u0142ych.<\/p>\n<p>Tematy: niedziela: wiara (i moja odpowiedzialno\u015b\u0107 za Ko\u015bci\u00f3\u0142); poniedzia\u0142ek: modlitwa (Rok Modlitwy &#8211; przygotowanie do Roku \u015awi\u0119tego 2025); wtorek: \u015bw. J\u00f3zef &#8211; cz\u0142owiek wiary i modlitwy.<\/p>\n<!-- Final Tiles Grid Gallery for WordPress v3.6.13 free --><style>#ftg-168168 .tile .icon { color:#ffffff; }#ftg-168168 .ftg-items .loading-bar i { background:#666; }#ftg-168168 .ftg-items .loading-bar { background:#fff; }#ftg-168168 .tile .icon { font-size:12px; }#ftg-168168 .tile .icon { margin: -6px 0 0 -6px; }#ftg-168168 .tile .caption-block .text-wrapper span.text { font-size:12px; }#ftg-168168 .tile .caption-outside .text-wrapper span.text { font-size:12px; }#ftg-168168 .tile .caption-block .text-wrapper span.title { font-size:14px; }#ftg-168168 .tile .caption-outside .text-wrapper span.title { font-size:14px; }#ftg-168168 .tile { background-color: transparent; }#ftg-168168 .tile .caption-block .text-wrapper span.text { color: #ffffff; }#ftg-168168 .tile .caption-block .text-wrapper span.title { color: #ffffff; }#ftg-168168 .tile .caption-outside .text-wrapper span.text { color: #ffffff; }#ftg-168168 .tile .caption-outside .text-wrapper span.title { color: #ffffff; }#ftg-168168 .tile .ftg-social a { color: #ffffff; }#ftg-168168 .tile .caption-block { transition-duration:0.25s; }#ftg-168168 .tile .tile-inner:before { background-color: #000000; }#ftg-168168 .tile .tile-inner:before { background-color: rgba(0, 0, 0, 0.8); }#ftg-168168 .tile:hover img {-moz-transform: -moz-rotate(0deg) -moz-scale(0) ;-webkit-transform: -webkit-rotate(0deg) -webkit-scale(0) ;-o-transform: -o-rotate(0deg) -o-scale(0) ;-ms-transform: -ms-rotate(0deg) -ms-scale(0) ;transform: rotate(0deg) scale(0) ;}<\/style><a name=\"168\"><\/a><div class=\"final-tiles-gallery  ftg-hover-enabled caption-inside  caption-none caption-middle caption-center\" id=\"ftg-168168\" style=\"width: 100%\"><div class='ftg-items'><div class='loading-bar'><i><\/i><\/div><div  class='tile ftg-preload  '><a title=\"IMG-20240320-WA0012\" data-lightbox='ftg-168168' rel='ftg-168168'  class=' tile-inner  ftg-lightbox' href='https:\/\/grupamisyjna.misjonarze.pl\/wp-content\/uploads\/2024\/03\/IMG-20240320-WA0012-768x1024.jpg' ><img alt='IMG-20240320-WA0012' class='item skip-lazy' data-class='item' data-ftg-source='https:\/\/grupamisyjna.misjonarze.pl\/wp-content\/uploads\/2024\/03\/IMG-20240320-WA0012-768x1024.jpg' src='https:\/\/grupamisyjna.misjonarze.pl\/wp-content\/uploads\/2024\/03\/IMG-20240320-WA0012-768x1024.jpg' width='768' height='1024' \/><div class='caption-block'><div class='text-wrapper'><span class='title'>IMG-20240320-WA0012<\/span><\/div><\/div><\/a><div class='ftg-social'><\/div><\/div><div  class='tile ftg-preload  '><a title=\"IMG-20240320-WA0013\" data-lightbox='ftg-168168' rel='ftg-168168'  class=' tile-inner  ftg-lightbox' href='https:\/\/grupamisyjna.misjonarze.pl\/wp-content\/uploads\/2024\/03\/IMG-20240320-WA0013-768x1024.jpg' ><img alt='IMG-20240320-WA0013' class='item skip-lazy' data-class='item' data-ftg-source='https:\/\/grupamisyjna.misjonarze.pl\/wp-content\/uploads\/2024\/03\/IMG-20240320-WA0013-768x1024.jpg' src='https:\/\/grupamisyjna.misjonarze.pl\/wp-content\/uploads\/2024\/03\/IMG-20240320-WA0013-768x1024.jpg' width='768' height='1024' \/><div class='caption-block'><div class='text-wrapper'><span class='title'>IMG-20240320-WA0013<\/span><\/div><\/div><\/a><div class='ftg-social'><\/div><\/div><div  class='tile ftg-preload  '><a title=\"IMG-20240320-WA0014\" data-lightbox='ftg-168168' rel='ftg-168168'  class=' tile-inner  ftg-lightbox' href='https:\/\/grupamisyjna.misjonarze.pl\/wp-content\/uploads\/2024\/03\/IMG-20240320-WA0014-768x1024.jpg' ><img alt='IMG-20240320-WA0014' class='item skip-lazy' data-class='item' data-ftg-source='https:\/\/grupamisyjna.misjonarze.pl\/wp-content\/uploads\/2024\/03\/IMG-20240320-WA0014-768x1024.jpg' src='https:\/\/grupamisyjna.misjonarze.pl\/wp-content\/uploads\/2024\/03\/IMG-20240320-WA0014-768x1024.jpg' width='768' height='1024' \/><div class='caption-block'><div class='text-wrapper'><span class='title'>IMG-20240320-WA0014<\/span><\/div><\/div><\/a><div class='ftg-social'><\/div><\/div><div  class='tile ftg-preload  '><a title=\"IMG-20240320-WA0015\" data-lightbox='ftg-168168' rel='ftg-168168'  class=' tile-inner  ftg-lightbox' href='https:\/\/grupamisyjna.misjonarze.pl\/wp-content\/uploads\/2024\/03\/IMG-20240320-WA0015-768x1024.jpg' ><img alt='IMG-20240320-WA0015' class='item skip-lazy' data-class='item' data-ftg-source='https:\/\/grupamisyjna.misjonarze.pl\/wp-content\/uploads\/2024\/03\/IMG-20240320-WA0015-768x1024.jpg' src='https:\/\/grupamisyjna.misjonarze.pl\/wp-content\/uploads\/2024\/03\/IMG-20240320-WA0015-768x1024.jpg' width='768' height='1024' \/><div class='caption-block'><div class='text-wrapper'><span class='title'>IMG-20240320-WA0015<\/span><\/div><\/div><\/a><div class='ftg-social'><\/div><\/div><div  class='tile ftg-preload  '><a title=\"IMG-20240320-WA0016\" data-lightbox='ftg-168168' rel='ftg-168168'  class=' tile-inner  ftg-lightbox' href='https:\/\/grupamisyjna.misjonarze.pl\/wp-content\/uploads\/2024\/03\/IMG-20240320-WA0016-768x1024.jpg' ><img alt='IMG-20240320-WA0016' class='item skip-lazy' data-class='item' data-ftg-source='https:\/\/grupamisyjna.misjonarze.pl\/wp-content\/uploads\/2024\/03\/IMG-20240320-WA0016-768x1024.jpg' src='https:\/\/grupamisyjna.misjonarze.pl\/wp-content\/uploads\/2024\/03\/IMG-20240320-WA0016-768x1024.jpg' width='768' height='1024' \/><div class='caption-block'><div class='text-wrapper'><span class='title'>IMG-20240320-WA0016<\/span><\/div><\/div><\/a><div class='ftg-social'><\/div><\/div><\/div><\/div>\n","protected":false},"excerpt":{"rendered":"<p>Relacja ks. Adama Borowskiego: Rekolekcje wielkopostne w parafii Wniebowzi\u0119cia NMP w Siemiatyczach. W tej parafii w&hellip;<\/p>\n","protected":false},"author":2,"featured_media":2461,"comment_status":"open","ping_status":"open","sticky":false,"template":"","format":"standard","meta":{"footnotes":""},"categories":[1],"tags":[],"class_list":["post-2464","post","type-post","status-publish","format-standard","has-post-thumbnail","hentry","category-bez-kategorii"],"_links":{"self":[{"href":"https:\/\/grupamisyjna.misjonarze.pl\/index.php?rest_route=\/wp\/v2\/posts\/2464","targetHints":{"allow":["GET"]}}],"collection":[{"href":"https:\/\/grupamisyjna.misjonarze.pl\/index.php?rest_route=\/wp\/v2\/posts"}],"about":[{"href":"https:\/\/grupamisyjna.misjonarze.pl\/index.php?rest_route=\/wp\/v2\/types\/post"}],"author":[{"embeddable":true,"href":"https:\/\/grupamisyjna.misjonarze.pl\/index.php?rest_route=\/wp\/v2\/users\/2"}],"replies":[{"embeddable":true,"href":"https:\/\/grupamisyjna.misjonarze.pl\/index.php?rest_route=%2Fwp%2Fv2%2Fcomments&post=2464"}],"version-history":[{"count":1,"href":"https:\/\/grupamisyjna.misjonarze.pl\/index.php?rest_route=\/wp\/v2\/posts\/2464\/revisions"}],"predecessor-version":[{"id":2465,"href":"https:\/\/grupamisyjna.misjonarze.pl\/index.php?rest_route=\/wp\/v2\/posts\/2464\/revisions\/2465"}],"wp:featuredmedia":[{"embeddable":true,"href":"https:\/\/grupamisyjna.misjonarze.pl\/index.php?rest_route=\/wp\/v2\/media\/2461"}],"wp:attachment":[{"href":"https:\/\/grupamisyjna.misjonarze.pl\/index.php?rest_route=%2Fwp%2Fv2%2Fmedia&parent=2464"}],"wp:term":[{"taxonomy":"category","embeddable":true,"href":"https:\/\/grupamisyjna.misjonarze.pl\/index.php?rest_route=%2Fwp%2Fv2%2Fcategories&post=2464"},{"taxonomy":"post_tag","embeddable":true,"href":"https:\/\/grupamisyjna.misjonarze.pl\/index.php?rest_route=%2Fwp%2Fv2%2Ftags&post=2464"}],"curies":[{"name":"wp","href":"https:\/\/api.w.org\/{rel}","templated":true}]}}