{"id":2494,"date":"2024-03-21T17:27:31","date_gmt":"2024-03-21T16:27:31","guid":{"rendered":"https:\/\/grupamisyjna.misjonarze.pl\/?p=2494"},"modified":"2024-03-21T17:27:53","modified_gmt":"2024-03-21T16:27:53","slug":"zabrze","status":"publish","type":"post","link":"https:\/\/grupamisyjna.misjonarze.pl\/?p=2494","title":{"rendered":"ZABRZE"},"content":{"rendered":"<p>&nbsp;<\/p>\n<p>W V Niedziel\u0119 Wielkiego Postu rozpocz\u0119\u0142y si\u0119 rekolekcje w Parafii p.w. \u015bw. J\u00f3zefa w Zabrzu ( Diecezja Gliwicka ).<br \/>\nCzterodniowe nauki skierowane by\u0142y do doros\u0142ych.<br \/>\nNa szczeg\u00f3ln\u0105 uwag\u0119 zas\u0142uguje &#8222;praktyka&#8221; dzielenia si\u0119 jedzeniem parafian z potrzebuj\u0105cymi poprzez tzw. Jad\u0142odzielni\u0119.<br \/>\nKs. Jaros\u0142aw Zieli\u0144ski CM<\/p>\n<!-- Final Tiles Grid Gallery for WordPress v3.6.13 free --><style>#ftg-170170 .tile .icon { color:#ffffff; }#ftg-170170 .ftg-items .loading-bar i { background:#666; }#ftg-170170 .ftg-items .loading-bar { background:#fff; }#ftg-170170 .tile .icon { font-size:12px; }#ftg-170170 .tile .icon { margin: -6px 0 0 -6px; }#ftg-170170 .tile .caption-block .text-wrapper span.text { font-size:12px; }#ftg-170170 .tile .caption-outside .text-wrapper span.text { font-size:12px; }#ftg-170170 .tile .caption-block .text-wrapper span.title { font-size:14px; }#ftg-170170 .tile .caption-outside .text-wrapper span.title { font-size:14px; }#ftg-170170 .tile { background-color: transparent; }#ftg-170170 .tile .caption-block .text-wrapper span.text { color: #ffffff; }#ftg-170170 .tile .caption-block .text-wrapper span.title { color: #ffffff; }#ftg-170170 .tile .caption-outside .text-wrapper span.text { color: #ffffff; }#ftg-170170 .tile .caption-outside .text-wrapper span.title { color: #ffffff; }#ftg-170170 .tile .ftg-social a { color: #ffffff; }#ftg-170170 .tile .caption-block { transition-timing-function:linear; }#ftg-170170 .tile .caption-block { transition-duration:0.25s; }#ftg-170170 .tile .tile-inner:before { background-color: #000000; }#ftg-170170 .tile .tile-inner:before { background-color: rgba(0, 0, 0, 0.8); }<\/style><a name=\"170\"><\/a><div class=\"final-tiles-gallery  ftg-hover-enabled caption-inside  caption-none caption-middle caption-center\" id=\"ftg-170170\" style=\"width: 100%\"><div class='ftg-items'><div class='loading-bar'><i><\/i><\/div><div  class='tile ftg-preload  '><a title=\"20240319_141459\" data-lightbox='ftg-170170' rel='ftg-170170'  class=' tile-inner  ftg-lightbox' href='https:\/\/grupamisyjna.misjonarze.pl\/wp-content\/uploads\/2024\/03\/20240319_141459-768x1024.jpg' ><img alt='20240319_141459' class='item skip-lazy' data-class='item' data-ftg-source='https:\/\/grupamisyjna.misjonarze.pl\/wp-content\/uploads\/2024\/03\/20240319_141459-768x1024.jpg' src='https:\/\/grupamisyjna.misjonarze.pl\/wp-content\/uploads\/2024\/03\/20240319_141459-768x1024.jpg' width='768' height='1024' \/><span class='icon fa fa-zoom'><\/span><div class='caption-block'><div class='text-wrapper'><span class='title'>20240319_141459<\/span><\/div><\/div><\/a><div class='ftg-social'><\/div><\/div><div  class='tile ftg-preload  '><a title=\"20240319_143048\" data-lightbox='ftg-170170' rel='ftg-170170'  class=' tile-inner  ftg-lightbox' href='https:\/\/grupamisyjna.misjonarze.pl\/wp-content\/uploads\/2024\/03\/20240319_143048-768x1024.jpg' ><img alt='20240319_143048' class='item skip-lazy' data-class='item' data-ftg-source='https:\/\/grupamisyjna.misjonarze.pl\/wp-content\/uploads\/2024\/03\/20240319_143048-768x1024.jpg' src='https:\/\/grupamisyjna.misjonarze.pl\/wp-content\/uploads\/2024\/03\/20240319_143048-768x1024.jpg' width='768' height='1024' \/><span class='icon fa fa-zoom'><\/span><div class='caption-block'><div class='text-wrapper'><span class='title'>20240319_143048<\/span><\/div><\/div><\/a><div class='ftg-social'><\/div><\/div><div  class='tile ftg-preload  '><a title=\"20240319_143102\" data-lightbox='ftg-170170' rel='ftg-170170'  class=' tile-inner  ftg-lightbox' href='https:\/\/grupamisyjna.misjonarze.pl\/wp-content\/uploads\/2024\/03\/20240319_143102-768x1024.jpg' ><img alt='20240319_143102' class='item skip-lazy' data-class='item' data-ftg-source='https:\/\/grupamisyjna.misjonarze.pl\/wp-content\/uploads\/2024\/03\/20240319_143102-768x1024.jpg' src='https:\/\/grupamisyjna.misjonarze.pl\/wp-content\/uploads\/2024\/03\/20240319_143102-768x1024.jpg' width='768' height='1024' \/><span class='icon fa fa-zoom'><\/span><div class='caption-block'><div class='text-wrapper'><span class='title'>20240319_143102<\/span><\/div><\/div><\/a><div class='ftg-social'><\/div><\/div><div  class='tile ftg-preload  '><a title=\"20240319_143203\" data-lightbox='ftg-170170' rel='ftg-170170'  class=' tile-inner  ftg-lightbox' href='https:\/\/grupamisyjna.misjonarze.pl\/wp-content\/uploads\/2024\/03\/20240319_143203-768x1024.jpg' ><img alt='20240319_143203' class='item skip-lazy' data-class='item' data-ftg-source='https:\/\/grupamisyjna.misjonarze.pl\/wp-content\/uploads\/2024\/03\/20240319_143203-768x1024.jpg' src='https:\/\/grupamisyjna.misjonarze.pl\/wp-content\/uploads\/2024\/03\/20240319_143203-768x1024.jpg' width='768' height='1024' \/><span class='icon fa fa-zoom'><\/span><div class='caption-block'><div class='text-wrapper'><span class='title'>20240319_143203<\/span><\/div><\/div><\/a><div class='ftg-social'><\/div><\/div><div  class='tile ftg-preload  '><a title=\"20240319_143246\" data-lightbox='ftg-170170' rel='ftg-170170'  class=' tile-inner  ftg-lightbox' href='https:\/\/grupamisyjna.misjonarze.pl\/wp-content\/uploads\/2024\/03\/20240319_143246-768x1024.jpg' ><img alt='20240319_143246' class='item skip-lazy' data-class='item' data-ftg-source='https:\/\/grupamisyjna.misjonarze.pl\/wp-content\/uploads\/2024\/03\/20240319_143246-768x1024.jpg' src='https:\/\/grupamisyjna.misjonarze.pl\/wp-content\/uploads\/2024\/03\/20240319_143246-768x1024.jpg' width='768' height='1024' \/><span class='icon fa fa-zoom'><\/span><div class='caption-block'><div class='text-wrapper'><span class='title'>20240319_143246<\/span><\/div><\/div><\/a><div class='ftg-social'><\/div><\/div><div  class='tile ftg-preload  '><a title=\"20240319_143304\" data-lightbox='ftg-170170' rel='ftg-170170'  class=' tile-inner  ftg-lightbox' href='https:\/\/grupamisyjna.misjonarze.pl\/wp-content\/uploads\/2024\/03\/20240319_143304-768x1024.jpg' ><img alt='20240319_143304' class='item skip-lazy' data-class='item' data-ftg-source='https:\/\/grupamisyjna.misjonarze.pl\/wp-content\/uploads\/2024\/03\/20240319_143304-768x1024.jpg' src='https:\/\/grupamisyjna.misjonarze.pl\/wp-content\/uploads\/2024\/03\/20240319_143304-768x1024.jpg' width='768' height='1024' \/><span class='icon fa fa-zoom'><\/span><div class='caption-block'><div class='text-wrapper'><span class='title'>20240319_143304<\/span><\/div><\/div><\/a><div class='ftg-social'><\/div><\/div><div  class='tile ftg-preload  '><a title=\"20240319_143451\" data-lightbox='ftg-170170' rel='ftg-170170'  class=' tile-inner  ftg-lightbox' href='https:\/\/grupamisyjna.misjonarze.pl\/wp-content\/uploads\/2024\/03\/20240319_143451-768x1024.jpg' ><img alt='20240319_143451' class='item skip-lazy' data-class='item' data-ftg-source='https:\/\/grupamisyjna.misjonarze.pl\/wp-content\/uploads\/2024\/03\/20240319_143451-768x1024.jpg' src='https:\/\/grupamisyjna.misjonarze.pl\/wp-content\/uploads\/2024\/03\/20240319_143451-768x1024.jpg' width='768' height='1024' \/><span class='icon fa fa-zoom'><\/span><div class='caption-block'><div class='text-wrapper'><span class='title'>20240319_143451<\/span><\/div><\/div><\/a><div class='ftg-social'><\/div><\/div><div  class='tile ftg-preload  '><a title=\"20240320_143513\" data-lightbox='ftg-170170' rel='ftg-170170'  class=' tile-inner  ftg-lightbox' href='https:\/\/grupamisyjna.misjonarze.pl\/wp-content\/uploads\/2024\/03\/20240320_143513-768x1024.jpg' ><img alt='20240320_143513' class='item skip-lazy' data-class='item' data-ftg-source='https:\/\/grupamisyjna.misjonarze.pl\/wp-content\/uploads\/2024\/03\/20240320_143513-768x1024.jpg' src='https:\/\/grupamisyjna.misjonarze.pl\/wp-content\/uploads\/2024\/03\/20240320_143513-768x1024.jpg' width='768' height='1024' \/><span class='icon fa fa-zoom'><\/span><div class='caption-block'><div class='text-wrapper'><span class='title'>20240320_143513<\/span><\/div><\/div><\/a><div class='ftg-social'><\/div><\/div><\/div><\/div>\n","protected":false},"excerpt":{"rendered":"<p>&nbsp; W V Niedziel\u0119 Wielkiego Postu rozpocz\u0119\u0142y si\u0119 rekolekcje w Parafii p.w. \u015bw. J\u00f3zefa w Zabrzu&hellip;<\/p>\n","protected":false},"author":2,"featured_media":2486,"comment_status":"open","ping_status":"open","sticky":false,"template":"","format":"standard","meta":{"footnotes":""},"categories":[1],"tags":[],"class_list":["post-2494","post","type-post","status-publish","format-standard","has-post-thumbnail","hentry","category-bez-kategorii"],"_links":{"self":[{"href":"https:\/\/grupamisyjna.misjonarze.pl\/index.php?rest_route=\/wp\/v2\/posts\/2494","targetHints":{"allow":["GET"]}}],"collection":[{"href":"https:\/\/grupamisyjna.misjonarze.pl\/index.php?rest_route=\/wp\/v2\/posts"}],"about":[{"href":"https:\/\/grupamisyjna.misjonarze.pl\/index.php?rest_route=\/wp\/v2\/types\/post"}],"author":[{"embeddable":true,"href":"https:\/\/grupamisyjna.misjonarze.pl\/index.php?rest_route=\/wp\/v2\/users\/2"}],"replies":[{"embeddable":true,"href":"https:\/\/grupamisyjna.misjonarze.pl\/index.php?rest_route=%2Fwp%2Fv2%2Fcomments&post=2494"}],"version-history":[{"count":1,"href":"https:\/\/grupamisyjna.misjonarze.pl\/index.php?rest_route=\/wp\/v2\/posts\/2494\/revisions"}],"predecessor-version":[{"id":2495,"href":"https:\/\/grupamisyjna.misjonarze.pl\/index.php?rest_route=\/wp\/v2\/posts\/2494\/revisions\/2495"}],"wp:featuredmedia":[{"embeddable":true,"href":"https:\/\/grupamisyjna.misjonarze.pl\/index.php?rest_route=\/wp\/v2\/media\/2486"}],"wp:attachment":[{"href":"https:\/\/grupamisyjna.misjonarze.pl\/index.php?rest_route=%2Fwp%2Fv2%2Fmedia&parent=2494"}],"wp:term":[{"taxonomy":"category","embeddable":true,"href":"https:\/\/grupamisyjna.misjonarze.pl\/index.php?rest_route=%2Fwp%2Fv2%2Fcategories&post=2494"},{"taxonomy":"post_tag","embeddable":true,"href":"https:\/\/grupamisyjna.misjonarze.pl\/index.php?rest_route=%2Fwp%2Fv2%2Ftags&post=2494"}],"curies":[{"name":"wp","href":"https:\/\/api.w.org\/{rel}","templated":true}]}}