{"id":2549,"date":"2024-03-24T11:24:27","date_gmt":"2024-03-24T10:24:27","guid":{"rendered":"https:\/\/grupamisyjna.misjonarze.pl\/?p=2549"},"modified":"2024-03-24T11:25:29","modified_gmt":"2024-03-24T10:25:29","slug":"gdanska-przymorze","status":"publish","type":"post","link":"https:\/\/grupamisyjna.misjonarze.pl\/?p=2549","title":{"rendered":"GDA\u0143SKA &#8211; PRZYMORZE"},"content":{"rendered":"<p>Relacja ks. Andrzeja Gieronia:<\/p>\n<p>W dniach 16 &#8211; 21 marca 2024 prze\u017cywali\u015bmy rekolekcje w Gda\u0144sku w parafii Naj\u015bwi\u0119tszej Maryi Panny Kr\u00f3lowej R\u00f3\u017ca\u0144ca \u015awi\u0119tego. To bardzo du\u017ca parafia i ogromny ko\u015bci\u00f3\u0142 &#8211; g\u00f3rny i dolny &#8211; jest co robi\u0107: w niedziel\u0119 jest 10 mszy plus kazanie pasyjne, poniedzia\u0142ek, wtorek i \u015broda &#8211; trzy spotkania dla doros\u0142ych, dwa dla dzieci i jedno dla m\u0142odzie\u017cy. W czwartek jeszcze msza dla chorych. Pracy jest du\u017co, ale ludzie i ksi\u0119\u017ca bardzo \u017cyczliwi, a w dzieciach mn\u00f3stwo mocy.<\/p>\n<!-- Final Tiles Grid Gallery for WordPress v3.6.13 free --><style>#ftg-175175 .tile .icon { color:#ffffff; }#ftg-175175 .ftg-items .loading-bar i { background:#666; }#ftg-175175 .ftg-items .loading-bar { background:#fff; }#ftg-175175 .tile .icon { font-size:12px; }#ftg-175175 .tile .icon { margin: -6px 0 0 -6px; }#ftg-175175 .tile .caption-block .text-wrapper span.text { font-size:12px; }#ftg-175175 .tile .caption-outside .text-wrapper span.text { font-size:12px; }#ftg-175175 .tile .caption-block .text-wrapper span.title { font-size:14px; }#ftg-175175 .tile .caption-outside .text-wrapper span.title { font-size:14px; }#ftg-175175 .tile { background-color: transparent; }#ftg-175175 .tile .caption-block .text-wrapper span.text { color: #ffffff; }#ftg-175175 .tile .caption-block .text-wrapper span.title { color: #ffffff; }#ftg-175175 .tile .caption-outside .text-wrapper span.text { color: #ffffff; }#ftg-175175 .tile .caption-outside .text-wrapper span.title { color: #ffffff; }#ftg-175175 .tile .ftg-social a { color: #ffffff; }#ftg-175175 .tile .caption-block { transition-timing-function:linear; }#ftg-175175 .tile .caption-block { transition-duration:0.25s; }#ftg-175175 .tile .tile-inner:before { background-color: #000000; }#ftg-175175 .tile .tile-inner:before { background-color: rgba(0, 0, 0, 0.8); }<\/style><a name=\"175\"><\/a><div class=\"final-tiles-gallery  ftg-hover-enabled caption-inside  caption-none caption-middle caption-center\" id=\"ftg-175175\" style=\"width: 100%\"><div class='ftg-items'><div class='loading-bar'><i><\/i><\/div><div  class='tile ftg-preload  '><a title=\"20150322_070822_RichtoneHDR\" data-lightbox='ftg-175175' rel='ftg-175175'  class=' tile-inner  ftg-lightbox' href='https:\/\/grupamisyjna.misjonarze.pl\/wp-content\/uploads\/2024\/03\/20150322_070822_RichtoneHDR-576x1024.jpg' ><img alt='20150322_070822_RichtoneHDR' class='item skip-lazy' data-class='item' data-ftg-source='https:\/\/grupamisyjna.misjonarze.pl\/wp-content\/uploads\/2024\/03\/20150322_070822_RichtoneHDR-576x1024.jpg' src='https:\/\/grupamisyjna.misjonarze.pl\/wp-content\/uploads\/2024\/03\/20150322_070822_RichtoneHDR-576x1024.jpg' width='576' height='1024' \/><span class='icon fa fa-zoom'><\/span><div class='caption-block'><div class='text-wrapper'><span class='title'>20150322_070822_RichtoneHDR<\/span><\/div><\/div><\/a><div class='ftg-social'><\/div><\/div><div  class='tile ftg-preload  '><a title=\"20240320_150321\" data-lightbox='ftg-175175' rel='ftg-175175'  class=' tile-inner  ftg-lightbox' href='https:\/\/grupamisyjna.misjonarze.pl\/wp-content\/uploads\/2024\/03\/20240320_150321-768x1024.jpg' ><img alt='20240320_150321' class='item skip-lazy' data-class='item' data-ftg-source='https:\/\/grupamisyjna.misjonarze.pl\/wp-content\/uploads\/2024\/03\/20240320_150321-768x1024.jpg' src='https:\/\/grupamisyjna.misjonarze.pl\/wp-content\/uploads\/2024\/03\/20240320_150321-768x1024.jpg' width='768' height='1024' \/><span class='icon fa fa-zoom'><\/span><div class='caption-block'><div class='text-wrapper'><span class='title'>20240320_150321<\/span><\/div><\/div><\/a><div class='ftg-social'><\/div><\/div><div  class='tile ftg-preload  '><a title=\"20240320_150553\" data-lightbox='ftg-175175' rel='ftg-175175'  class=' tile-inner  ftg-lightbox' href='https:\/\/grupamisyjna.misjonarze.pl\/wp-content\/uploads\/2024\/03\/20240320_150553-768x1024.jpg' ><img alt='20240320_150553' class='item skip-lazy' data-class='item' data-ftg-source='https:\/\/grupamisyjna.misjonarze.pl\/wp-content\/uploads\/2024\/03\/20240320_150553-768x1024.jpg' src='https:\/\/grupamisyjna.misjonarze.pl\/wp-content\/uploads\/2024\/03\/20240320_150553-768x1024.jpg' width='768' height='1024' \/><span class='icon fa fa-zoom'><\/span><div class='caption-block'><div class='text-wrapper'><span class='title'>20240320_150553<\/span><\/div><\/div><\/a><div class='ftg-social'><\/div><\/div><div  class='tile ftg-preload  '><a title=\"P1180353-1\" data-lightbox='ftg-175175' rel='ftg-175175'  class=' tile-inner  ftg-lightbox' href='https:\/\/grupamisyjna.misjonarze.pl\/wp-content\/uploads\/2024\/03\/P1180353-1-1024x576.jpg' ><img alt='P1180353-1' class='item skip-lazy' data-class='item' data-ftg-source='https:\/\/grupamisyjna.misjonarze.pl\/wp-content\/uploads\/2024\/03\/P1180353-1-1024x576.jpg' src='https:\/\/grupamisyjna.misjonarze.pl\/wp-content\/uploads\/2024\/03\/P1180353-1-1024x576.jpg' width='1024' height='576' \/><span class='icon fa fa-zoom'><\/span><div class='caption-block'><div class='text-wrapper'><span class='title'>P1180353-1<\/span><\/div><\/div><\/a><div class='ftg-social'><\/div><\/div><div  class='tile ftg-preload  '><a title=\"P1180424-1\" data-lightbox='ftg-175175' rel='ftg-175175'  class=' tile-inner  ftg-lightbox' href='https:\/\/grupamisyjna.misjonarze.pl\/wp-content\/uploads\/2024\/03\/P1180424-1-1024x576.jpg' ><img alt='P1180424-1' class='item skip-lazy' data-class='item' data-ftg-source='https:\/\/grupamisyjna.misjonarze.pl\/wp-content\/uploads\/2024\/03\/P1180424-1-1024x576.jpg' src='https:\/\/grupamisyjna.misjonarze.pl\/wp-content\/uploads\/2024\/03\/P1180424-1-1024x576.jpg' width='1024' height='576' \/><span class='icon fa fa-zoom'><\/span><div class='caption-block'><div class='text-wrapper'><span class='title'>P1180424-1<\/span><\/div><\/div><\/a><div class='ftg-social'><\/div><\/div><div  class='tile ftg-preload  '><a title=\"P1180463-1\" data-lightbox='ftg-175175' rel='ftg-175175'  class=' tile-inner  ftg-lightbox' href='https:\/\/grupamisyjna.misjonarze.pl\/wp-content\/uploads\/2024\/03\/P1180463-1-1024x576.jpg' ><img alt='P1180463-1' class='item skip-lazy' data-class='item' data-ftg-source='https:\/\/grupamisyjna.misjonarze.pl\/wp-content\/uploads\/2024\/03\/P1180463-1-1024x576.jpg' src='https:\/\/grupamisyjna.misjonarze.pl\/wp-content\/uploads\/2024\/03\/P1180463-1-1024x576.jpg' width='1024' height='576' \/><span class='icon fa fa-zoom'><\/span><div class='caption-block'><div class='text-wrapper'><span class='title'>P1180463-1<\/span><\/div><\/div><\/a><div class='ftg-social'><\/div><\/div><\/div><\/div>\n","protected":false},"excerpt":{"rendered":"<p>Relacja ks. Andrzeja Gieronia: W dniach 16 &#8211; 21 marca 2024 prze\u017cywali\u015bmy rekolekcje w Gda\u0144sku w&hellip;<\/p>\n","protected":false},"author":2,"featured_media":2545,"comment_status":"open","ping_status":"open","sticky":false,"template":"","format":"standard","meta":{"footnotes":""},"categories":[1],"tags":[],"class_list":["post-2549","post","type-post","status-publish","format-standard","has-post-thumbnail","hentry","category-bez-kategorii"],"_links":{"self":[{"href":"https:\/\/grupamisyjna.misjonarze.pl\/index.php?rest_route=\/wp\/v2\/posts\/2549","targetHints":{"allow":["GET"]}}],"collection":[{"href":"https:\/\/grupamisyjna.misjonarze.pl\/index.php?rest_route=\/wp\/v2\/posts"}],"about":[{"href":"https:\/\/grupamisyjna.misjonarze.pl\/index.php?rest_route=\/wp\/v2\/types\/post"}],"author":[{"embeddable":true,"href":"https:\/\/grupamisyjna.misjonarze.pl\/index.php?rest_route=\/wp\/v2\/users\/2"}],"replies":[{"embeddable":true,"href":"https:\/\/grupamisyjna.misjonarze.pl\/index.php?rest_route=%2Fwp%2Fv2%2Fcomments&post=2549"}],"version-history":[{"count":2,"href":"https:\/\/grupamisyjna.misjonarze.pl\/index.php?rest_route=\/wp\/v2\/posts\/2549\/revisions"}],"predecessor-version":[{"id":2551,"href":"https:\/\/grupamisyjna.misjonarze.pl\/index.php?rest_route=\/wp\/v2\/posts\/2549\/revisions\/2551"}],"wp:featuredmedia":[{"embeddable":true,"href":"https:\/\/grupamisyjna.misjonarze.pl\/index.php?rest_route=\/wp\/v2\/media\/2545"}],"wp:attachment":[{"href":"https:\/\/grupamisyjna.misjonarze.pl\/index.php?rest_route=%2Fwp%2Fv2%2Fmedia&parent=2549"}],"wp:term":[{"taxonomy":"category","embeddable":true,"href":"https:\/\/grupamisyjna.misjonarze.pl\/index.php?rest_route=%2Fwp%2Fv2%2Fcategories&post=2549"},{"taxonomy":"post_tag","embeddable":true,"href":"https:\/\/grupamisyjna.misjonarze.pl\/index.php?rest_route=%2Fwp%2Fv2%2Ftags&post=2549"}],"curies":[{"name":"wp","href":"https:\/\/api.w.org\/{rel}","templated":true}]}}