{"id":4069,"date":"2025-05-12T21:07:39","date_gmt":"2025-05-12T19:07:39","guid":{"rendered":"https:\/\/grupamisyjna.misjonarze.pl\/?p=4069"},"modified":"2025-05-12T21:08:00","modified_gmt":"2025-05-12T19:08:00","slug":"cybinka","status":"publish","type":"post","link":"https:\/\/grupamisyjna.misjonarze.pl\/?p=4069","title":{"rendered":"CYBINKA"},"content":{"rendered":"<p>&nbsp;<\/p>\n<p>11 maja wierni Parafii pw. Matki Boskiej Cz\u0119stochowskiej w Cybince ( dekanat Rzepin) prze\u017cywali Niedziel\u0119 Maryjn\u0105. W zwi\u0105zku z remontem budynku ko\u015bcio\u0142a parafialnego obecnie Msze \u015bwi\u0119te odbywaj\u0105 si\u0119 w innym pomieszczeniu i tam te\u017c po zapoznaniu si\u0119 z tre\u015bci\u0105 objawienia z\u00a0 1830 parafianie przyjmowali medaliki z Niepokalan\u0105.<br \/>\nks. Jaros\u0142aw Zieli\u0144ski CM<\/p>\n<!-- Final Tiles Grid Gallery for WordPress v3.6.13 free --><style>#ftg-324324 .tile .icon { color:#ffffff; }#ftg-324324 .ftg-items .loading-bar i { background:#666; }#ftg-324324 .ftg-items .loading-bar { background:#fff; }#ftg-324324 .tile .icon { font-size:12px; }#ftg-324324 .tile .icon { margin: -6px 0 0 -6px; }#ftg-324324 .tile .caption-block .text-wrapper span.text { font-size:12px; }#ftg-324324 .tile .caption-outside .text-wrapper span.text { font-size:12px; }#ftg-324324 .tile .caption-block .text-wrapper span.title { font-size:14px; }#ftg-324324 .tile .caption-outside .text-wrapper span.title { font-size:14px; }#ftg-324324 .tile { background-color: transparent; }#ftg-324324 .tile .caption-block .text-wrapper span.text { color: #ffffff; }#ftg-324324 .tile .caption-block .text-wrapper span.title { color: #ffffff; }#ftg-324324 .tile .caption-outside .text-wrapper span.text { color: #ffffff; }#ftg-324324 .tile .caption-outside .text-wrapper span.title { color: #ffffff; }#ftg-324324 .tile .ftg-social a { color: #ffffff; }#ftg-324324 .tile .caption-block { transition-timing-function:linear; }#ftg-324324 .tile .caption-block { transition-duration:0.25s; }#ftg-324324 .tile .tile-inner:before { background-color: #000000; }#ftg-324324 .tile .tile-inner:before { background-color: rgba(0, 0, 0, 0.8); }<\/style><a name=\"324\"><\/a><div class=\"final-tiles-gallery  ftg-hover-enabled caption-inside  caption-none caption-middle caption-center\" id=\"ftg-324324\" style=\"width: 100%\"><div class='ftg-items'><div class='loading-bar'><i><\/i><\/div><div  class='tile ftg-preload  '><a title=\"20250511_095605\" data-lightbox='ftg-324324' rel='ftg-324324'  class=' tile-inner  ftg-lightbox' href='https:\/\/grupamisyjna.misjonarze.pl\/wp-content\/uploads\/2025\/05\/20250511_095605-473x1024.jpg' ><img alt='20250511_095605' class='item skip-lazy' data-class='item' data-ftg-source='https:\/\/grupamisyjna.misjonarze.pl\/wp-content\/uploads\/2025\/05\/20250511_095605-473x1024.jpg' src='https:\/\/grupamisyjna.misjonarze.pl\/wp-content\/uploads\/2025\/05\/20250511_095605-473x1024.jpg' width='473' height='1024' \/><span class='icon fa fa-zoom'><\/span><div class='caption-block'><div class='text-wrapper'><span class='title'>20250511_095605<\/span><\/div><\/div><\/a><div class='ftg-social'><\/div><\/div><div  class='tile ftg-preload  '><a title=\"20250511_095630\" data-lightbox='ftg-324324' rel='ftg-324324'  class=' tile-inner  ftg-lightbox' href='https:\/\/grupamisyjna.misjonarze.pl\/wp-content\/uploads\/2025\/05\/20250511_095630-473x1024.jpg' ><img alt='20250511_095630' class='item skip-lazy' data-class='item' data-ftg-source='https:\/\/grupamisyjna.misjonarze.pl\/wp-content\/uploads\/2025\/05\/20250511_095630-473x1024.jpg' src='https:\/\/grupamisyjna.misjonarze.pl\/wp-content\/uploads\/2025\/05\/20250511_095630-473x1024.jpg' width='473' height='1024' \/><span class='icon fa fa-zoom'><\/span><div class='caption-block'><div class='text-wrapper'><span class='title'>20250511_095630<\/span><\/div><\/div><\/a><div class='ftg-social'><\/div><\/div><div  class='tile ftg-preload  '><a title=\"20250511_104127\" data-lightbox='ftg-324324' rel='ftg-324324'  class=' tile-inner  ftg-lightbox' href='https:\/\/grupamisyjna.misjonarze.pl\/wp-content\/uploads\/2025\/05\/20250511_104127-473x1024.jpg' ><img alt='20250511_104127' class='item skip-lazy' data-class='item' data-ftg-source='https:\/\/grupamisyjna.misjonarze.pl\/wp-content\/uploads\/2025\/05\/20250511_104127-473x1024.jpg' src='https:\/\/grupamisyjna.misjonarze.pl\/wp-content\/uploads\/2025\/05\/20250511_104127-473x1024.jpg' width='473' height='1024' \/><span class='icon fa fa-zoom'><\/span><div class='caption-block'><div class='text-wrapper'><span class='title'>20250511_104127<\/span><\/div><\/div><\/a><div class='ftg-social'><\/div><\/div><div  class='tile ftg-preload  '><a title=\"20250511_165813\" data-lightbox='ftg-324324' rel='ftg-324324'  class=' tile-inner  ftg-lightbox' href='https:\/\/grupamisyjna.misjonarze.pl\/wp-content\/uploads\/2025\/05\/20250511_165813-472x1024.jpg' ><img alt='20250511_165813' class='item skip-lazy' data-class='item' data-ftg-source='https:\/\/grupamisyjna.misjonarze.pl\/wp-content\/uploads\/2025\/05\/20250511_165813-472x1024.jpg' src='https:\/\/grupamisyjna.misjonarze.pl\/wp-content\/uploads\/2025\/05\/20250511_165813-472x1024.jpg' width='472' height='1024' \/><span class='icon fa fa-zoom'><\/span><div class='caption-block'><div class='text-wrapper'><span class='title'>20250511_165813<\/span><\/div><\/div><\/a><div class='ftg-social'><\/div><\/div><\/div><\/div>\n","protected":false},"excerpt":{"rendered":"<p>&nbsp; 11 maja wierni Parafii pw. Matki Boskiej Cz\u0119stochowskiej w Cybince ( dekanat Rzepin) prze\u017cywali Niedziel\u0119&hellip;<\/p>\n","protected":false},"author":2,"featured_media":4068,"comment_status":"open","ping_status":"open","sticky":false,"template":"","format":"standard","meta":{"footnotes":""},"categories":[1],"tags":[],"class_list":["post-4069","post","type-post","status-publish","format-standard","has-post-thumbnail","hentry","category-bez-kategorii"],"_links":{"self":[{"href":"https:\/\/grupamisyjna.misjonarze.pl\/index.php?rest_route=\/wp\/v2\/posts\/4069","targetHints":{"allow":["GET"]}}],"collection":[{"href":"https:\/\/grupamisyjna.misjonarze.pl\/index.php?rest_route=\/wp\/v2\/posts"}],"about":[{"href":"https:\/\/grupamisyjna.misjonarze.pl\/index.php?rest_route=\/wp\/v2\/types\/post"}],"author":[{"embeddable":true,"href":"https:\/\/grupamisyjna.misjonarze.pl\/index.php?rest_route=\/wp\/v2\/users\/2"}],"replies":[{"embeddable":true,"href":"https:\/\/grupamisyjna.misjonarze.pl\/index.php?rest_route=%2Fwp%2Fv2%2Fcomments&post=4069"}],"version-history":[{"count":1,"href":"https:\/\/grupamisyjna.misjonarze.pl\/index.php?rest_route=\/wp\/v2\/posts\/4069\/revisions"}],"predecessor-version":[{"id":4070,"href":"https:\/\/grupamisyjna.misjonarze.pl\/index.php?rest_route=\/wp\/v2\/posts\/4069\/revisions\/4070"}],"wp:featuredmedia":[{"embeddable":true,"href":"https:\/\/grupamisyjna.misjonarze.pl\/index.php?rest_route=\/wp\/v2\/media\/4068"}],"wp:attachment":[{"href":"https:\/\/grupamisyjna.misjonarze.pl\/index.php?rest_route=%2Fwp%2Fv2%2Fmedia&parent=4069"}],"wp:term":[{"taxonomy":"category","embeddable":true,"href":"https:\/\/grupamisyjna.misjonarze.pl\/index.php?rest_route=%2Fwp%2Fv2%2Fcategories&post=4069"},{"taxonomy":"post_tag","embeddable":true,"href":"https:\/\/grupamisyjna.misjonarze.pl\/index.php?rest_route=%2Fwp%2Fv2%2Ftags&post=4069"}],"curies":[{"name":"wp","href":"https:\/\/api.w.org\/{rel}","templated":true}]}}