{"id":4077,"date":"2025-05-21T13:21:00","date_gmt":"2025-05-21T11:21:00","guid":{"rendered":"https:\/\/grupamisyjna.misjonarze.pl\/?p=4077"},"modified":"2025-05-21T13:21:21","modified_gmt":"2025-05-21T11:21:21","slug":"nowa-wies-wielka","status":"publish","type":"post","link":"https:\/\/grupamisyjna.misjonarze.pl\/?p=4077","title":{"rendered":"NOWA WIE\u015a WIELKA"},"content":{"rendered":"<p>&nbsp;<\/p>\n<p>17 i 18 maja w parafii pw. Niepokalanego Pocz\u0119cia NMP w Nowej Wsi Wielkiej ( Archidiecezja Gnie\u017anie\u0144ska ) wierni\u00a0 prze\u017cyli Niedziel\u0119 Maryjn\u0105.<br \/>\nWpisa\u0142a si\u0119 ona w jubileusz stulecia miejscowej wsp\u00f3lnoty parafialnej.<br \/>\nW kazaniach\u00a0 przybli\u017cy\u0142em tre\u015b\u0107 objawienia z 1830 roku i jego zwi\u0105zku z dogmatem Niepokalanego Pocz\u0119cia Naj\u015bwi\u0119tszej Maryi Panny. Po Eucharystiach nast\u0105pi\u0142o b\u0142ogos\u0142awie\u0144stwo Cudownych\u00a0Medalik\u00f3w i ich rozdanie.<br \/>\nJak\u017ce wymownym jest , \u017ce w\u0142a\u015bnie w parafii pod takim wezwaniem spe\u0142ni\u0142a si\u0119 wola Matki Bo\u017cej odno\u015bnie do rozpowszechniania znaku Jej opieki.<br \/>\nks. Jaros\u0142aw Zieli\u0144ski CM<\/p>\n<!-- Final Tiles Grid Gallery for WordPress v3.6.13 free --><style>#ftg-325325 .tile .icon { color:#ffffff; }#ftg-325325 .ftg-items .loading-bar i { background:#666; }#ftg-325325 .ftg-items .loading-bar { background:#fff; }#ftg-325325 .tile .icon { font-size:12px; }#ftg-325325 .tile .icon { margin: -6px 0 0 -6px; }#ftg-325325 .tile .caption-block .text-wrapper span.text { font-size:12px; }#ftg-325325 .tile .caption-outside .text-wrapper span.text { font-size:12px; }#ftg-325325 .tile .caption-block .text-wrapper span.title { font-size:14px; }#ftg-325325 .tile .caption-outside .text-wrapper span.title { font-size:14px; }#ftg-325325 .tile { background-color: transparent; }#ftg-325325 .tile .caption-block .text-wrapper span.text { color: #ffffff; }#ftg-325325 .tile .caption-block .text-wrapper span.title { color: #ffffff; }#ftg-325325 .tile .caption-outside .text-wrapper span.text { color: #ffffff; }#ftg-325325 .tile .caption-outside .text-wrapper span.title { color: #ffffff; }#ftg-325325 .tile .ftg-social a { color: #ffffff; }#ftg-325325 .tile .caption-block { transition-timing-function:linear; }#ftg-325325 .tile .caption-block { transition-duration:0.25s; }#ftg-325325 .tile .tile-inner:before { background-color: #000000; }#ftg-325325 .tile .tile-inner:before { background-color: rgba(0, 0, 0, 0.8); }<\/style><a name=\"325\"><\/a><div class=\"final-tiles-gallery  ftg-hover-enabled caption-inside  caption-none caption-middle caption-center\" id=\"ftg-325325\" style=\"width: 100%\"><div class='ftg-items'><div class='loading-bar'><i><\/i><\/div><div  class='tile ftg-preload  '><a title=\"20250518_073549\" data-lightbox='ftg-325325' rel='ftg-325325'  class=' tile-inner  ftg-lightbox' href='https:\/\/grupamisyjna.misjonarze.pl\/wp-content\/uploads\/2025\/05\/20250518_073549-472x1024.jpg' ><img alt='20250518_073549' class='item skip-lazy' data-class='item' data-ftg-source='https:\/\/grupamisyjna.misjonarze.pl\/wp-content\/uploads\/2025\/05\/20250518_073549-472x1024.jpg' src='https:\/\/grupamisyjna.misjonarze.pl\/wp-content\/uploads\/2025\/05\/20250518_073549-472x1024.jpg' width='472' height='1024' \/><span class='icon fa fa-zoom'><\/span><div class='caption-block'><div class='text-wrapper'><span class='title'>20250518_073549<\/span><\/div><\/div><\/a><div class='ftg-social'><\/div><\/div><div  class='tile ftg-preload  '><a title=\"20250518_101324\" data-lightbox='ftg-325325' rel='ftg-325325'  class=' tile-inner  ftg-lightbox' href='https:\/\/grupamisyjna.misjonarze.pl\/wp-content\/uploads\/2025\/05\/20250518_101324-473x1024.jpg' ><img alt='20250518_101324' class='item skip-lazy' data-class='item' data-ftg-source='https:\/\/grupamisyjna.misjonarze.pl\/wp-content\/uploads\/2025\/05\/20250518_101324-473x1024.jpg' src='https:\/\/grupamisyjna.misjonarze.pl\/wp-content\/uploads\/2025\/05\/20250518_101324-473x1024.jpg' width='473' height='1024' \/><span class='icon fa fa-zoom'><\/span><div class='caption-block'><div class='text-wrapper'><span class='title'>20250518_101324<\/span><\/div><\/div><\/a><div class='ftg-social'><\/div><\/div><div  class='tile ftg-preload  '><a title=\"20250518_173530\" data-lightbox='ftg-325325' rel='ftg-325325'  class=' tile-inner  ftg-lightbox' href='https:\/\/grupamisyjna.misjonarze.pl\/wp-content\/uploads\/2025\/05\/20250518_173530-473x1024.jpg' ><img alt='20250518_173530' class='item skip-lazy' data-class='item' data-ftg-source='https:\/\/grupamisyjna.misjonarze.pl\/wp-content\/uploads\/2025\/05\/20250518_173530-473x1024.jpg' src='https:\/\/grupamisyjna.misjonarze.pl\/wp-content\/uploads\/2025\/05\/20250518_173530-473x1024.jpg' width='473' height='1024' \/><span class='icon fa fa-zoom'><\/span><div class='caption-block'><div class='text-wrapper'><span class='title'>20250518_173530<\/span><\/div><\/div><\/a><div class='ftg-social'><\/div><\/div><div  class='tile ftg-preload  '><a title=\"20250518_173555\" data-lightbox='ftg-325325' rel='ftg-325325'  class=' tile-inner  ftg-lightbox' href='https:\/\/grupamisyjna.misjonarze.pl\/wp-content\/uploads\/2025\/05\/20250518_173555-473x1024.jpg' ><img alt='20250518_173555' class='item skip-lazy' data-class='item' data-ftg-source='https:\/\/grupamisyjna.misjonarze.pl\/wp-content\/uploads\/2025\/05\/20250518_173555-473x1024.jpg' src='https:\/\/grupamisyjna.misjonarze.pl\/wp-content\/uploads\/2025\/05\/20250518_173555-473x1024.jpg' width='473' height='1024' \/><span class='icon fa fa-zoom'><\/span><div class='caption-block'><div class='text-wrapper'><span class='title'>20250518_173555<\/span><\/div><\/div><\/a><div class='ftg-social'><\/div><\/div><div  class='tile ftg-preload  '><a title=\"20250518_173607\" data-lightbox='ftg-325325' rel='ftg-325325'  class=' tile-inner  ftg-lightbox' href='https:\/\/grupamisyjna.misjonarze.pl\/wp-content\/uploads\/2025\/05\/20250518_173607-472x1024.jpg' ><img alt='20250518_173607' class='item skip-lazy' data-class='item' data-ftg-source='https:\/\/grupamisyjna.misjonarze.pl\/wp-content\/uploads\/2025\/05\/20250518_173607-472x1024.jpg' src='https:\/\/grupamisyjna.misjonarze.pl\/wp-content\/uploads\/2025\/05\/20250518_173607-472x1024.jpg' width='472' height='1024' \/><span class='icon fa fa-zoom'><\/span><div class='caption-block'><div class='text-wrapper'><span class='title'>20250518_173607<\/span><\/div><\/div><\/a><div class='ftg-social'><\/div><\/div><\/div><\/div>\n","protected":false},"excerpt":{"rendered":"<p>&nbsp; 17 i 18 maja w parafii pw. Niepokalanego Pocz\u0119cia NMP w Nowej Wsi Wielkiej (&hellip;<\/p>\n","protected":false},"author":2,"featured_media":4072,"comment_status":"open","ping_status":"open","sticky":false,"template":"","format":"standard","meta":{"footnotes":""},"categories":[1],"tags":[],"class_list":["post-4077","post","type-post","status-publish","format-standard","has-post-thumbnail","hentry","category-bez-kategorii"],"_links":{"self":[{"href":"https:\/\/grupamisyjna.misjonarze.pl\/index.php?rest_route=\/wp\/v2\/posts\/4077","targetHints":{"allow":["GET"]}}],"collection":[{"href":"https:\/\/grupamisyjna.misjonarze.pl\/index.php?rest_route=\/wp\/v2\/posts"}],"about":[{"href":"https:\/\/grupamisyjna.misjonarze.pl\/index.php?rest_route=\/wp\/v2\/types\/post"}],"author":[{"embeddable":true,"href":"https:\/\/grupamisyjna.misjonarze.pl\/index.php?rest_route=\/wp\/v2\/users\/2"}],"replies":[{"embeddable":true,"href":"https:\/\/grupamisyjna.misjonarze.pl\/index.php?rest_route=%2Fwp%2Fv2%2Fcomments&post=4077"}],"version-history":[{"count":1,"href":"https:\/\/grupamisyjna.misjonarze.pl\/index.php?rest_route=\/wp\/v2\/posts\/4077\/revisions"}],"predecessor-version":[{"id":4078,"href":"https:\/\/grupamisyjna.misjonarze.pl\/index.php?rest_route=\/wp\/v2\/posts\/4077\/revisions\/4078"}],"wp:featuredmedia":[{"embeddable":true,"href":"https:\/\/grupamisyjna.misjonarze.pl\/index.php?rest_route=\/wp\/v2\/media\/4072"}],"wp:attachment":[{"href":"https:\/\/grupamisyjna.misjonarze.pl\/index.php?rest_route=%2Fwp%2Fv2%2Fmedia&parent=4077"}],"wp:term":[{"taxonomy":"category","embeddable":true,"href":"https:\/\/grupamisyjna.misjonarze.pl\/index.php?rest_route=%2Fwp%2Fv2%2Fcategories&post=4077"},{"taxonomy":"post_tag","embeddable":true,"href":"https:\/\/grupamisyjna.misjonarze.pl\/index.php?rest_route=%2Fwp%2Fv2%2Ftags&post=4077"}],"curies":[{"name":"wp","href":"https:\/\/api.w.org\/{rel}","templated":true}]}}