{"id":4138,"date":"2025-06-19T19:15:16","date_gmt":"2025-06-19T17:15:16","guid":{"rendered":"https:\/\/grupamisyjna.misjonarze.pl\/?p=4138"},"modified":"2025-06-19T19:15:34","modified_gmt":"2025-06-19T17:15:34","slug":"lutomiersk-misje","status":"publish","type":"post","link":"https:\/\/grupamisyjna.misjonarze.pl\/?p=4138","title":{"rendered":"LUTOMIERSK &#8211; MISJE"},"content":{"rendered":"<p>&nbsp;<\/p>\n<p>W dniach 7 &#8211; 15 czerwca w lutomierskiej parafii (diecezja \u0142\u00f3dzka) poprowadzili\u015bmy wraz z ks. Zbigniewem Knopem CM Misje \u015awi\u0119te. W wyszczuplonym ich programie nie zabrak\u0142o jednak rozwa\u017ca\u0144 o Sakramencie Pokuty, Eucharystii, o modlitwie, ma\u0142\u017ce\u0144stwie, sensie ludzkiego cierpienia i \u015bmierci. Tematyce Maryjnych objawie\u0144 po\u015bwi\u0119cone by\u0142y: Nabo\u017ce\u0144stwo Fatimskie i Apele Jasnog\u00f3rskie z przewodnim motywem: Matki Bo\u017cej Niepokalanej Objawiaj\u0105cej Cudowny Medalik. Kalendarz liturgiczny obchodzonych jak raz w tym czasie \u015awi\u0105t i Uroczysto\u015bci pozwoli\u0142 nam na zg\u0142\u0119bienie tajemnic: Zes\u0142ania Ducha \u015awi\u0119tego, Naj\u015bwi\u0119tszej Tr\u00f3jcy i oddania czci Naj\u015bwi\u0119tszej Maryi Pannie Matce Ko\u015bcio\u0142a. M\u0119k\u0119 i \u015amier\u0107 naszego Zbawiciela uczcili\u015bmy nabo\u017ce\u0144stwem Drogi Krzy\u017cowej ulicami parafii, natomiast pami\u0119\u0107 o zmar\u0142ych \u2013 procesj\u0105 z ko\u015bcio\u0142a na parafialny cmentarz i modlitw\u0105 nad ich grobami. Udali\u015bmy si\u0119 te\u017c z pos\u0142ug\u0105 sakramentaln\u0105 do domostw chorych i niepe\u0142nosprawnych parafian, tym za\u015b kt\u00f3rzy mogli przyby\u0107 o w\u0142asnych si\u0142ach do \u015bwi\u0105tyni, udzielili\u015bmy w czasie Mszy \u015awi\u0119tych Sakramentu Namaszczenia Chorych. Pi\u0119knym czasem wspomnie\u0144 prze\u017cytym z \u0142ezk\u0105 w oku by\u0142 dzie\u0144 umocnienia w sercach \u017con i m\u0119\u017c\u00f3w mi\u0142o\u015bci, wierno\u015bci i uczciwo\u015bci ma\u0142\u017ce\u0144skiej czyli odnowienie sakramentalnej przysi\u0119gi ma\u0142\u017ce\u0144skiej. Uroczyste zako\u0144czenie Misji dokona\u0142o si\u0119 pod nowym krzy\u017cem misyjnym po\u015bwi\u0119conym po raz pierwszy z tej racji.<\/p>\n<p>Rzec by mo\u017cna \u2013 w tym \u015awi\u0119tym czasie Misji dokona\u0142o si\u0119 wszystko co mog\u0142o si\u0119 dokona\u0107 na miar\u0119 ludzkich mo\u017cliwo\u015bci. Pozosta\u0142a jednak refleksja i zaduma nad duszpastersk\u0105 kondycj\u0105 parafii w Lutomiersku. Mawiaj\u0105, \u017ce: liczy si\u0119 nie ilo\u015b\u0107 a jako\u015b\u0107. Poziom poni\u017cej 10%\u00a0 udzia\u0142u wiernych w Misjach w ci\u0105gu tygodnia w skali ca\u0142ej parafii zastanawia \u2026 Bo przecie\u017c przyczyn takiego stanu duchowego letargu, apatii i rezygnacji nie nale\u017ca\u0142oby szuka\u0107 \u2026 tylko po jednej stronie o\u0142tarza.<\/p>\n<p>&nbsp;<\/p>\n<p>X. Maciej Kuczak CM &#8211; misjonarz<\/p>\n<!-- Final Tiles Grid Gallery for WordPress v3.6.13 free --><style>#ftg-329329 .tile .icon { color:#ffffff; }#ftg-329329 .ftg-items .loading-bar i { background:#666; }#ftg-329329 .ftg-items .loading-bar { background:#fff; }#ftg-329329 .tile .icon { font-size:12px; }#ftg-329329 .tile .icon { margin: -6px 0 0 -6px; }#ftg-329329 .tile .caption-block .text-wrapper span.text { font-size:12px; }#ftg-329329 .tile .caption-outside .text-wrapper span.text { font-size:12px; }#ftg-329329 .tile .caption-block .text-wrapper span.title { font-size:14px; }#ftg-329329 .tile .caption-outside .text-wrapper span.title { font-size:14px; }#ftg-329329 .tile { background-color: transparent; }#ftg-329329 .tile .caption-block .text-wrapper span.text { color: #ffffff; }#ftg-329329 .tile .caption-block .text-wrapper span.title { color: #ffffff; }#ftg-329329 .tile .caption-outside .text-wrapper span.text { color: #ffffff; }#ftg-329329 .tile .caption-outside .text-wrapper span.title { color: #ffffff; }#ftg-329329 .tile .ftg-social a { color: #ffffff; }#ftg-329329 .tile .caption-block { transition-timing-function:linear; }#ftg-329329 .tile .caption-block { transition-duration:0.25s; }#ftg-329329 .tile .tile-inner:before { background-color: #000000; }#ftg-329329 .tile .tile-inner:before { background-color: rgba(0, 0, 0, 0.8); }<\/style><a name=\"329\"><\/a><div class=\"final-tiles-gallery  ftg-hover-enabled caption-inside  caption-none caption-middle caption-center\" id=\"ftg-329329\" style=\"width: 100%\"><div class='ftg-items'><div class='loading-bar'><i><\/i><\/div><div  class='tile ftg-preload  '><a title=\"IMG-20250614-WA0000\" data-lightbox='ftg-329329' rel='ftg-329329'  class=' tile-inner  ftg-lightbox' href='https:\/\/grupamisyjna.misjonarze.pl\/wp-content\/uploads\/2025\/06\/IMG-20250614-WA0000-1024x768.jpg' ><img alt='IMG-20250614-WA0000' class='item skip-lazy' data-class='item' data-ftg-source='https:\/\/grupamisyjna.misjonarze.pl\/wp-content\/uploads\/2025\/06\/IMG-20250614-WA0000-1024x768.jpg' src='https:\/\/grupamisyjna.misjonarze.pl\/wp-content\/uploads\/2025\/06\/IMG-20250614-WA0000-1024x768.jpg' width='1024' height='768' \/><span class='icon fa fa-zoom'><\/span><div class='caption-block'><div class='text-wrapper'><span class='title'>IMG-20250614-WA0000<\/span><\/div><\/div><\/a><div class='ftg-social'><\/div><\/div><div  class='tile ftg-preload  '><a title=\"IMG-20250614-WA0001\" data-lightbox='ftg-329329' rel='ftg-329329'  class=' tile-inner  ftg-lightbox' href='https:\/\/grupamisyjna.misjonarze.pl\/wp-content\/uploads\/2025\/06\/IMG-20250614-WA0001-768x1024.jpg' ><img alt='IMG-20250614-WA0001' class='item skip-lazy' data-class='item' data-ftg-source='https:\/\/grupamisyjna.misjonarze.pl\/wp-content\/uploads\/2025\/06\/IMG-20250614-WA0001-768x1024.jpg' src='https:\/\/grupamisyjna.misjonarze.pl\/wp-content\/uploads\/2025\/06\/IMG-20250614-WA0001-768x1024.jpg' width='768' height='1024' \/><span class='icon fa fa-zoom'><\/span><div class='caption-block'><div class='text-wrapper'><span class='title'>IMG-20250614-WA0001<\/span><\/div><\/div><\/a><div class='ftg-social'><\/div><\/div><div  class='tile ftg-preload  '><a title=\"IMG-20250614-WA0003\" data-lightbox='ftg-329329' rel='ftg-329329'  class=' tile-inner  ftg-lightbox' href='https:\/\/grupamisyjna.misjonarze.pl\/wp-content\/uploads\/2025\/06\/IMG-20250614-WA0003-768x1024.jpg' ><img alt='IMG-20250614-WA0003' class='item skip-lazy' data-class='item' data-ftg-source='https:\/\/grupamisyjna.misjonarze.pl\/wp-content\/uploads\/2025\/06\/IMG-20250614-WA0003-768x1024.jpg' src='https:\/\/grupamisyjna.misjonarze.pl\/wp-content\/uploads\/2025\/06\/IMG-20250614-WA0003-768x1024.jpg' width='768' height='1024' \/><span class='icon fa fa-zoom'><\/span><div class='caption-block'><div class='text-wrapper'><span class='title'>IMG-20250614-WA0003<\/span><\/div><\/div><\/a><div class='ftg-social'><\/div><\/div><div  class='tile ftg-preload  '><a title=\"IMG-20250614-WA0004\" data-lightbox='ftg-329329' rel='ftg-329329'  class=' tile-inner  ftg-lightbox' href='https:\/\/grupamisyjna.misjonarze.pl\/wp-content\/uploads\/2025\/06\/IMG-20250614-WA0004-768x1024.jpg' ><img alt='IMG-20250614-WA0004' class='item skip-lazy' data-class='item' data-ftg-source='https:\/\/grupamisyjna.misjonarze.pl\/wp-content\/uploads\/2025\/06\/IMG-20250614-WA0004-768x1024.jpg' src='https:\/\/grupamisyjna.misjonarze.pl\/wp-content\/uploads\/2025\/06\/IMG-20250614-WA0004-768x1024.jpg' width='768' height='1024' \/><span class='icon fa fa-zoom'><\/span><div class='caption-block'><div class='text-wrapper'><span class='title'>IMG-20250614-WA0004<\/span><\/div><\/div><\/a><div class='ftg-social'><\/div><\/div><div  class='tile ftg-preload  '><a title=\"IMG-20250614-WA0005\" data-lightbox='ftg-329329' rel='ftg-329329'  class=' tile-inner  ftg-lightbox' href='https:\/\/grupamisyjna.misjonarze.pl\/wp-content\/uploads\/2025\/06\/IMG-20250614-WA0005-768x1024.jpg' ><img alt='IMG-20250614-WA0005' class='item skip-lazy' data-class='item' data-ftg-source='https:\/\/grupamisyjna.misjonarze.pl\/wp-content\/uploads\/2025\/06\/IMG-20250614-WA0005-768x1024.jpg' src='https:\/\/grupamisyjna.misjonarze.pl\/wp-content\/uploads\/2025\/06\/IMG-20250614-WA0005-768x1024.jpg' width='768' height='1024' \/><span class='icon fa fa-zoom'><\/span><div class='caption-block'><div class='text-wrapper'><span class='title'>IMG-20250614-WA0005<\/span><\/div><\/div><\/a><div class='ftg-social'><\/div><\/div><div  class='tile ftg-preload  '><a title=\"IMG-20250614-WA0007\" data-lightbox='ftg-329329' rel='ftg-329329'  class=' tile-inner  ftg-lightbox' href='https:\/\/grupamisyjna.misjonarze.pl\/wp-content\/uploads\/2025\/06\/IMG-20250614-WA0007-768x1024.jpg' ><img alt='IMG-20250614-WA0007' class='item skip-lazy' data-class='item' data-ftg-source='https:\/\/grupamisyjna.misjonarze.pl\/wp-content\/uploads\/2025\/06\/IMG-20250614-WA0007-768x1024.jpg' src='https:\/\/grupamisyjna.misjonarze.pl\/wp-content\/uploads\/2025\/06\/IMG-20250614-WA0007-768x1024.jpg' width='768' height='1024' \/><span class='icon fa fa-zoom'><\/span><div class='caption-block'><div class='text-wrapper'><span class='title'>IMG-20250614-WA0007<\/span><\/div><\/div><\/a><div class='ftg-social'><\/div><\/div><div  class='tile ftg-preload  '><a title=\"IMG-20250614-WA0009\" data-lightbox='ftg-329329' rel='ftg-329329'  class=' tile-inner  ftg-lightbox' href='https:\/\/grupamisyjna.misjonarze.pl\/wp-content\/uploads\/2025\/06\/IMG-20250614-WA0009-768x1024.jpg' ><img alt='IMG-20250614-WA0009' class='item skip-lazy' data-class='item' data-ftg-source='https:\/\/grupamisyjna.misjonarze.pl\/wp-content\/uploads\/2025\/06\/IMG-20250614-WA0009-768x1024.jpg' src='https:\/\/grupamisyjna.misjonarze.pl\/wp-content\/uploads\/2025\/06\/IMG-20250614-WA0009-768x1024.jpg' width='768' height='1024' \/><span class='icon fa fa-zoom'><\/span><div class='caption-block'><div class='text-wrapper'><span class='title'>IMG-20250614-WA0009<\/span><\/div><\/div><\/a><div class='ftg-social'><\/div><\/div><div  class='tile ftg-preload  '><a title=\"IMG-20250614-WA0010\" data-lightbox='ftg-329329' rel='ftg-329329'  class=' tile-inner  ftg-lightbox' href='https:\/\/grupamisyjna.misjonarze.pl\/wp-content\/uploads\/2025\/06\/IMG-20250614-WA0010-768x1024.jpg' ><img alt='IMG-20250614-WA0010' class='item skip-lazy' data-class='item' data-ftg-source='https:\/\/grupamisyjna.misjonarze.pl\/wp-content\/uploads\/2025\/06\/IMG-20250614-WA0010-768x1024.jpg' src='https:\/\/grupamisyjna.misjonarze.pl\/wp-content\/uploads\/2025\/06\/IMG-20250614-WA0010-768x1024.jpg' width='768' height='1024' \/><span class='icon fa fa-zoom'><\/span><div class='caption-block'><div class='text-wrapper'><span class='title'>IMG-20250614-WA0010<\/span><\/div><\/div><\/a><div class='ftg-social'><\/div><\/div><\/div><\/div>\n","protected":false},"excerpt":{"rendered":"<p>&nbsp; W dniach 7 &#8211; 15 czerwca w lutomierskiej parafii (diecezja \u0142\u00f3dzka) poprowadzili\u015bmy wraz z ks.&hellip;<\/p>\n","protected":false},"author":2,"featured_media":4133,"comment_status":"open","ping_status":"open","sticky":false,"template":"","format":"standard","meta":{"footnotes":""},"categories":[1],"tags":[],"class_list":["post-4138","post","type-post","status-publish","format-standard","has-post-thumbnail","hentry","category-bez-kategorii"],"_links":{"self":[{"href":"https:\/\/grupamisyjna.misjonarze.pl\/index.php?rest_route=\/wp\/v2\/posts\/4138","targetHints":{"allow":["GET"]}}],"collection":[{"href":"https:\/\/grupamisyjna.misjonarze.pl\/index.php?rest_route=\/wp\/v2\/posts"}],"about":[{"href":"https:\/\/grupamisyjna.misjonarze.pl\/index.php?rest_route=\/wp\/v2\/types\/post"}],"author":[{"embeddable":true,"href":"https:\/\/grupamisyjna.misjonarze.pl\/index.php?rest_route=\/wp\/v2\/users\/2"}],"replies":[{"embeddable":true,"href":"https:\/\/grupamisyjna.misjonarze.pl\/index.php?rest_route=%2Fwp%2Fv2%2Fcomments&post=4138"}],"version-history":[{"count":1,"href":"https:\/\/grupamisyjna.misjonarze.pl\/index.php?rest_route=\/wp\/v2\/posts\/4138\/revisions"}],"predecessor-version":[{"id":4139,"href":"https:\/\/grupamisyjna.misjonarze.pl\/index.php?rest_route=\/wp\/v2\/posts\/4138\/revisions\/4139"}],"wp:featuredmedia":[{"embeddable":true,"href":"https:\/\/grupamisyjna.misjonarze.pl\/index.php?rest_route=\/wp\/v2\/media\/4133"}],"wp:attachment":[{"href":"https:\/\/grupamisyjna.misjonarze.pl\/index.php?rest_route=%2Fwp%2Fv2%2Fmedia&parent=4138"}],"wp:term":[{"taxonomy":"category","embeddable":true,"href":"https:\/\/grupamisyjna.misjonarze.pl\/index.php?rest_route=%2Fwp%2Fv2%2Fcategories&post=4138"},{"taxonomy":"post_tag","embeddable":true,"href":"https:\/\/grupamisyjna.misjonarze.pl\/index.php?rest_route=%2Fwp%2Fv2%2Ftags&post=4138"}],"curies":[{"name":"wp","href":"https:\/\/api.w.org\/{rel}","templated":true}]}}