{"id":4586,"date":"2025-10-31T17:20:48","date_gmt":"2025-10-31T16:20:48","guid":{"rendered":"https:\/\/grupamisyjna.misjonarze.pl\/?p=4586"},"modified":"2025-10-31T17:20:55","modified_gmt":"2025-10-31T16:20:55","slug":"wiecbork-4","status":"publish","type":"post","link":"https:\/\/grupamisyjna.misjonarze.pl\/?p=4586","title":{"rendered":"WI\u0118CBORK"},"content":{"rendered":"<p>&nbsp;<\/p>\n<p align=\"center\"><i data-olk-copy-source=\"MessageBody\">25-28 pa\u017adziernika 2025 r.<\/i><\/p>\n<p align=\"center\">Rekolekcje przed odpustem parafialnym<\/p>\n<p align=\"center\">ku czci \u015bw. Szymona Gorliwego i \u015bw. Judy Tadeusza<\/p>\n<p align=\"center\"><b>Wi\u0119cbork<i>\u00a0\u2013 diecezja bydgoska<\/i><\/b><\/p>\n<p><u>Tematy rozwa\u017ca\u0144:<\/u><\/p>\n<p>25\/26 (sobota\/niedziela) * Jak by\u0107 odwa\u017cnym dzieckiem Bo\u017cym?<\/p>\n<p>&#8211; inspiracj\u0105 \u015bw. Juda Tadeusz, Odwa\u017cny<\/p>\n<p>27 (poniedzia\u0142ek) * Dlaczego warto piel\u0119gnowa\u0107 modlitw\u0119 r\u00f3\u017ca\u0144cow\u0105?<\/p>\n<p>&#8211; inspiracj\u0105 pa\u017adziernikowa pobo\u017cno\u015b\u0107 Maryjna<\/p>\n<p>28 (wtorek) * Gorliwo\u015b\u0107 o zbawienie dusz<\/p>\n<p>\u2013\u00a0inspiracj\u0105 \u015bw. Szymon Gorliwy oraz \u015bw. Wincenty a Paulo<\/p>\n<!-- Final Tiles Grid Gallery for WordPress v3.6.13 free --><style>#ftg-348348 .tile .icon { color:#ffffff; }#ftg-348348 .ftg-items .loading-bar i { background:#666; }#ftg-348348 .ftg-items .loading-bar { background:#fff; }#ftg-348348 .tile .icon { font-size:12px; }#ftg-348348 .tile .icon { margin: -6px 0 0 -6px; }#ftg-348348 .tile .caption-block .text-wrapper span.text { font-size:12px; }#ftg-348348 .tile .caption-outside .text-wrapper span.text { font-size:12px; }#ftg-348348 .tile .caption-block .text-wrapper span.title { font-size:14px; }#ftg-348348 .tile .caption-outside .text-wrapper span.title { font-size:14px; }#ftg-348348 .tile { background-color: transparent; }#ftg-348348 .tile .caption-block .text-wrapper span.text { color: #ffffff; }#ftg-348348 .tile .caption-block .text-wrapper span.title { color: #ffffff; }#ftg-348348 .tile .caption-outside .text-wrapper span.text { color: #ffffff; }#ftg-348348 .tile .caption-outside .text-wrapper span.title { color: #ffffff; }#ftg-348348 .tile .ftg-social a { color: #ffffff; }#ftg-348348 .tile .caption-block { transition-timing-function:linear; }#ftg-348348 .tile .caption-block { transition-duration:0.25s; }#ftg-348348 .tile .tile-inner:before { background-color: #000000; }#ftg-348348 .tile .tile-inner:before { background-color: rgba(0, 0, 0, 0.8); }<\/style><a name=\"348\"><\/a><div class=\"final-tiles-gallery  ftg-hover-enabled caption-inside  caption-none caption-middle caption-center\" id=\"ftg-348348\" style=\"width: 100%\"><div class='ftg-items'><div class='loading-bar'><i><\/i><\/div><div  class='tile ftg-preload  '><a title=\"1000010759\" data-lightbox='ftg-348348' rel='ftg-348348'  class=' tile-inner  ftg-lightbox' href='https:\/\/grupamisyjna.misjonarze.pl\/wp-content\/uploads\/2025\/10\/1000010759-1024x768.jpg' ><img alt='1000010759' class='item skip-lazy' data-class='item' data-ftg-source='https:\/\/grupamisyjna.misjonarze.pl\/wp-content\/uploads\/2025\/10\/1000010759-1024x768.jpg' src='https:\/\/grupamisyjna.misjonarze.pl\/wp-content\/uploads\/2025\/10\/1000010759-1024x768.jpg' width='1024' height='768' \/><span class='icon fa fa-zoom'><\/span><div class='caption-block'><div class='text-wrapper'><span class='title'>1000010759<\/span><\/div><\/div><\/a><div class='ftg-social'><\/div><\/div><div  class='tile ftg-preload  '><a title=\"Wi\u0119cbork-1\" data-lightbox='ftg-348348' rel='ftg-348348'  class=' tile-inner  ftg-lightbox' href='https:\/\/grupamisyjna.misjonarze.pl\/wp-content\/uploads\/2025\/10\/Wiecbork-1-577x1024.jpg' ><img alt='Wi\u0119cbork-1' class='item skip-lazy' data-class='item' data-ftg-source='https:\/\/grupamisyjna.misjonarze.pl\/wp-content\/uploads\/2025\/10\/Wiecbork-1-577x1024.jpg' src='https:\/\/grupamisyjna.misjonarze.pl\/wp-content\/uploads\/2025\/10\/Wiecbork-1-577x1024.jpg' width='577' height='1024' \/><span class='icon fa fa-zoom'><\/span><div class='caption-block'><div class='text-wrapper'><span class='title'>Wi\u0119cbork-1<\/span><\/div><\/div><\/a><div class='ftg-social'><\/div><\/div><div  class='tile ftg-preload  '><a title=\"Wi\u0119cbork-2\" data-lightbox='ftg-348348' rel='ftg-348348'  class=' tile-inner  ftg-lightbox' href='https:\/\/grupamisyjna.misjonarze.pl\/wp-content\/uploads\/2025\/10\/Wiecbork-2-1024x678.jpg' ><img alt='Wi\u0119cbork-2' class='item skip-lazy' data-class='item' data-ftg-source='https:\/\/grupamisyjna.misjonarze.pl\/wp-content\/uploads\/2025\/10\/Wiecbork-2-1024x678.jpg' src='https:\/\/grupamisyjna.misjonarze.pl\/wp-content\/uploads\/2025\/10\/Wiecbork-2-1024x678.jpg' width='1024' height='678' \/><span class='icon fa fa-zoom'><\/span><div class='caption-block'><div class='text-wrapper'><span class='title'>Wi\u0119cbork-2<\/span><\/div><\/div><\/a><div class='ftg-social'><\/div><\/div><div  class='tile ftg-preload  '><a title=\"Wi\u0119cbork-3\" data-lightbox='ftg-348348' rel='ftg-348348'  class=' tile-inner  ftg-lightbox' href='https:\/\/grupamisyjna.misjonarze.pl\/wp-content\/uploads\/2025\/10\/Wiecbork-3-577x1024.jpg' ><img alt='Wi\u0119cbork-3' class='item skip-lazy' data-class='item' data-ftg-source='https:\/\/grupamisyjna.misjonarze.pl\/wp-content\/uploads\/2025\/10\/Wiecbork-3-577x1024.jpg' src='https:\/\/grupamisyjna.misjonarze.pl\/wp-content\/uploads\/2025\/10\/Wiecbork-3-577x1024.jpg' width='577' height='1024' \/><span class='icon fa fa-zoom'><\/span><div class='caption-block'><div class='text-wrapper'><span class='title'>Wi\u0119cbork-3<\/span><\/div><\/div><\/a><div class='ftg-social'><\/div><\/div><div  class='tile ftg-preload  '><a title=\"Wi\u0119cbork-5\" data-lightbox='ftg-348348' rel='ftg-348348'  class=' tile-inner  ftg-lightbox' href='https:\/\/grupamisyjna.misjonarze.pl\/wp-content\/uploads\/2025\/10\/Wiecbork-5-1024x678.jpg' ><img alt='Wi\u0119cbork-5' class='item skip-lazy' data-class='item' data-ftg-source='https:\/\/grupamisyjna.misjonarze.pl\/wp-content\/uploads\/2025\/10\/Wiecbork-5-1024x678.jpg' src='https:\/\/grupamisyjna.misjonarze.pl\/wp-content\/uploads\/2025\/10\/Wiecbork-5-1024x678.jpg' width='1024' height='678' \/><span class='icon fa fa-zoom'><\/span><div class='caption-block'><div class='text-wrapper'><span class='title'>Wi\u0119cbork-5<\/span><\/div><\/div><\/a><div class='ftg-social'><\/div><\/div><\/div><\/div>\n","protected":false},"excerpt":{"rendered":"<p>&nbsp; 25-28 pa\u017adziernika 2025 r. Rekolekcje przed odpustem parafialnym ku czci \u015bw. Szymona Gorliwego i \u015bw.&hellip;<\/p>\n","protected":false},"author":2,"featured_media":4581,"comment_status":"open","ping_status":"open","sticky":false,"template":"","format":"standard","meta":{"footnotes":""},"categories":[1],"tags":[],"class_list":["post-4586","post","type-post","status-publish","format-standard","has-post-thumbnail","hentry","category-bez-kategorii"],"_links":{"self":[{"href":"https:\/\/grupamisyjna.misjonarze.pl\/index.php?rest_route=\/wp\/v2\/posts\/4586","targetHints":{"allow":["GET"]}}],"collection":[{"href":"https:\/\/grupamisyjna.misjonarze.pl\/index.php?rest_route=\/wp\/v2\/posts"}],"about":[{"href":"https:\/\/grupamisyjna.misjonarze.pl\/index.php?rest_route=\/wp\/v2\/types\/post"}],"author":[{"embeddable":true,"href":"https:\/\/grupamisyjna.misjonarze.pl\/index.php?rest_route=\/wp\/v2\/users\/2"}],"replies":[{"embeddable":true,"href":"https:\/\/grupamisyjna.misjonarze.pl\/index.php?rest_route=%2Fwp%2Fv2%2Fcomments&post=4586"}],"version-history":[{"count":1,"href":"https:\/\/grupamisyjna.misjonarze.pl\/index.php?rest_route=\/wp\/v2\/posts\/4586\/revisions"}],"predecessor-version":[{"id":4587,"href":"https:\/\/grupamisyjna.misjonarze.pl\/index.php?rest_route=\/wp\/v2\/posts\/4586\/revisions\/4587"}],"wp:featuredmedia":[{"embeddable":true,"href":"https:\/\/grupamisyjna.misjonarze.pl\/index.php?rest_route=\/wp\/v2\/media\/4581"}],"wp:attachment":[{"href":"https:\/\/grupamisyjna.misjonarze.pl\/index.php?rest_route=%2Fwp%2Fv2%2Fmedia&parent=4586"}],"wp:term":[{"taxonomy":"category","embeddable":true,"href":"https:\/\/grupamisyjna.misjonarze.pl\/index.php?rest_route=%2Fwp%2Fv2%2Fcategories&post=4586"},{"taxonomy":"post_tag","embeddable":true,"href":"https:\/\/grupamisyjna.misjonarze.pl\/index.php?rest_route=%2Fwp%2Fv2%2Ftags&post=4586"}],"curies":[{"name":"wp","href":"https:\/\/api.w.org\/{rel}","templated":true}]}}