{"id":4971,"date":"2026-03-04T11:07:57","date_gmt":"2026-03-04T10:07:57","guid":{"rendered":"https:\/\/grupamisyjna.misjonarze.pl\/?p=4971"},"modified":"2026-03-04T11:07:57","modified_gmt":"2026-03-04T10:07:57","slug":"palecznica-2","status":"publish","type":"post","link":"https:\/\/grupamisyjna.misjonarze.pl\/?p=4971","title":{"rendered":"PA\u0141ECZNICA"},"content":{"rendered":"<p>Od 1 marca Ks. Zbigniew Knop g\u0142osi\u0142 rekolekcje wielkopostne w parafii \u015bw. Jakuba w Pa\u0142ecznicy ko\u0142o Miechowa &#8211; diecezja kielecka. Parafia liczy ok.1400 parafian. Proboszczem parafii jest ks. Bogdan Pasisz. Zabytkowy ko\u015bci\u00f3\u0142 parafialny poddawany jest gruntownym pracom konserwatorskim. W rekolekcjach udzia\u0142 brali doro\u015bli. Uczestniczy\u0142a w nich r\u00f3wnie\u017c grupa m\u0142odzie\u017c i dzieci ze szko\u0142y podstawowej.<\/p>\n<div dir=\"auto\">Modlitewna atmosfera sprzyja\u0142a g\u0142\u0119bokiemu prze\u017cyciu \u0107wicze\u0144 rekolekcyjnych.<\/div>\n<p>&nbsp;<\/p>\n<!-- Final Tiles Grid Gallery for WordPress v3.6.13 free --><style>#ftg-388388 .tile .icon { color:#ffffff; }#ftg-388388 .ftg-items .loading-bar i { background:#666; }#ftg-388388 .ftg-items .loading-bar { background:#fff; }#ftg-388388 .tile .icon { font-size:12px; }#ftg-388388 .tile .icon { margin: -6px 0 0 -6px; }#ftg-388388 .tile .caption-block .text-wrapper span.text { font-size:12px; }#ftg-388388 .tile .caption-outside .text-wrapper span.text { font-size:12px; }#ftg-388388 .tile .caption-block .text-wrapper span.title { font-size:14px; }#ftg-388388 .tile .caption-outside .text-wrapper span.title { font-size:14px; }#ftg-388388 .tile { background-color: transparent; }#ftg-388388 .tile .caption-block .text-wrapper span.text { color: #ffffff; }#ftg-388388 .tile .caption-block .text-wrapper span.title { color: #ffffff; }#ftg-388388 .tile .caption-outside .text-wrapper span.text { color: #ffffff; }#ftg-388388 .tile .caption-outside .text-wrapper span.title { color: #ffffff; }#ftg-388388 .tile .ftg-social a { color: #ffffff; }#ftg-388388 .tile .caption-block { transition-timing-function:linear; }#ftg-388388 .tile .caption-block { transition-duration:0.25s; }#ftg-388388 .tile .tile-inner:before { background-color: #000000; }#ftg-388388 .tile .tile-inner:before { background-color: rgba(0, 0, 0, 0.8); }<\/style><a name=\"388\"><\/a><div class=\"final-tiles-gallery  ftg-hover-enabled caption-inside  caption-none caption-middle caption-center\" id=\"ftg-388388\" style=\"width: 100%\"><div class='ftg-items'><div class='loading-bar'><i><\/i><\/div><div  class='tile ftg-preload  '><a title=\"IMG-20260304-WA0001\" data-lightbox='ftg-388388' rel='ftg-388388'  class=' tile-inner  ftg-lightbox' href='https:\/\/grupamisyjna.misjonarze.pl\/wp-content\/uploads\/2026\/03\/IMG-20260304-WA0001-768x1024.jpg' ><img alt='IMG-20260304-WA0001' class='item skip-lazy' data-class='item' data-ftg-source='https:\/\/grupamisyjna.misjonarze.pl\/wp-content\/uploads\/2026\/03\/IMG-20260304-WA0001-768x1024.jpg' src='https:\/\/grupamisyjna.misjonarze.pl\/wp-content\/uploads\/2026\/03\/IMG-20260304-WA0001-768x1024.jpg' width='768' height='1024' \/><span class='icon fa fa-zoom'><\/span><div class='caption-block'><div class='text-wrapper'><span class='title'>IMG-20260304-WA0001<\/span><\/div><\/div><\/a><div class='ftg-social'><\/div><\/div><div  class='tile ftg-preload  '><a title=\"IMG-20260304-WA0003\" data-lightbox='ftg-388388' rel='ftg-388388'  class=' tile-inner  ftg-lightbox' href='https:\/\/grupamisyjna.misjonarze.pl\/wp-content\/uploads\/2026\/03\/IMG-20260304-WA0003-768x1024.jpg' ><img alt='IMG-20260304-WA0003' class='item skip-lazy' data-class='item' data-ftg-source='https:\/\/grupamisyjna.misjonarze.pl\/wp-content\/uploads\/2026\/03\/IMG-20260304-WA0003-768x1024.jpg' src='https:\/\/grupamisyjna.misjonarze.pl\/wp-content\/uploads\/2026\/03\/IMG-20260304-WA0003-768x1024.jpg' width='768' height='1024' \/><span class='icon fa fa-zoom'><\/span><div class='caption-block'><div class='text-wrapper'><span class='title'>IMG-20260304-WA0003<\/span><\/div><\/div><\/a><div class='ftg-social'><\/div><\/div><div  class='tile ftg-preload  '><a title=\"IMG-20260304-WA0004\" data-lightbox='ftg-388388' rel='ftg-388388'  class=' tile-inner  ftg-lightbox' href='https:\/\/grupamisyjna.misjonarze.pl\/wp-content\/uploads\/2026\/03\/IMG-20260304-WA0004-768x1024.jpg' ><img alt='IMG-20260304-WA0004' class='item skip-lazy' data-class='item' data-ftg-source='https:\/\/grupamisyjna.misjonarze.pl\/wp-content\/uploads\/2026\/03\/IMG-20260304-WA0004-768x1024.jpg' src='https:\/\/grupamisyjna.misjonarze.pl\/wp-content\/uploads\/2026\/03\/IMG-20260304-WA0004-768x1024.jpg' width='768' height='1024' \/><span class='icon fa fa-zoom'><\/span><div class='caption-block'><div class='text-wrapper'><span class='title'>IMG-20260304-WA0004<\/span><\/div><\/div><\/a><div class='ftg-social'><\/div><\/div><div  class='tile ftg-preload  '><a title=\"IMG-20260304-WA0009\" data-lightbox='ftg-388388' rel='ftg-388388'  class=' tile-inner  ftg-lightbox' href='https:\/\/grupamisyjna.misjonarze.pl\/wp-content\/uploads\/2026\/03\/IMG-20260304-WA0009-768x1024.jpg' ><img alt='IMG-20260304-WA0009' class='item skip-lazy' data-class='item' data-ftg-source='https:\/\/grupamisyjna.misjonarze.pl\/wp-content\/uploads\/2026\/03\/IMG-20260304-WA0009-768x1024.jpg' src='https:\/\/grupamisyjna.misjonarze.pl\/wp-content\/uploads\/2026\/03\/IMG-20260304-WA0009-768x1024.jpg' width='768' height='1024' \/><span class='icon fa fa-zoom'><\/span><div class='caption-block'><div class='text-wrapper'><span class='title'>IMG-20260304-WA0009<\/span><\/div><\/div><\/a><div class='ftg-social'><\/div><\/div><div  class='tile ftg-preload  '><a title=\"IMG-20260304-WA0010\" data-lightbox='ftg-388388' rel='ftg-388388'  class=' tile-inner  ftg-lightbox' href='https:\/\/grupamisyjna.misjonarze.pl\/wp-content\/uploads\/2026\/03\/IMG-20260304-WA0010-1024x768.jpg' ><img alt='IMG-20260304-WA0010' class='item skip-lazy' data-class='item' data-ftg-source='https:\/\/grupamisyjna.misjonarze.pl\/wp-content\/uploads\/2026\/03\/IMG-20260304-WA0010-1024x768.jpg' src='https:\/\/grupamisyjna.misjonarze.pl\/wp-content\/uploads\/2026\/03\/IMG-20260304-WA0010-1024x768.jpg' width='1024' height='768' \/><span class='icon fa fa-zoom'><\/span><div class='caption-block'><div class='text-wrapper'><span class='title'>IMG-20260304-WA0010<\/span><\/div><\/div><\/a><div class='ftg-social'><\/div><\/div><div  class='tile ftg-preload  '><a title=\"IMG-20260304-WA0011\" data-lightbox='ftg-388388' rel='ftg-388388'  class=' tile-inner  ftg-lightbox' href='https:\/\/grupamisyjna.misjonarze.pl\/wp-content\/uploads\/2026\/03\/IMG-20260304-WA0011-1024x768.jpg' ><img alt='IMG-20260304-WA0011' class='item skip-lazy' data-class='item' data-ftg-source='https:\/\/grupamisyjna.misjonarze.pl\/wp-content\/uploads\/2026\/03\/IMG-20260304-WA0011-1024x768.jpg' src='https:\/\/grupamisyjna.misjonarze.pl\/wp-content\/uploads\/2026\/03\/IMG-20260304-WA0011-1024x768.jpg' width='1024' height='768' \/><span class='icon fa fa-zoom'><\/span><div class='caption-block'><div class='text-wrapper'><span class='title'>IMG-20260304-WA0011<\/span><\/div><\/div><\/a><div class='ftg-social'><\/div><\/div><div  class='tile ftg-preload  '><a title=\"IMG-20260304-WA0012\" data-lightbox='ftg-388388' rel='ftg-388388'  class=' tile-inner  ftg-lightbox' href='https:\/\/grupamisyjna.misjonarze.pl\/wp-content\/uploads\/2026\/03\/IMG-20260304-WA0012-1024x768.jpg' ><img alt='IMG-20260304-WA0012' class='item skip-lazy' data-class='item' data-ftg-source='https:\/\/grupamisyjna.misjonarze.pl\/wp-content\/uploads\/2026\/03\/IMG-20260304-WA0012-1024x768.jpg' src='https:\/\/grupamisyjna.misjonarze.pl\/wp-content\/uploads\/2026\/03\/IMG-20260304-WA0012-1024x768.jpg' width='1024' height='768' \/><span class='icon fa fa-zoom'><\/span><div class='caption-block'><div class='text-wrapper'><span class='title'>IMG-20260304-WA0012<\/span><\/div><\/div><\/a><div class='ftg-social'><\/div><\/div><\/div><\/div>\n","protected":false},"excerpt":{"rendered":"<p>Od 1 marca Ks. Zbigniew Knop g\u0142osi\u0142 rekolekcje wielkopostne w parafii \u015bw. Jakuba w Pa\u0142ecznicy ko\u0142o&hellip;<\/p>\n","protected":false},"author":2,"featured_media":4965,"comment_status":"open","ping_status":"open","sticky":false,"template":"","format":"standard","meta":{"footnotes":""},"categories":[1],"tags":[],"class_list":["post-4971","post","type-post","status-publish","format-standard","has-post-thumbnail","hentry","category-bez-kategorii"],"_links":{"self":[{"href":"https:\/\/grupamisyjna.misjonarze.pl\/index.php?rest_route=\/wp\/v2\/posts\/4971","targetHints":{"allow":["GET"]}}],"collection":[{"href":"https:\/\/grupamisyjna.misjonarze.pl\/index.php?rest_route=\/wp\/v2\/posts"}],"about":[{"href":"https:\/\/grupamisyjna.misjonarze.pl\/index.php?rest_route=\/wp\/v2\/types\/post"}],"author":[{"embeddable":true,"href":"https:\/\/grupamisyjna.misjonarze.pl\/index.php?rest_route=\/wp\/v2\/users\/2"}],"replies":[{"embeddable":true,"href":"https:\/\/grupamisyjna.misjonarze.pl\/index.php?rest_route=%2Fwp%2Fv2%2Fcomments&post=4971"}],"version-history":[{"count":1,"href":"https:\/\/grupamisyjna.misjonarze.pl\/index.php?rest_route=\/wp\/v2\/posts\/4971\/revisions"}],"predecessor-version":[{"id":4972,"href":"https:\/\/grupamisyjna.misjonarze.pl\/index.php?rest_route=\/wp\/v2\/posts\/4971\/revisions\/4972"}],"wp:featuredmedia":[{"embeddable":true,"href":"https:\/\/grupamisyjna.misjonarze.pl\/index.php?rest_route=\/wp\/v2\/media\/4965"}],"wp:attachment":[{"href":"https:\/\/grupamisyjna.misjonarze.pl\/index.php?rest_route=%2Fwp%2Fv2%2Fmedia&parent=4971"}],"wp:term":[{"taxonomy":"category","embeddable":true,"href":"https:\/\/grupamisyjna.misjonarze.pl\/index.php?rest_route=%2Fwp%2Fv2%2Fcategories&post=4971"},{"taxonomy":"post_tag","embeddable":true,"href":"https:\/\/grupamisyjna.misjonarze.pl\/index.php?rest_route=%2Fwp%2Fv2%2Ftags&post=4971"}],"curies":[{"name":"wp","href":"https:\/\/api.w.org\/{rel}","templated":true}]}}