{"id":5018,"date":"2026-03-04T22:26:52","date_gmt":"2026-03-04T21:26:52","guid":{"rendered":"https:\/\/grupamisyjna.misjonarze.pl\/?p=5018"},"modified":"2026-03-04T22:26:52","modified_gmt":"2026-03-04T21:26:52","slug":"trzebinia-3","status":"publish","type":"post","link":"https:\/\/grupamisyjna.misjonarze.pl\/?p=5018","title":{"rendered":"TRZEBINIA"},"content":{"rendered":"<p>&nbsp;<\/p>\n<p><span data-olk-copy-source=\"MessageBody\">REKOLEKCJE WIELKOPOSTNE<\/span><\/p>\n<p>W PARAFII \u015aW. BARBARY W TRZEBINI<\/p>\n<p>1-4 marca 2026 r.<\/p>\n<p>W tej nieco ponad 3-tysi\u0119cznej parafii (znajduj\u0105cej si\u0119 na obrze\u017cach miasta) na niedzielne Msze \u015bw. ucz\u0119szcza niespe\u0142na 500 os\u00f3b. W naukach rekolekcyjnych uczestniczy\u0142o ok. 200 os\u00f3b (w tym grupka dzieci, dla kt\u00f3rych by\u0142o osobne, popo\u0142udniowe spotkanie). W \u015brod\u0119 zosta\u0142a te\u017c odprawiona Msza \u015bw., na kt\u00f3rej zosta\u0142 udzielony sakrament chorych grupie 40 os\u00f3b.<\/p>\n<p>ks. Pawe\u0142 Szyma\u0144ski CM<\/p>\n<!-- Final Tiles Grid Gallery for WordPress v3.6.13 free --><style>#ftg-392392 .tile .icon { color:#ffffff; }#ftg-392392 .ftg-items .loading-bar i { background:#666; }#ftg-392392 .ftg-items .loading-bar { background:#fff; }#ftg-392392 .tile .icon { font-size:12px; }#ftg-392392 .tile .icon { margin: -6px 0 0 -6px; }#ftg-392392 .tile .caption-block .text-wrapper span.text { font-size:12px; }#ftg-392392 .tile .caption-outside .text-wrapper span.text { font-size:12px; }#ftg-392392 .tile .caption-block .text-wrapper span.title { font-size:14px; }#ftg-392392 .tile .caption-outside .text-wrapper span.title { font-size:14px; }#ftg-392392 .tile { background-color: transparent; }#ftg-392392 .tile .caption-block .text-wrapper span.text { color: #ffffff; }#ftg-392392 .tile .caption-block .text-wrapper span.title { color: #ffffff; }#ftg-392392 .tile .caption-outside .text-wrapper span.text { color: #ffffff; }#ftg-392392 .tile .caption-outside .text-wrapper span.title { color: #ffffff; }#ftg-392392 .tile .ftg-social a { color: #ffffff; }#ftg-392392 .tile .caption-block { transition-timing-function:linear; }#ftg-392392 .tile .caption-block { transition-duration:0.25s; }#ftg-392392 .tile .tile-inner:before { background-color: #000000; }#ftg-392392 .tile .tile-inner:before { background-color: rgba(0, 0, 0, 0.8); }<\/style><a name=\"392\"><\/a><div class=\"final-tiles-gallery  ftg-hover-enabled caption-inside  caption-none caption-middle caption-center\" id=\"ftg-392392\" style=\"width: 100%\"><div class='ftg-items'><div class='loading-bar'><i><\/i><\/div><div  class='tile ftg-preload  '><a title=\"1000006744\" data-lightbox='ftg-392392' rel='ftg-392392'  class=' tile-inner  ftg-lightbox' href='https:\/\/grupamisyjna.misjonarze.pl\/wp-content\/uploads\/2026\/03\/1000006744.jpg' ><img alt='1000006744' class='item skip-lazy' data-class='item' data-ftg-source='https:\/\/grupamisyjna.misjonarze.pl\/wp-content\/uploads\/2026\/03\/1000006744.jpg' src='https:\/\/grupamisyjna.misjonarze.pl\/wp-content\/uploads\/2026\/03\/1000006744.jpg' width='564' height='423' \/><span class='icon fa fa-zoom'><\/span><div class='caption-block'><div class='text-wrapper'><span class='title'>1000006744<\/span><\/div><\/div><\/a><div class='ftg-social'><\/div><\/div><div  class='tile ftg-preload  '><a title=\"1000006745\" data-lightbox='ftg-392392' rel='ftg-392392'  class=' tile-inner  ftg-lightbox' href='https:\/\/grupamisyjna.misjonarze.pl\/wp-content\/uploads\/2026\/03\/1000006745.jpg' ><img alt='1000006745' class='item skip-lazy' data-class='item' data-ftg-source='https:\/\/grupamisyjna.misjonarze.pl\/wp-content\/uploads\/2026\/03\/1000006745.jpg' src='https:\/\/grupamisyjna.misjonarze.pl\/wp-content\/uploads\/2026\/03\/1000006745.jpg' width='564' height='423' \/><span class='icon fa fa-zoom'><\/span><div class='caption-block'><div class='text-wrapper'><span class='title'>1000006745<\/span><\/div><\/div><\/a><div class='ftg-social'><\/div><\/div><div  class='tile ftg-preload  '><a title=\"1000006762\" data-lightbox='ftg-392392' rel='ftg-392392'  class=' tile-inner  ftg-lightbox' href='https:\/\/grupamisyjna.misjonarze.pl\/wp-content\/uploads\/2026\/03\/1000006762-768x1024.jpg' ><img alt='1000006762' class='item skip-lazy' data-class='item' data-ftg-source='https:\/\/grupamisyjna.misjonarze.pl\/wp-content\/uploads\/2026\/03\/1000006762-768x1024.jpg' src='https:\/\/grupamisyjna.misjonarze.pl\/wp-content\/uploads\/2026\/03\/1000006762-768x1024.jpg' width='768' height='1024' \/><span class='icon fa fa-zoom'><\/span><div class='caption-block'><div class='text-wrapper'><span class='title'>1000006762<\/span><\/div><\/div><\/a><div class='ftg-social'><\/div><\/div><div  class='tile ftg-preload  '><a title=\"1000006763\" data-lightbox='ftg-392392' rel='ftg-392392'  class=' tile-inner  ftg-lightbox' href='https:\/\/grupamisyjna.misjonarze.pl\/wp-content\/uploads\/2026\/03\/1000006763-1024x768.jpg' ><img alt='1000006763' class='item skip-lazy' data-class='item' data-ftg-source='https:\/\/grupamisyjna.misjonarze.pl\/wp-content\/uploads\/2026\/03\/1000006763-1024x768.jpg' src='https:\/\/grupamisyjna.misjonarze.pl\/wp-content\/uploads\/2026\/03\/1000006763-1024x768.jpg' width='1024' height='768' \/><span class='icon fa fa-zoom'><\/span><div class='caption-block'><div class='text-wrapper'><span class='title'>1000006763<\/span><\/div><\/div><\/a><div class='ftg-social'><\/div><\/div><\/div><\/div>\n","protected":false},"excerpt":{"rendered":"<p>&nbsp; REKOLEKCJE WIELKOPOSTNE W PARAFII \u015aW. BARBARY W TRZEBINI 1-4 marca 2026 r. W tej nieco&hellip;<\/p>\n","protected":false},"author":2,"featured_media":5016,"comment_status":"open","ping_status":"open","sticky":false,"template":"","format":"standard","meta":{"footnotes":""},"categories":[1],"tags":[],"class_list":["post-5018","post","type-post","status-publish","format-standard","has-post-thumbnail","hentry","category-bez-kategorii"],"_links":{"self":[{"href":"https:\/\/grupamisyjna.misjonarze.pl\/index.php?rest_route=\/wp\/v2\/posts\/5018","targetHints":{"allow":["GET"]}}],"collection":[{"href":"https:\/\/grupamisyjna.misjonarze.pl\/index.php?rest_route=\/wp\/v2\/posts"}],"about":[{"href":"https:\/\/grupamisyjna.misjonarze.pl\/index.php?rest_route=\/wp\/v2\/types\/post"}],"author":[{"embeddable":true,"href":"https:\/\/grupamisyjna.misjonarze.pl\/index.php?rest_route=\/wp\/v2\/users\/2"}],"replies":[{"embeddable":true,"href":"https:\/\/grupamisyjna.misjonarze.pl\/index.php?rest_route=%2Fwp%2Fv2%2Fcomments&post=5018"}],"version-history":[{"count":1,"href":"https:\/\/grupamisyjna.misjonarze.pl\/index.php?rest_route=\/wp\/v2\/posts\/5018\/revisions"}],"predecessor-version":[{"id":5019,"href":"https:\/\/grupamisyjna.misjonarze.pl\/index.php?rest_route=\/wp\/v2\/posts\/5018\/revisions\/5019"}],"wp:featuredmedia":[{"embeddable":true,"href":"https:\/\/grupamisyjna.misjonarze.pl\/index.php?rest_route=\/wp\/v2\/media\/5016"}],"wp:attachment":[{"href":"https:\/\/grupamisyjna.misjonarze.pl\/index.php?rest_route=%2Fwp%2Fv2%2Fmedia&parent=5018"}],"wp:term":[{"taxonomy":"category","embeddable":true,"href":"https:\/\/grupamisyjna.misjonarze.pl\/index.php?rest_route=%2Fwp%2Fv2%2Fcategories&post=5018"},{"taxonomy":"post_tag","embeddable":true,"href":"https:\/\/grupamisyjna.misjonarze.pl\/index.php?rest_route=%2Fwp%2Fv2%2Ftags&post=5018"}],"curies":[{"name":"wp","href":"https:\/\/api.w.org\/{rel}","templated":true}]}}