{"id":5047,"date":"2026-03-05T17:37:30","date_gmt":"2026-03-05T16:37:30","guid":{"rendered":"https:\/\/grupamisyjna.misjonarze.pl\/?p=5047"},"modified":"2026-03-05T17:39:10","modified_gmt":"2026-03-05T16:39:10","slug":"trzemesnia-2","status":"publish","type":"post","link":"https:\/\/grupamisyjna.misjonarze.pl\/?p=5047","title":{"rendered":"TRZEME\u015aNIA"},"content":{"rendered":"<p>Cieszymy si\u0119 z dalszej wsp\u00f3\u0142pracy z Grup\u0105 Misyjn\u0105\u00a0 ks. Cezarego Kokoci\u0144skiego. Relacja ks. Czarka z rekolekcji:<\/p>\n<p><span data-olk-copy-source=\"MessageBody\">Od drugiej niedzieli Wielkiego Postu mia\u0142em przyjemno\u015b\u0107 g\u0142osi\u0107 rekolekcje dla dzieci i m\u0142odzie\u017cy oraz doros\u0142ych w Trzeme\u015bni. By\u0142 to czas wsp\u00f3lnego zatrzymania si\u0119, refleksji i odkrywania na nowo mi\u0142o\u015bci Boga. Podczas spotka\u0144, modlitwy i konferencji mogli\u015bmy zastanowi\u0107 si\u0119 nad swoim \u017cyciem, relacjami z innymi oraz nad tym, jak w codzienno\u015bci wybiera\u0107 dobro. By\u0142 to tak\u017ce czas rado\u015bci, rozm\u00f3w i budowania wsp\u00f3lnoty.<\/span><\/p>\n<p>&nbsp;<\/p>\n<p>Dzi\u0119kujemy wszystkim wiernym ks. Proboszczowi i ks. Wikaremu za czas spotkania, otwarto\u015b\u0107 serca i wsp\u00f3lne prze\u017cywanie tych dni. Mam nadziej\u0119, \u017ce rekolekcje pomog\u0142y dobrze przygotowa\u0107 si\u0119 do prze\u017cywania \u015awi\u0105t Wielkanocnych i g\u0142\u0119biej zrozumie\u0107 tajemnic\u0119 zmartwychwstania Chrystusa. Niech ten czas przyniesie obfite owoce w codziennym \u017cyciu.<\/p>\n<!-- Final Tiles Grid Gallery for WordPress v3.6.13 free --><style>#ftg-395395 .tile .icon { color:#ffffff; }#ftg-395395 .ftg-items .loading-bar i { background:#666; }#ftg-395395 .ftg-items .loading-bar { background:#fff; }#ftg-395395 .tile .icon { font-size:12px; }#ftg-395395 .tile .icon { margin: -6px 0 0 -6px; }#ftg-395395 .tile .caption-block .text-wrapper span.text { font-size:12px; }#ftg-395395 .tile .caption-outside .text-wrapper span.text { font-size:12px; }#ftg-395395 .tile .caption-block .text-wrapper span.title { font-size:14px; }#ftg-395395 .tile .caption-outside .text-wrapper span.title { font-size:14px; }#ftg-395395 .tile { background-color: transparent; }#ftg-395395 .tile .caption-block .text-wrapper span.text { color: #ffffff; }#ftg-395395 .tile .caption-block .text-wrapper span.title { color: #ffffff; }#ftg-395395 .tile .caption-outside .text-wrapper span.text { color: #ffffff; }#ftg-395395 .tile .caption-outside .text-wrapper span.title { color: #ffffff; }#ftg-395395 .tile .ftg-social a { color: #ffffff; }#ftg-395395 .tile .caption-block { transition-timing-function:linear; }#ftg-395395 .tile .caption-block { transition-duration:0.25s; }#ftg-395395 .tile .tile-inner:before { background-color: #000000; }#ftg-395395 .tile .tile-inner:before { background-color: rgba(0, 0, 0, 0.8); }<\/style><a name=\"395\"><\/a><div class=\"final-tiles-gallery  ftg-hover-enabled caption-inside  caption-none caption-middle caption-center\" id=\"ftg-395395\" style=\"width: 100%\"><div class='ftg-items'><div class='loading-bar'><i><\/i><\/div><div  class='tile ftg-preload  '><a title=\"image0\" data-lightbox='ftg-395395' rel='ftg-395395'  class=' tile-inner  ftg-lightbox' href='https:\/\/grupamisyjna.misjonarze.pl\/wp-content\/uploads\/2026\/03\/image0-768x1024.jpeg' ><img alt='image0' class='item skip-lazy' data-class='item' data-ftg-source='https:\/\/grupamisyjna.misjonarze.pl\/wp-content\/uploads\/2026\/03\/image0-768x1024.jpeg' src='https:\/\/grupamisyjna.misjonarze.pl\/wp-content\/uploads\/2026\/03\/image0-768x1024.jpeg' width='768' height='1024' \/><span class='icon fa fa-zoom'><\/span><div class='caption-block'><div class='text-wrapper'><span class='title'>image0<\/span><\/div><\/div><\/a><div class='ftg-social'><\/div><\/div><div  class='tile ftg-preload  '><a title=\"image1\" data-lightbox='ftg-395395' rel='ftg-395395'  class=' tile-inner  ftg-lightbox' href='https:\/\/grupamisyjna.misjonarze.pl\/wp-content\/uploads\/2026\/03\/image1-768x1024.jpeg' ><img alt='image1' class='item skip-lazy' data-class='item' data-ftg-source='https:\/\/grupamisyjna.misjonarze.pl\/wp-content\/uploads\/2026\/03\/image1-768x1024.jpeg' src='https:\/\/grupamisyjna.misjonarze.pl\/wp-content\/uploads\/2026\/03\/image1-768x1024.jpeg' width='768' height='1024' \/><span class='icon fa fa-zoom'><\/span><div class='caption-block'><div class='text-wrapper'><span class='title'>image1<\/span><\/div><\/div><\/a><div class='ftg-social'><\/div><\/div><div  class='tile ftg-preload  '><a title=\"image2\" data-lightbox='ftg-395395' rel='ftg-395395'  class=' tile-inner  ftg-lightbox' href='https:\/\/grupamisyjna.misjonarze.pl\/wp-content\/uploads\/2026\/03\/image2-1024x768.jpeg' ><img alt='image2' class='item skip-lazy' data-class='item' data-ftg-source='https:\/\/grupamisyjna.misjonarze.pl\/wp-content\/uploads\/2026\/03\/image2-1024x768.jpeg' src='https:\/\/grupamisyjna.misjonarze.pl\/wp-content\/uploads\/2026\/03\/image2-1024x768.jpeg' width='1024' height='768' \/><span class='icon fa fa-zoom'><\/span><div class='caption-block'><div class='text-wrapper'><span class='title'>image2<\/span><\/div><\/div><\/a><div class='ftg-social'><\/div><\/div><div  class='tile ftg-preload  '><a title=\"image3\" data-lightbox='ftg-395395' rel='ftg-395395'  class=' tile-inner  ftg-lightbox' href='https:\/\/grupamisyjna.misjonarze.pl\/wp-content\/uploads\/2026\/03\/image3-768x1024.jpeg' ><img alt='image3' class='item skip-lazy' data-class='item' data-ftg-source='https:\/\/grupamisyjna.misjonarze.pl\/wp-content\/uploads\/2026\/03\/image3-768x1024.jpeg' src='https:\/\/grupamisyjna.misjonarze.pl\/wp-content\/uploads\/2026\/03\/image3-768x1024.jpeg' width='768' height='1024' \/><span class='icon fa fa-zoom'><\/span><div class='caption-block'><div class='text-wrapper'><span class='title'>image3<\/span><\/div><\/div><\/a><div class='ftg-social'><\/div><\/div><div  class='tile ftg-preload  '><a title=\"image5\" data-lightbox='ftg-395395' rel='ftg-395395'  class=' tile-inner  ftg-lightbox' href='https:\/\/grupamisyjna.misjonarze.pl\/wp-content\/uploads\/2026\/03\/image5-768x1024.jpeg' ><img alt='image5' class='item skip-lazy' data-class='item' data-ftg-source='https:\/\/grupamisyjna.misjonarze.pl\/wp-content\/uploads\/2026\/03\/image5-768x1024.jpeg' src='https:\/\/grupamisyjna.misjonarze.pl\/wp-content\/uploads\/2026\/03\/image5-768x1024.jpeg' width='768' height='1024' \/><span class='icon fa fa-zoom'><\/span><div class='caption-block'><div class='text-wrapper'><span class='title'>image5<\/span><\/div><\/div><\/a><div class='ftg-social'><\/div><\/div><\/div><\/div>\n","protected":false},"excerpt":{"rendered":"<p>Cieszymy si\u0119 z dalszej wsp\u00f3\u0142pracy z Grup\u0105 Misyjn\u0105\u00a0 ks. Cezarego Kokoci\u0144skiego. Relacja ks. Czarka z rekolekcji:&hellip;<\/p>\n","protected":false},"author":2,"featured_media":5042,"comment_status":"open","ping_status":"open","sticky":false,"template":"","format":"standard","meta":{"footnotes":""},"categories":[1],"tags":[],"class_list":["post-5047","post","type-post","status-publish","format-standard","has-post-thumbnail","hentry","category-bez-kategorii"],"_links":{"self":[{"href":"https:\/\/grupamisyjna.misjonarze.pl\/index.php?rest_route=\/wp\/v2\/posts\/5047","targetHints":{"allow":["GET"]}}],"collection":[{"href":"https:\/\/grupamisyjna.misjonarze.pl\/index.php?rest_route=\/wp\/v2\/posts"}],"about":[{"href":"https:\/\/grupamisyjna.misjonarze.pl\/index.php?rest_route=\/wp\/v2\/types\/post"}],"author":[{"embeddable":true,"href":"https:\/\/grupamisyjna.misjonarze.pl\/index.php?rest_route=\/wp\/v2\/users\/2"}],"replies":[{"embeddable":true,"href":"https:\/\/grupamisyjna.misjonarze.pl\/index.php?rest_route=%2Fwp%2Fv2%2Fcomments&post=5047"}],"version-history":[{"count":1,"href":"https:\/\/grupamisyjna.misjonarze.pl\/index.php?rest_route=\/wp\/v2\/posts\/5047\/revisions"}],"predecessor-version":[{"id":5048,"href":"https:\/\/grupamisyjna.misjonarze.pl\/index.php?rest_route=\/wp\/v2\/posts\/5047\/revisions\/5048"}],"wp:featuredmedia":[{"embeddable":true,"href":"https:\/\/grupamisyjna.misjonarze.pl\/index.php?rest_route=\/wp\/v2\/media\/5042"}],"wp:attachment":[{"href":"https:\/\/grupamisyjna.misjonarze.pl\/index.php?rest_route=%2Fwp%2Fv2%2Fmedia&parent=5047"}],"wp:term":[{"taxonomy":"category","embeddable":true,"href":"https:\/\/grupamisyjna.misjonarze.pl\/index.php?rest_route=%2Fwp%2Fv2%2Fcategories&post=5047"},{"taxonomy":"post_tag","embeddable":true,"href":"https:\/\/grupamisyjna.misjonarze.pl\/index.php?rest_route=%2Fwp%2Fv2%2Ftags&post=5047"}],"curies":[{"name":"wp","href":"https:\/\/api.w.org\/{rel}","templated":true}]}}