{"id":5080,"date":"2026-03-06T12:13:38","date_gmt":"2026-03-06T11:13:38","guid":{"rendered":"https:\/\/grupamisyjna.misjonarze.pl\/?p=5080"},"modified":"2026-03-06T12:17:06","modified_gmt":"2026-03-06T11:17:06","slug":"gasawa-4","status":"publish","type":"post","link":"https:\/\/grupamisyjna.misjonarze.pl\/?p=5080","title":{"rendered":"G\u0104SAWA"},"content":{"rendered":"<p>&nbsp;<\/p>\n<p>Jednym ze wspomagaj\u0105cych w g\u0142oszeniu rekolekcji w ramach Grupy Misyjnej jest ks. \u0141ukasz Olszewski. Przeprowadzi\u0142 on rekolekcje wielkopostne w G\u0105sawie (diec. gnie\u017anie\u0144ska).<\/p>\n<p>W dniach od 1 do 4 marca prowadzi\u0142em rekolekcje w parafii \u015bw. Miko\u0142aja w G\u0105sawie. Wsp\u00f3lnota parafialna sk\u0142ada si\u0119 z mieszka\u0144c\u00f3w miasteczka i pobliskich wiosek. G\u0142osi\u0142em nauki dla doros\u0142ych oraz uczni\u00f3w szko\u0142y podstawowej i pobliskiego Technikum Rolniczego. Zar\u00f3wno m\u0142odsi i starsi sali \u015bwiadectwo wiary, t\u0142umnie i pobo\u017cnie uczestnicz\u0105c w rekolekcjach. Ksi\u0105dz Proboszcz przyj\u0105\u0142 mnie bardzo \u017cyczliwie.<\/p>\n<div dir=\"auto\">Ja. \u0141ukasz Olszewski.<\/div>\n<p>&nbsp;<\/p>\n<!-- Final Tiles Grid Gallery for WordPress v3.6.13 free --><style>#ftg-398398 .tile .icon { color:#ffffff; }#ftg-398398 .ftg-items .loading-bar i { background:#666; }#ftg-398398 .ftg-items .loading-bar { background:#fff; }#ftg-398398 .tile .icon { font-size:12px; }#ftg-398398 .tile .icon { margin: -6px 0 0 -6px; }#ftg-398398 .tile .caption-block .text-wrapper span.text { font-size:12px; }#ftg-398398 .tile .caption-outside .text-wrapper span.text { font-size:12px; }#ftg-398398 .tile .caption-block .text-wrapper span.title { font-size:14px; }#ftg-398398 .tile .caption-outside .text-wrapper span.title { font-size:14px; }#ftg-398398 .tile { background-color: transparent; }#ftg-398398 .tile .caption-block .text-wrapper span.text { color: #ffffff; }#ftg-398398 .tile .caption-block .text-wrapper span.title { color: #ffffff; }#ftg-398398 .tile .caption-outside .text-wrapper span.text { color: #ffffff; }#ftg-398398 .tile .caption-outside .text-wrapper span.title { color: #ffffff; }#ftg-398398 .tile .ftg-social a { color: #ffffff; }#ftg-398398 .tile .caption-block { transition-timing-function:linear; }#ftg-398398 .tile .caption-block { transition-duration:0.25s; }#ftg-398398 .tile .tile-inner:before { background-color: #000000; }#ftg-398398 .tile .tile-inner:before { background-color: rgba(0, 0, 0, 0.8); }<\/style><a name=\"398\"><\/a><div class=\"final-tiles-gallery  ftg-hover-enabled caption-inside  caption-none caption-middle caption-center\" id=\"ftg-398398\" style=\"width: 100%\"><div class='ftg-items'><div class='loading-bar'><i><\/i><\/div><div  class='tile ftg-preload  '><a title=\"IMG-20260305-WA0002\" data-lightbox='ftg-398398' rel='ftg-398398'  class=' tile-inner  ftg-lightbox' href='https:\/\/grupamisyjna.misjonarze.pl\/wp-content\/uploads\/2026\/03\/IMG-20260305-WA0002-768x1024.jpg' ><img alt='IMG-20260305-WA0002' class='item skip-lazy' data-class='item' data-ftg-source='https:\/\/grupamisyjna.misjonarze.pl\/wp-content\/uploads\/2026\/03\/IMG-20260305-WA0002-768x1024.jpg' src='https:\/\/grupamisyjna.misjonarze.pl\/wp-content\/uploads\/2026\/03\/IMG-20260305-WA0002-768x1024.jpg' width='768' height='1024' \/><span class='icon fa fa-zoom'><\/span><div class='caption-block'><div class='text-wrapper'><span class='title'>IMG-20260305-WA0002<\/span><\/div><\/div><\/a><div class='ftg-social'><\/div><\/div><div  class='tile ftg-preload  '><a title=\"IMG-20260305-WA0003\" data-lightbox='ftg-398398' rel='ftg-398398'  class=' tile-inner  ftg-lightbox' href='https:\/\/grupamisyjna.misjonarze.pl\/wp-content\/uploads\/2026\/03\/IMG-20260305-WA0003-1024x768.jpg' ><img alt='IMG-20260305-WA0003' class='item skip-lazy' data-class='item' data-ftg-source='https:\/\/grupamisyjna.misjonarze.pl\/wp-content\/uploads\/2026\/03\/IMG-20260305-WA0003-1024x768.jpg' src='https:\/\/grupamisyjna.misjonarze.pl\/wp-content\/uploads\/2026\/03\/IMG-20260305-WA0003-1024x768.jpg' width='1024' height='768' \/><span class='icon fa fa-zoom'><\/span><div class='caption-block'><div class='text-wrapper'><span class='title'>IMG-20260305-WA0003<\/span><\/div><\/div><\/a><div class='ftg-social'><\/div><\/div><div  class='tile ftg-preload  '><a title=\"IMG-20260305-WA0004\" data-lightbox='ftg-398398' rel='ftg-398398'  class=' tile-inner  ftg-lightbox' href='https:\/\/grupamisyjna.misjonarze.pl\/wp-content\/uploads\/2026\/03\/IMG-20260305-WA0004-768x1024.jpg' ><img alt='IMG-20260305-WA0004' class='item skip-lazy' data-class='item' data-ftg-source='https:\/\/grupamisyjna.misjonarze.pl\/wp-content\/uploads\/2026\/03\/IMG-20260305-WA0004-768x1024.jpg' src='https:\/\/grupamisyjna.misjonarze.pl\/wp-content\/uploads\/2026\/03\/IMG-20260305-WA0004-768x1024.jpg' width='768' height='1024' \/><span class='icon fa fa-zoom'><\/span><div class='caption-block'><div class='text-wrapper'><span class='title'>IMG-20260305-WA0004<\/span><\/div><\/div><\/a><div class='ftg-social'><\/div><\/div><div  class='tile ftg-preload  '><a title=\"IMG-20260305-WA0006\" data-lightbox='ftg-398398' rel='ftg-398398'  class=' tile-inner  ftg-lightbox' href='https:\/\/grupamisyjna.misjonarze.pl\/wp-content\/uploads\/2026\/03\/IMG-20260305-WA0006-1024x768.jpg' ><img alt='IMG-20260305-WA0006' class='item skip-lazy' data-class='item' data-ftg-source='https:\/\/grupamisyjna.misjonarze.pl\/wp-content\/uploads\/2026\/03\/IMG-20260305-WA0006-1024x768.jpg' src='https:\/\/grupamisyjna.misjonarze.pl\/wp-content\/uploads\/2026\/03\/IMG-20260305-WA0006-1024x768.jpg' width='1024' height='768' \/><span class='icon fa fa-zoom'><\/span><div class='caption-block'><div class='text-wrapper'><span class='title'>IMG-20260305-WA0006<\/span><\/div><\/div><\/a><div class='ftg-social'><\/div><\/div><div  class='tile ftg-preload  '><a title=\"IMG-20260305-WA0007\" data-lightbox='ftg-398398' rel='ftg-398398'  class=' tile-inner  ftg-lightbox' href='https:\/\/grupamisyjna.misjonarze.pl\/wp-content\/uploads\/2026\/03\/IMG-20260305-WA0007-1024x768.jpg' ><img alt='IMG-20260305-WA0007' class='item skip-lazy' data-class='item' data-ftg-source='https:\/\/grupamisyjna.misjonarze.pl\/wp-content\/uploads\/2026\/03\/IMG-20260305-WA0007-1024x768.jpg' src='https:\/\/grupamisyjna.misjonarze.pl\/wp-content\/uploads\/2026\/03\/IMG-20260305-WA0007-1024x768.jpg' width='1024' height='768' \/><span class='icon fa fa-zoom'><\/span><div class='caption-block'><div class='text-wrapper'><span class='title'>IMG-20260305-WA0007<\/span><\/div><\/div><\/a><div class='ftg-social'><\/div><\/div><div  class='tile ftg-preload  '><a title=\"IMG-20260305-WA0008\" data-lightbox='ftg-398398' rel='ftg-398398'  class=' tile-inner  ftg-lightbox' href='https:\/\/grupamisyjna.misjonarze.pl\/wp-content\/uploads\/2026\/03\/IMG-20260305-WA0008-768x1024.jpg' ><img alt='IMG-20260305-WA0008' class='item skip-lazy' data-class='item' data-ftg-source='https:\/\/grupamisyjna.misjonarze.pl\/wp-content\/uploads\/2026\/03\/IMG-20260305-WA0008-768x1024.jpg' src='https:\/\/grupamisyjna.misjonarze.pl\/wp-content\/uploads\/2026\/03\/IMG-20260305-WA0008-768x1024.jpg' width='768' height='1024' \/><span class='icon fa fa-zoom'><\/span><div class='caption-block'><div class='text-wrapper'><span class='title'>IMG-20260305-WA0008<\/span><\/div><\/div><\/a><div class='ftg-social'><\/div><\/div><div  class='tile ftg-preload  '><a title=\"IMG-20260305-WA0010\" data-lightbox='ftg-398398' rel='ftg-398398'  class=' tile-inner  ftg-lightbox' href='https:\/\/grupamisyjna.misjonarze.pl\/wp-content\/uploads\/2026\/03\/IMG-20260305-WA0010-768x1024.jpg' ><img alt='IMG-20260305-WA0010' class='item skip-lazy' data-class='item' data-ftg-source='https:\/\/grupamisyjna.misjonarze.pl\/wp-content\/uploads\/2026\/03\/IMG-20260305-WA0010-768x1024.jpg' src='https:\/\/grupamisyjna.misjonarze.pl\/wp-content\/uploads\/2026\/03\/IMG-20260305-WA0010-768x1024.jpg' width='768' height='1024' \/><span class='icon fa fa-zoom'><\/span><div class='caption-block'><div class='text-wrapper'><span class='title'>IMG-20260305-WA0010<\/span><\/div><\/div><\/a><div class='ftg-social'><\/div><\/div><\/div><\/div>\n","protected":false},"excerpt":{"rendered":"<p>&nbsp; Jednym ze wspomagaj\u0105cych w g\u0142oszeniu rekolekcji w ramach Grupy Misyjnej jest ks. \u0141ukasz Olszewski. Przeprowadzi\u0142&hellip;<\/p>\n","protected":false},"author":2,"featured_media":5076,"comment_status":"open","ping_status":"open","sticky":false,"template":"","format":"standard","meta":{"footnotes":""},"categories":[1],"tags":[],"class_list":["post-5080","post","type-post","status-publish","format-standard","has-post-thumbnail","hentry","category-bez-kategorii"],"_links":{"self":[{"href":"https:\/\/grupamisyjna.misjonarze.pl\/index.php?rest_route=\/wp\/v2\/posts\/5080","targetHints":{"allow":["GET"]}}],"collection":[{"href":"https:\/\/grupamisyjna.misjonarze.pl\/index.php?rest_route=\/wp\/v2\/posts"}],"about":[{"href":"https:\/\/grupamisyjna.misjonarze.pl\/index.php?rest_route=\/wp\/v2\/types\/post"}],"author":[{"embeddable":true,"href":"https:\/\/grupamisyjna.misjonarze.pl\/index.php?rest_route=\/wp\/v2\/users\/2"}],"replies":[{"embeddable":true,"href":"https:\/\/grupamisyjna.misjonarze.pl\/index.php?rest_route=%2Fwp%2Fv2%2Fcomments&post=5080"}],"version-history":[{"count":1,"href":"https:\/\/grupamisyjna.misjonarze.pl\/index.php?rest_route=\/wp\/v2\/posts\/5080\/revisions"}],"predecessor-version":[{"id":5081,"href":"https:\/\/grupamisyjna.misjonarze.pl\/index.php?rest_route=\/wp\/v2\/posts\/5080\/revisions\/5081"}],"wp:featuredmedia":[{"embeddable":true,"href":"https:\/\/grupamisyjna.misjonarze.pl\/index.php?rest_route=\/wp\/v2\/media\/5076"}],"wp:attachment":[{"href":"https:\/\/grupamisyjna.misjonarze.pl\/index.php?rest_route=%2Fwp%2Fv2%2Fmedia&parent=5080"}],"wp:term":[{"taxonomy":"category","embeddable":true,"href":"https:\/\/grupamisyjna.misjonarze.pl\/index.php?rest_route=%2Fwp%2Fv2%2Fcategories&post=5080"},{"taxonomy":"post_tag","embeddable":true,"href":"https:\/\/grupamisyjna.misjonarze.pl\/index.php?rest_route=%2Fwp%2Fv2%2Ftags&post=5080"}],"curies":[{"name":"wp","href":"https:\/\/api.w.org\/{rel}","templated":true}]}}