{"id":5094,"date":"2026-03-08T07:23:34","date_gmt":"2026-03-08T06:23:34","guid":{"rendered":"https:\/\/grupamisyjna.misjonarze.pl\/?p=5094"},"modified":"2026-03-08T07:23:57","modified_gmt":"2026-03-08T06:23:57","slug":"ostroleka-2","status":"publish","type":"post","link":"https:\/\/grupamisyjna.misjonarze.pl\/?p=5094","title":{"rendered":"OSTRO\u0141\u0118KA"},"content":{"rendered":"<p>W pos\u0142ug\u0119 Grupy Misyjnej w\u0142\u0105czy\u0142 si\u0119 ks. Jerzy Basaj.<\/p>\n<p>Rekolekcje wielkopostne w parafii p. w. \u015aw. Wojciecha w Ostro\u0142\u0119ce Wojciechowicach.<\/p>\n<p>&nbsp;<\/p>\n<p><strong>\u201eMi\u0142osierdzie jest darem, jakie B\u00f3g z\u0142o\u017cy\u0142 w duszy cz\u0142owieka\u201d<\/strong><\/p>\n<p>&nbsp;<\/p>\n<p>W dniach 01.03 \u2013 04.03 2026 r. Doro\u015bli Parafianie uczestniczyli w\u00a0 Rekolekcjach\u00a0 Wielkopostnych na terenie parafii p. w. \u015bw. Wojciecha. Prowadzi\u0142 je ksi\u0105dz ze Zgromadzenia Ksi\u0119\u017cy Misjonarzy Jerzy Basaj CM. \u00a0\u00a0\u00a0\u00a0\u00a0\u00a0\u00a0\u00a0 Rozwa\u017cania by\u0142y codziennie inne, wyg\u0142aszane by\u0142y podczas sprawowania codziennej Eucharystii.<\/p>\n<p><em>Niedziela<\/em> \u2013 <em>\u201eTak bowiem B\u00f3g umi\u0142owa\u0142 \u015bwiat, \u017ce Syna swego Jednorodzonego da\u0142, aby ka\u017cdy, kto w Niego wierzy, nie zgin\u0105\u0142, ale mia\u0142 \u017cycie wieczne\u201d<\/em>. (J 3,16).<\/p>\n<p>W kontek\u015bcie tych Bo\u017cych s\u0142\u00f3w ka\u017cdy b\u0119dzie m\u00f3g\u0142 do\u015bwiadczy\u0107 mi\u0142o\u015bci i mi\u0142osierdzia Boga, kt\u00f3ry PRZEBACZA, POCIESZA I DAJE NADZIEJ\u0118. Te s\u0142owa wyznaczy\u0142y tematy kolejnych dni rekolekcji wielkopostnych.<\/p>\n<p><em>Poniedzia\u0142ek<\/em> \u2013 Pierwszym znakiem Bo\u017cego Mi\u0142osierdzia, Jego objawiania, jaki poruszy\u0142em w drugim dniu rekolekcji, by\u0142o <strong>przebaczenie<\/strong>: tajemnica Boga, kt\u00f3ry przebacza.<\/p>\n<p><em>Wtorek \u2013 <\/em>Drugim znakiem Bo\u017cego Mi\u0142osierdzia, Jego objawiania, jaki\u00a0 rozwa\u017cy\u0142em w trzecim\u00a0 dniu rekolekcji, to <strong>pocieszenie<\/strong>: tajemnica Boga, kt\u00f3ry pociesza.<\/p>\n<p><em>\u015aroda \u2013 <\/em>Trzecim i ostatnim znakiem Bo\u017cego Mi\u0142osierdzia, Jego objawiania, nad kt\u00f3rym si\u0119 pochyli\u0142em, w czwartym i ostatnim dniu\u00a0 rekolekcji, by\u0142a <strong>nadzieja:<\/strong> tajemnica Boga, kt\u00f3ry daje nam nadziej\u0119, wlewa j\u0105 w nasze serca.<\/p>\n<p>Sakrament Pokuty by\u0142 ka\u017cdego dzie\u0144 rekolekcji.<\/p>\n<p>&nbsp;<\/p>\n<p>Ks. Jerzy Basaj<\/p>\n<p>&nbsp;<\/p>\n<!-- Final Tiles Grid Gallery for WordPress v3.6.13 free --><style>#ftg-400400 .tile .icon { color:#ffffff; }#ftg-400400 .ftg-items .loading-bar i { background:#666; }#ftg-400400 .ftg-items .loading-bar { background:#fff; }#ftg-400400 .tile .icon { font-size:12px; }#ftg-400400 .tile .icon { margin: -6px 0 0 -6px; }#ftg-400400 .tile .caption-block .text-wrapper span.text { font-size:12px; }#ftg-400400 .tile .caption-outside .text-wrapper span.text { font-size:12px; }#ftg-400400 .tile .caption-block .text-wrapper span.title { font-size:14px; }#ftg-400400 .tile .caption-outside .text-wrapper span.title { font-size:14px; }#ftg-400400 .tile { background-color: transparent; }#ftg-400400 .tile .caption-block .text-wrapper span.text { color: #ffffff; }#ftg-400400 .tile .caption-block .text-wrapper span.title { color: #ffffff; }#ftg-400400 .tile .caption-outside .text-wrapper span.text { color: #ffffff; }#ftg-400400 .tile .caption-outside .text-wrapper span.title { color: #ffffff; }#ftg-400400 .tile .ftg-social a { color: #ffffff; }#ftg-400400 .tile .caption-block { transition-timing-function:linear; }#ftg-400400 .tile .caption-block { transition-duration:0.25s; }#ftg-400400 .tile .tile-inner:before { background-color: #000000; }#ftg-400400 .tile .tile-inner:before { background-color: rgba(0, 0, 0, 0.8); }<\/style><a name=\"400\"><\/a><div class=\"final-tiles-gallery  ftg-hover-enabled caption-inside  caption-none caption-middle caption-center\" id=\"ftg-400400\" style=\"width: 100%\"><div class='ftg-items'><div class='loading-bar'><i><\/i><\/div><div  class='tile ftg-preload  '><a title=\"IMG-20260307-WA0003\" data-lightbox='ftg-400400' rel='ftg-400400'  class=' tile-inner  ftg-lightbox' href='https:\/\/grupamisyjna.misjonarze.pl\/wp-content\/uploads\/2026\/03\/IMG-20260307-WA0003-1-477x1024.jpg' ><img alt='IMG-20260307-WA0003' class='item skip-lazy' data-class='item' data-ftg-source='https:\/\/grupamisyjna.misjonarze.pl\/wp-content\/uploads\/2026\/03\/IMG-20260307-WA0003-1-477x1024.jpg' src='https:\/\/grupamisyjna.misjonarze.pl\/wp-content\/uploads\/2026\/03\/IMG-20260307-WA0003-1-477x1024.jpg' width='477' height='1024' \/><span class='icon fa fa-zoom'><\/span><div class='caption-block'><div class='text-wrapper'><span class='title'>IMG-20260307-WA0003<\/span><\/div><\/div><\/a><div class='ftg-social'><\/div><\/div><div  class='tile ftg-preload  '><a title=\"IMG-20260307-WA0004\" data-lightbox='ftg-400400' rel='ftg-400400'  class=' tile-inner  ftg-lightbox' href='https:\/\/grupamisyjna.misjonarze.pl\/wp-content\/uploads\/2026\/03\/IMG-20260307-WA0004-1-465x1024.jpg' ><img alt='IMG-20260307-WA0004' class='item skip-lazy' data-class='item' data-ftg-source='https:\/\/grupamisyjna.misjonarze.pl\/wp-content\/uploads\/2026\/03\/IMG-20260307-WA0004-1-465x1024.jpg' src='https:\/\/grupamisyjna.misjonarze.pl\/wp-content\/uploads\/2026\/03\/IMG-20260307-WA0004-1-465x1024.jpg' width='465' height='1024' \/><span class='icon fa fa-zoom'><\/span><div class='caption-block'><div class='text-wrapper'><span class='title'>IMG-20260307-WA0004<\/span><\/div><\/div><\/a><div class='ftg-social'><\/div><\/div><div  class='tile ftg-preload  '><a title=\"IMG-20260307-WA0005\" data-lightbox='ftg-400400' rel='ftg-400400'  class=' tile-inner  ftg-lightbox' href='https:\/\/grupamisyjna.misjonarze.pl\/wp-content\/uploads\/2026\/03\/IMG-20260307-WA0005-1-478x1024.jpg' ><img alt='IMG-20260307-WA0005' class='item skip-lazy' data-class='item' data-ftg-source='https:\/\/grupamisyjna.misjonarze.pl\/wp-content\/uploads\/2026\/03\/IMG-20260307-WA0005-1-478x1024.jpg' src='https:\/\/grupamisyjna.misjonarze.pl\/wp-content\/uploads\/2026\/03\/IMG-20260307-WA0005-1-478x1024.jpg' width='478' height='1024' \/><span class='icon fa fa-zoom'><\/span><div class='caption-block'><div class='text-wrapper'><span class='title'>IMG-20260307-WA0005<\/span><\/div><\/div><\/a><div class='ftg-social'><\/div><\/div><div  class='tile ftg-preload  '><a title=\"IMG-20260307-WA0006\" data-lightbox='ftg-400400' rel='ftg-400400'  class=' tile-inner  ftg-lightbox' href='https:\/\/grupamisyjna.misjonarze.pl\/wp-content\/uploads\/2026\/03\/IMG-20260307-WA0006-1-1024x478.jpg' ><img alt='IMG-20260307-WA0006' class='item skip-lazy' data-class='item' data-ftg-source='https:\/\/grupamisyjna.misjonarze.pl\/wp-content\/uploads\/2026\/03\/IMG-20260307-WA0006-1-1024x478.jpg' src='https:\/\/grupamisyjna.misjonarze.pl\/wp-content\/uploads\/2026\/03\/IMG-20260307-WA0006-1-1024x478.jpg' width='1024' height='478' \/><span class='icon fa fa-zoom'><\/span><div class='caption-block'><div class='text-wrapper'><span class='title'>IMG-20260307-WA0006<\/span><\/div><\/div><\/a><div class='ftg-social'><\/div><\/div><\/div><\/div>\n","protected":false},"excerpt":{"rendered":"<p>W pos\u0142ug\u0119 Grupy Misyjnej w\u0142\u0105czy\u0142 si\u0119 ks. Jerzy Basaj. Rekolekcje wielkopostne w parafii p. w. \u015aw.&hellip;<\/p>\n","protected":false},"author":2,"featured_media":5085,"comment_status":"open","ping_status":"open","sticky":false,"template":"","format":"standard","meta":{"footnotes":""},"categories":[1],"tags":[],"class_list":["post-5094","post","type-post","status-publish","format-standard","has-post-thumbnail","hentry","category-bez-kategorii"],"_links":{"self":[{"href":"https:\/\/grupamisyjna.misjonarze.pl\/index.php?rest_route=\/wp\/v2\/posts\/5094","targetHints":{"allow":["GET"]}}],"collection":[{"href":"https:\/\/grupamisyjna.misjonarze.pl\/index.php?rest_route=\/wp\/v2\/posts"}],"about":[{"href":"https:\/\/grupamisyjna.misjonarze.pl\/index.php?rest_route=\/wp\/v2\/types\/post"}],"author":[{"embeddable":true,"href":"https:\/\/grupamisyjna.misjonarze.pl\/index.php?rest_route=\/wp\/v2\/users\/2"}],"replies":[{"embeddable":true,"href":"https:\/\/grupamisyjna.misjonarze.pl\/index.php?rest_route=%2Fwp%2Fv2%2Fcomments&post=5094"}],"version-history":[{"count":1,"href":"https:\/\/grupamisyjna.misjonarze.pl\/index.php?rest_route=\/wp\/v2\/posts\/5094\/revisions"}],"predecessor-version":[{"id":5095,"href":"https:\/\/grupamisyjna.misjonarze.pl\/index.php?rest_route=\/wp\/v2\/posts\/5094\/revisions\/5095"}],"wp:featuredmedia":[{"embeddable":true,"href":"https:\/\/grupamisyjna.misjonarze.pl\/index.php?rest_route=\/wp\/v2\/media\/5085"}],"wp:attachment":[{"href":"https:\/\/grupamisyjna.misjonarze.pl\/index.php?rest_route=%2Fwp%2Fv2%2Fmedia&parent=5094"}],"wp:term":[{"taxonomy":"category","embeddable":true,"href":"https:\/\/grupamisyjna.misjonarze.pl\/index.php?rest_route=%2Fwp%2Fv2%2Fcategories&post=5094"},{"taxonomy":"post_tag","embeddable":true,"href":"https:\/\/grupamisyjna.misjonarze.pl\/index.php?rest_route=%2Fwp%2Fv2%2Ftags&post=5094"}],"curies":[{"name":"wp","href":"https:\/\/api.w.org\/{rel}","templated":true}]}}