{"id":5100,"date":"2026-03-08T17:25:19","date_gmt":"2026-03-08T16:25:19","guid":{"rendered":"https:\/\/grupamisyjna.misjonarze.pl\/?p=5100"},"modified":"2026-03-08T17:25:37","modified_gmt":"2026-03-08T16:25:37","slug":"stroze","status":"publish","type":"post","link":"https:\/\/grupamisyjna.misjonarze.pl\/?p=5100","title":{"rendered":"STR\u00d3\u017bE"},"content":{"rendered":"<p>&nbsp;<\/p>\n<p><span data-olk-copy-source=\"MessageBody\">W dniach 28.02-04.03 prze\u017cywali\u015bmy rekolekcje wielkopostne w parafii p.w. NMP Kr\u00f3lowej Polski w Str\u00f3\u017cach. W niedziel\u0119 modlili\u015bmy si\u0119 i rozwa\u017cali\u015bmy S\u0142owo na Mszach \u015bw. i Gorzkich \u017balach w naukach dla doros\u0142ych, a w tygodniu &#8211; od poniedzia\u0142ku do \u015brody opr\u00f3cz Mszy z naukami dla doros\u0142ych rano i wieczorem, by\u0142y jeszcze Msze \u015bw. dla dzieci ze szko\u0142y podstawowej przed po\u0142udniem. Spotkania by\u0142y niezwykle \u017cyczliwe &#8211; \u015bwietnie zorganizowana s\u0142u\u017cba liturgiczna, pomoc szafarzy, a na mszach dla dzieci towarzyszy\u0142a mam schola. Dzieci i m\u0142odzie\u017c otwarte i zaanga\u017cowane. Chwa\u0142a Panu za te spotkania &#8211; mam nadziej\u0119, \u017ce wydadz\u0105 dobre owoce. Ks. Andrzej Giero\u0144 CM<\/span><\/p>\n<!-- Final Tiles Grid Gallery for WordPress v3.6.13 free --><style>#ftg-401401 .tile .icon { color:#ffffff; }#ftg-401401 .ftg-items .loading-bar i { background:#666; }#ftg-401401 .ftg-items .loading-bar { background:#fff; }#ftg-401401 .tile .icon { font-size:12px; }#ftg-401401 .tile .icon { margin: -6px 0 0 -6px; }#ftg-401401 .tile .caption-block .text-wrapper span.text { font-size:12px; }#ftg-401401 .tile .caption-outside .text-wrapper span.text { font-size:12px; }#ftg-401401 .tile .caption-block .text-wrapper span.title { font-size:14px; }#ftg-401401 .tile .caption-outside .text-wrapper span.title { font-size:14px; }#ftg-401401 .tile { background-color: transparent; }#ftg-401401 .tile .caption-block .text-wrapper span.text { color: #ffffff; }#ftg-401401 .tile .caption-block .text-wrapper span.title { color: #ffffff; }#ftg-401401 .tile .caption-outside .text-wrapper span.text { color: #ffffff; }#ftg-401401 .tile .caption-outside .text-wrapper span.title { color: #ffffff; }#ftg-401401 .tile .ftg-social a { color: #ffffff; }#ftg-401401 .tile .caption-block { transition-timing-function:linear; }#ftg-401401 .tile .caption-block { transition-duration:0.25s; }#ftg-401401 .tile .tile-inner:before { background-color: #000000; }#ftg-401401 .tile .tile-inner:before { background-color: rgba(0, 0, 0, 0.8); }<\/style><a name=\"401\"><\/a><div class=\"final-tiles-gallery  ftg-hover-enabled caption-inside  caption-none caption-middle caption-center\" id=\"ftg-401401\" style=\"width: 100%\"><div class='ftg-items'><div class='loading-bar'><i><\/i><\/div><div  class='tile ftg-preload  '><a title=\"1000020915\" data-lightbox='ftg-401401' rel='ftg-401401'  class=' tile-inner  ftg-lightbox' href='https:\/\/grupamisyjna.misjonarze.pl\/wp-content\/uploads\/2026\/03\/1000020915-1024x768.jpg' ><img alt='1000020915' class='item skip-lazy' data-class='item' data-ftg-source='https:\/\/grupamisyjna.misjonarze.pl\/wp-content\/uploads\/2026\/03\/1000020915-1024x768.jpg' src='https:\/\/grupamisyjna.misjonarze.pl\/wp-content\/uploads\/2026\/03\/1000020915-1024x768.jpg' width='1024' height='768' \/><span class='icon fa fa-zoom'><\/span><div class='caption-block'><div class='text-wrapper'><span class='title'>1000020915<\/span><\/div><\/div><\/a><div class='ftg-social'><\/div><\/div><div  class='tile ftg-preload  '><a title=\"1000020917\" data-lightbox='ftg-401401' rel='ftg-401401'  class=' tile-inner  ftg-lightbox' href='https:\/\/grupamisyjna.misjonarze.pl\/wp-content\/uploads\/2026\/03\/1000020917-1024x768.jpg' ><img alt='1000020917' class='item skip-lazy' data-class='item' data-ftg-source='https:\/\/grupamisyjna.misjonarze.pl\/wp-content\/uploads\/2026\/03\/1000020917-1024x768.jpg' src='https:\/\/grupamisyjna.misjonarze.pl\/wp-content\/uploads\/2026\/03\/1000020917-1024x768.jpg' width='1024' height='768' \/><span class='icon fa fa-zoom'><\/span><div class='caption-block'><div class='text-wrapper'><span class='title'>1000020917<\/span><\/div><\/div><\/a><div class='ftg-social'><\/div><\/div><div  class='tile ftg-preload  '><a title=\"1000020919\" data-lightbox='ftg-401401' rel='ftg-401401'  class=' tile-inner  ftg-lightbox' href='https:\/\/grupamisyjna.misjonarze.pl\/wp-content\/uploads\/2026\/03\/1000020919-1024x768.jpg' ><img alt='1000020919' class='item skip-lazy' data-class='item' data-ftg-source='https:\/\/grupamisyjna.misjonarze.pl\/wp-content\/uploads\/2026\/03\/1000020919-1024x768.jpg' src='https:\/\/grupamisyjna.misjonarze.pl\/wp-content\/uploads\/2026\/03\/1000020919-1024x768.jpg' width='1024' height='768' \/><span class='icon fa fa-zoom'><\/span><div class='caption-block'><div class='text-wrapper'><span class='title'>1000020919<\/span><\/div><\/div><\/a><div class='ftg-social'><\/div><\/div><div  class='tile ftg-preload  '><a title=\"1000020922\" data-lightbox='ftg-401401' rel='ftg-401401'  class=' tile-inner  ftg-lightbox' href='https:\/\/grupamisyjna.misjonarze.pl\/wp-content\/uploads\/2026\/03\/1000020922-1024x768.jpg' ><img alt='1000020922' class='item skip-lazy' data-class='item' data-ftg-source='https:\/\/grupamisyjna.misjonarze.pl\/wp-content\/uploads\/2026\/03\/1000020922-1024x768.jpg' src='https:\/\/grupamisyjna.misjonarze.pl\/wp-content\/uploads\/2026\/03\/1000020922-1024x768.jpg' width='1024' height='768' \/><span class='icon fa fa-zoom'><\/span><div class='caption-block'><div class='text-wrapper'><span class='title'>1000020922<\/span><\/div><\/div><\/a><div class='ftg-social'><\/div><\/div><\/div><\/div>\n","protected":false},"excerpt":{"rendered":"<p>&nbsp; W dniach 28.02-04.03 prze\u017cywali\u015bmy rekolekcje wielkopostne w parafii p.w. NMP Kr\u00f3lowej Polski w Str\u00f3\u017cach. W&hellip;<\/p>\n","protected":false},"author":2,"featured_media":5099,"comment_status":"open","ping_status":"open","sticky":false,"template":"","format":"standard","meta":{"footnotes":""},"categories":[1],"tags":[],"class_list":["post-5100","post","type-post","status-publish","format-standard","has-post-thumbnail","hentry","category-bez-kategorii"],"_links":{"self":[{"href":"https:\/\/grupamisyjna.misjonarze.pl\/index.php?rest_route=\/wp\/v2\/posts\/5100","targetHints":{"allow":["GET"]}}],"collection":[{"href":"https:\/\/grupamisyjna.misjonarze.pl\/index.php?rest_route=\/wp\/v2\/posts"}],"about":[{"href":"https:\/\/grupamisyjna.misjonarze.pl\/index.php?rest_route=\/wp\/v2\/types\/post"}],"author":[{"embeddable":true,"href":"https:\/\/grupamisyjna.misjonarze.pl\/index.php?rest_route=\/wp\/v2\/users\/2"}],"replies":[{"embeddable":true,"href":"https:\/\/grupamisyjna.misjonarze.pl\/index.php?rest_route=%2Fwp%2Fv2%2Fcomments&post=5100"}],"version-history":[{"count":1,"href":"https:\/\/grupamisyjna.misjonarze.pl\/index.php?rest_route=\/wp\/v2\/posts\/5100\/revisions"}],"predecessor-version":[{"id":5101,"href":"https:\/\/grupamisyjna.misjonarze.pl\/index.php?rest_route=\/wp\/v2\/posts\/5100\/revisions\/5101"}],"wp:featuredmedia":[{"embeddable":true,"href":"https:\/\/grupamisyjna.misjonarze.pl\/index.php?rest_route=\/wp\/v2\/media\/5099"}],"wp:attachment":[{"href":"https:\/\/grupamisyjna.misjonarze.pl\/index.php?rest_route=%2Fwp%2Fv2%2Fmedia&parent=5100"}],"wp:term":[{"taxonomy":"category","embeddable":true,"href":"https:\/\/grupamisyjna.misjonarze.pl\/index.php?rest_route=%2Fwp%2Fv2%2Fcategories&post=5100"},{"taxonomy":"post_tag","embeddable":true,"href":"https:\/\/grupamisyjna.misjonarze.pl\/index.php?rest_route=%2Fwp%2Fv2%2Ftags&post=5100"}],"curies":[{"name":"wp","href":"https:\/\/api.w.org\/{rel}","templated":true}]}}