{"id":5115,"date":"2026-03-12T16:47:20","date_gmt":"2026-03-12T15:47:20","guid":{"rendered":"https:\/\/grupamisyjna.misjonarze.pl\/?p=5115"},"modified":"2026-03-29T11:28:18","modified_gmt":"2026-03-29T09:28:18","slug":"dabrowka-wielka","status":"publish","type":"post","link":"https:\/\/grupamisyjna.misjonarze.pl\/?p=5115","title":{"rendered":"NOWA WIE\u015a WIELKA"},"content":{"rendered":"<p>W dniach 7-11 marca w Parafii p.w. Niepokalanego Pocz\u0119cia NMP w Nowej Wsi Wielkiej ( Archidiecezja Gnie\u017anie\u0144ska )odby\u0142y si\u0119 wielkopostne rekolekcje parafialne.<br \/>\nOpr\u00f3cz tradycyjnych nauk, ch\u0119tni parafianie mieli okazj\u0119 wzi\u0105\u0107 udzia\u0142 w nabo\u017ce\u0144stwie \u017ca\u0142obnym pod przewodnictwem nas &#8211; ksi\u0119\u017cy, przy grobach bliskich zmar\u0142ych. W \u015brod\u0119 za\u015b rekolekcje zako\u0144czy\u0142y si\u0119 nabo\u017ce\u0144stwem eucharystycznym zwie\u0144czonym namaszczeniem balsamem z Sanktuarium Mi\u0142osierdzia w krakowskich \u0141agiewnikach.<br \/>\nNa podkre\u015blenie zas\u0142uguje du\u017ca \u017cyczliwo\u015b\u0107 Ksi\u0119dza Proboszcza.<br \/>\nKS. Jaros\u0142aw Zieli\u0144ski CM<\/p>\n<p>&nbsp;<\/p>\n<!-- Final Tiles Grid Gallery for WordPress v3.6.13 free --><style>#ftg-403403 .tile .icon { color:#ffffff; }#ftg-403403 .ftg-items .loading-bar i { background:#666; }#ftg-403403 .ftg-items .loading-bar { background:#fff; }#ftg-403403 .tile .icon { font-size:12px; }#ftg-403403 .tile .icon { margin: -6px 0 0 -6px; }#ftg-403403 .tile .caption-block .text-wrapper span.text { font-size:12px; }#ftg-403403 .tile .caption-outside .text-wrapper span.text { font-size:12px; }#ftg-403403 .tile .caption-block .text-wrapper span.title { font-size:14px; }#ftg-403403 .tile .caption-outside .text-wrapper span.title { font-size:14px; }#ftg-403403 .tile { background-color: transparent; }#ftg-403403 .tile .caption-block .text-wrapper span.text { color: #ffffff; }#ftg-403403 .tile .caption-block .text-wrapper span.title { color: #ffffff; }#ftg-403403 .tile .caption-outside .text-wrapper span.text { color: #ffffff; }#ftg-403403 .tile .caption-outside .text-wrapper span.title { color: #ffffff; }#ftg-403403 .tile .ftg-social a { color: #ffffff; }#ftg-403403 .tile .caption-block { transition-timing-function:linear; }#ftg-403403 .tile .caption-block { transition-duration:0.25s; }#ftg-403403 .tile .tile-inner:before { background-color: #000000; }#ftg-403403 .tile .tile-inner:before { background-color: rgba(0, 0, 0, 0.8); }<\/style><a name=\"403\"><\/a><div class=\"final-tiles-gallery  ftg-hover-enabled caption-inside  caption-none caption-middle caption-center\" id=\"ftg-403403\" style=\"width: 100%\"><div class='ftg-items'><div class='loading-bar'><i><\/i><\/div><div  class='tile ftg-preload  '><a title=\"1000002703\" data-lightbox='ftg-403403' rel='ftg-403403'  class=' tile-inner  ftg-lightbox' href='https:\/\/grupamisyjna.misjonarze.pl\/wp-content\/uploads\/2026\/03\/1000002703-768x1024.jpg' ><img alt='1000002703' class='item skip-lazy' data-class='item' data-ftg-source='https:\/\/grupamisyjna.misjonarze.pl\/wp-content\/uploads\/2026\/03\/1000002703-768x1024.jpg' src='https:\/\/grupamisyjna.misjonarze.pl\/wp-content\/uploads\/2026\/03\/1000002703-768x1024.jpg' width='768' height='1024' \/><span class='icon fa fa-zoom'><\/span><div class='caption-block'><div class='text-wrapper'><span class='title'>1000002703<\/span><\/div><\/div><\/a><div class='ftg-social'><\/div><\/div><div  class='tile ftg-preload  '><a title=\"1000002709\" data-lightbox='ftg-403403' rel='ftg-403403'  class=' tile-inner  ftg-lightbox' href='https:\/\/grupamisyjna.misjonarze.pl\/wp-content\/uploads\/2026\/03\/1000002709-768x1024.jpg' ><img alt='1000002709' class='item skip-lazy' data-class='item' data-ftg-source='https:\/\/grupamisyjna.misjonarze.pl\/wp-content\/uploads\/2026\/03\/1000002709-768x1024.jpg' src='https:\/\/grupamisyjna.misjonarze.pl\/wp-content\/uploads\/2026\/03\/1000002709-768x1024.jpg' width='768' height='1024' \/><span class='icon fa fa-zoom'><\/span><div class='caption-block'><div class='text-wrapper'><span class='title'>1000002709<\/span><\/div><\/div><\/a><div class='ftg-social'><\/div><\/div><div  class='tile ftg-preload  '><a title=\"1000002710\" data-lightbox='ftg-403403' rel='ftg-403403'  class=' tile-inner  ftg-lightbox' href='https:\/\/grupamisyjna.misjonarze.pl\/wp-content\/uploads\/2026\/03\/1000002710-768x1024.jpg' ><img alt='1000002710' class='item skip-lazy' data-class='item' data-ftg-source='https:\/\/grupamisyjna.misjonarze.pl\/wp-content\/uploads\/2026\/03\/1000002710-768x1024.jpg' src='https:\/\/grupamisyjna.misjonarze.pl\/wp-content\/uploads\/2026\/03\/1000002710-768x1024.jpg' width='768' height='1024' \/><span class='icon fa fa-zoom'><\/span><div class='caption-block'><div class='text-wrapper'><span class='title'>1000002710<\/span><\/div><\/div><\/a><div class='ftg-social'><\/div><\/div><div  class='tile ftg-preload  '><a title=\"1000002720\" data-lightbox='ftg-403403' rel='ftg-403403'  class=' tile-inner  ftg-lightbox' href='https:\/\/grupamisyjna.misjonarze.pl\/wp-content\/uploads\/2026\/03\/1000002720-768x1024.jpg' ><img alt='1000002720' class='item skip-lazy' data-class='item' data-ftg-source='https:\/\/grupamisyjna.misjonarze.pl\/wp-content\/uploads\/2026\/03\/1000002720-768x1024.jpg' src='https:\/\/grupamisyjna.misjonarze.pl\/wp-content\/uploads\/2026\/03\/1000002720-768x1024.jpg' width='768' height='1024' \/><span class='icon fa fa-zoom'><\/span><div class='caption-block'><div class='text-wrapper'><span class='title'>1000002720<\/span><\/div><\/div><\/a><div class='ftg-social'><\/div><\/div><\/div><\/div>\n","protected":false},"excerpt":{"rendered":"<p>W dniach 7-11 marca w Parafii p.w. Niepokalanego Pocz\u0119cia NMP w Nowej Wsi Wielkiej ( Archidiecezja&hellip;<\/p>\n","protected":false},"author":2,"featured_media":5111,"comment_status":"open","ping_status":"open","sticky":false,"template":"","format":"standard","meta":{"footnotes":""},"categories":[1],"tags":[],"class_list":["post-5115","post","type-post","status-publish","format-standard","has-post-thumbnail","hentry","category-bez-kategorii"],"_links":{"self":[{"href":"https:\/\/grupamisyjna.misjonarze.pl\/index.php?rest_route=\/wp\/v2\/posts\/5115","targetHints":{"allow":["GET"]}}],"collection":[{"href":"https:\/\/grupamisyjna.misjonarze.pl\/index.php?rest_route=\/wp\/v2\/posts"}],"about":[{"href":"https:\/\/grupamisyjna.misjonarze.pl\/index.php?rest_route=\/wp\/v2\/types\/post"}],"author":[{"embeddable":true,"href":"https:\/\/grupamisyjna.misjonarze.pl\/index.php?rest_route=\/wp\/v2\/users\/2"}],"replies":[{"embeddable":true,"href":"https:\/\/grupamisyjna.misjonarze.pl\/index.php?rest_route=%2Fwp%2Fv2%2Fcomments&post=5115"}],"version-history":[{"count":2,"href":"https:\/\/grupamisyjna.misjonarze.pl\/index.php?rest_route=\/wp\/v2\/posts\/5115\/revisions"}],"predecessor-version":[{"id":5342,"href":"https:\/\/grupamisyjna.misjonarze.pl\/index.php?rest_route=\/wp\/v2\/posts\/5115\/revisions\/5342"}],"wp:featuredmedia":[{"embeddable":true,"href":"https:\/\/grupamisyjna.misjonarze.pl\/index.php?rest_route=\/wp\/v2\/media\/5111"}],"wp:attachment":[{"href":"https:\/\/grupamisyjna.misjonarze.pl\/index.php?rest_route=%2Fwp%2Fv2%2Fmedia&parent=5115"}],"wp:term":[{"taxonomy":"category","embeddable":true,"href":"https:\/\/grupamisyjna.misjonarze.pl\/index.php?rest_route=%2Fwp%2Fv2%2Fcategories&post=5115"},{"taxonomy":"post_tag","embeddable":true,"href":"https:\/\/grupamisyjna.misjonarze.pl\/index.php?rest_route=%2Fwp%2Fv2%2Ftags&post=5115"}],"curies":[{"name":"wp","href":"https:\/\/api.w.org\/{rel}","templated":true}]}}