{"id":5122,"date":"2026-03-12T16:53:37","date_gmt":"2026-03-12T15:53:37","guid":{"rendered":"https:\/\/grupamisyjna.misjonarze.pl\/?p=5122"},"modified":"2026-03-12T16:53:53","modified_gmt":"2026-03-12T15:53:53","slug":"zduny-3","status":"publish","type":"post","link":"https:\/\/grupamisyjna.misjonarze.pl\/?p=5122","title":{"rendered":"ZDUNY"},"content":{"rendered":"<p>&nbsp;<\/p>\n<p><span data-olk-copy-source=\"MessageBody\">Od trzeciej niedzieli Wielkiego Postu do \u015brody prze\u017cywali\u015bmy rekolekcje w parafii pw. \u015aw. Jana Chrzciciela w Zdunach. Nauki do doros\u0142ych g\u0142oszone by\u0142y o 9.00 i o 18.30. Dzieci i m\u0142odzie\u017c mia\u0142y spotkania rekolekcyjne przed po\u0142udniem. Podczas pobytu w tej parafii do\u015bwiadczy\u0142em du\u017cej \u017cyczliwo\u015bci ze strony Ks. Proboszcza Krzysztofa i Ks. Wikariusza Konrada. W Zdunach misjonarze ciesz\u0105 si\u0119 wielkim szacunkiem z racji d\u0142ugoletniej pos\u0142ugi w domu Si\u00f3str Mi\u0142osierdzia. Na parafialnym cmentarzu spoczywaj\u0105 misjonarze: \u015bp. Ks. J\u00f3zef Cechol, \u015bp. Ks. Sylwester Balcarek i \u015bp. Ks. Jan Jonaczyk. Pobyt w Zdunach by\u0142 wi\u0119c r\u00f3wnie\u017c okazj\u0105, aby pomodli\u0107 si\u0119 za zmar\u0142ych Konfratr\u00f3w przy ich grobach. Ks. Wojciech Koz\u0142owski CM<\/span><\/p>\n<!-- Final Tiles Grid Gallery for WordPress v3.6.13 free --><style>#ftg-404404 .tile .icon { color:#ffffff; }#ftg-404404 .ftg-items .loading-bar i { background:#666; }#ftg-404404 .ftg-items .loading-bar { background:#fff; }#ftg-404404 .tile .icon { font-size:12px; }#ftg-404404 .tile .icon { margin: -6px 0 0 -6px; }#ftg-404404 .tile .caption-block .text-wrapper span.text { font-size:12px; }#ftg-404404 .tile .caption-outside .text-wrapper span.text { font-size:12px; }#ftg-404404 .tile .caption-block .text-wrapper span.title { font-size:14px; }#ftg-404404 .tile .caption-outside .text-wrapper span.title { font-size:14px; }#ftg-404404 .tile { background-color: transparent; }#ftg-404404 .tile .caption-block .text-wrapper span.text { color: #ffffff; }#ftg-404404 .tile .caption-block .text-wrapper span.title { color: #ffffff; }#ftg-404404 .tile .caption-outside .text-wrapper span.text { color: #ffffff; }#ftg-404404 .tile .caption-outside .text-wrapper span.title { color: #ffffff; }#ftg-404404 .tile .ftg-social a { color: #ffffff; }#ftg-404404 .tile .caption-block { transition-timing-function:linear; }#ftg-404404 .tile .caption-block { transition-duration:0.25s; }#ftg-404404 .tile .tile-inner:before { background-color: #000000; }#ftg-404404 .tile .tile-inner:before { background-color: rgba(0, 0, 0, 0.8); }<\/style><a name=\"404\"><\/a><div class=\"final-tiles-gallery  ftg-hover-enabled caption-inside  caption-none caption-middle caption-center\" id=\"ftg-404404\" style=\"width: 100%\"><div class='ftg-items'><div class='loading-bar'><i><\/i><\/div><div  class='tile ftg-preload  '><a title=\"IMG-20260312-WA0000\" data-lightbox='ftg-404404' rel='ftg-404404'  class=' tile-inner  ftg-lightbox' href='https:\/\/grupamisyjna.misjonarze.pl\/wp-content\/uploads\/2026\/03\/IMG-20260312-WA0000-768x1024.jpg' ><img alt='IMG-20260312-WA0000' class='item skip-lazy' data-class='item' data-ftg-source='https:\/\/grupamisyjna.misjonarze.pl\/wp-content\/uploads\/2026\/03\/IMG-20260312-WA0000-768x1024.jpg' src='https:\/\/grupamisyjna.misjonarze.pl\/wp-content\/uploads\/2026\/03\/IMG-20260312-WA0000-768x1024.jpg' width='768' height='1024' \/><span class='icon fa fa-zoom'><\/span><div class='caption-block'><div class='text-wrapper'><span class='title'>IMG-20260312-WA0000<\/span><\/div><\/div><\/a><div class='ftg-social'><\/div><\/div><div  class='tile ftg-preload  '><a title=\"IMG-20260312-WA0002\" data-lightbox='ftg-404404' rel='ftg-404404'  class=' tile-inner  ftg-lightbox' href='https:\/\/grupamisyjna.misjonarze.pl\/wp-content\/uploads\/2026\/03\/IMG-20260312-WA0002-1024x576.jpg' ><img alt='IMG-20260312-WA0002' class='item skip-lazy' data-class='item' data-ftg-source='https:\/\/grupamisyjna.misjonarze.pl\/wp-content\/uploads\/2026\/03\/IMG-20260312-WA0002-1024x576.jpg' src='https:\/\/grupamisyjna.misjonarze.pl\/wp-content\/uploads\/2026\/03\/IMG-20260312-WA0002-1024x576.jpg' width='1024' height='576' \/><span class='icon fa fa-zoom'><\/span><div class='caption-block'><div class='text-wrapper'><span class='title'>IMG-20260312-WA0002<\/span><\/div><\/div><\/a><div class='ftg-social'><\/div><\/div><div  class='tile ftg-preload  '><a title=\"IMG-20260312-WA0003\" data-lightbox='ftg-404404' rel='ftg-404404'  class=' tile-inner  ftg-lightbox' href='https:\/\/grupamisyjna.misjonarze.pl\/wp-content\/uploads\/2026\/03\/IMG-20260312-WA0003-1024x577.jpg' ><img alt='IMG-20260312-WA0003' class='item skip-lazy' data-class='item' data-ftg-source='https:\/\/grupamisyjna.misjonarze.pl\/wp-content\/uploads\/2026\/03\/IMG-20260312-WA0003-1024x577.jpg' src='https:\/\/grupamisyjna.misjonarze.pl\/wp-content\/uploads\/2026\/03\/IMG-20260312-WA0003-1024x577.jpg' width='1024' height='577' \/><span class='icon fa fa-zoom'><\/span><div class='caption-block'><div class='text-wrapper'><span class='title'>IMG-20260312-WA0003<\/span><\/div><\/div><\/a><div class='ftg-social'><\/div><\/div><div  class='tile ftg-preload  '><a title=\"IMG-20260312-WA0004\" data-lightbox='ftg-404404' rel='ftg-404404'  class=' tile-inner  ftg-lightbox' href='https:\/\/grupamisyjna.misjonarze.pl\/wp-content\/uploads\/2026\/03\/IMG-20260312-WA0004-1024x577.jpg' ><img alt='IMG-20260312-WA0004' class='item skip-lazy' data-class='item' data-ftg-source='https:\/\/grupamisyjna.misjonarze.pl\/wp-content\/uploads\/2026\/03\/IMG-20260312-WA0004-1024x577.jpg' src='https:\/\/grupamisyjna.misjonarze.pl\/wp-content\/uploads\/2026\/03\/IMG-20260312-WA0004-1024x577.jpg' width='1024' height='577' \/><span class='icon fa fa-zoom'><\/span><div class='caption-block'><div class='text-wrapper'><span class='title'>IMG-20260312-WA0004<\/span><\/div><\/div><\/a><div class='ftg-social'><\/div><\/div><div  class='tile ftg-preload  '><a title=\"IMG-20260312-WA0005\" data-lightbox='ftg-404404' rel='ftg-404404'  class=' tile-inner  ftg-lightbox' href='https:\/\/grupamisyjna.misjonarze.pl\/wp-content\/uploads\/2026\/03\/IMG-20260312-WA0005-1024x576.jpg' ><img alt='IMG-20260312-WA0005' class='item skip-lazy' data-class='item' data-ftg-source='https:\/\/grupamisyjna.misjonarze.pl\/wp-content\/uploads\/2026\/03\/IMG-20260312-WA0005-1024x576.jpg' src='https:\/\/grupamisyjna.misjonarze.pl\/wp-content\/uploads\/2026\/03\/IMG-20260312-WA0005-1024x576.jpg' width='1024' height='576' \/><span class='icon fa fa-zoom'><\/span><div class='caption-block'><div class='text-wrapper'><span class='title'>IMG-20260312-WA0005<\/span><\/div><\/div><\/a><div class='ftg-social'><\/div><\/div><\/div><\/div>\n","protected":false},"excerpt":{"rendered":"<p>&nbsp; Od trzeciej niedzieli Wielkiego Postu do \u015brody prze\u017cywali\u015bmy rekolekcje w parafii pw. \u015aw. Jana Chrzciciela&hellip;<\/p>\n","protected":false},"author":2,"featured_media":5117,"comment_status":"open","ping_status":"open","sticky":false,"template":"","format":"standard","meta":{"footnotes":""},"categories":[1],"tags":[],"class_list":["post-5122","post","type-post","status-publish","format-standard","has-post-thumbnail","hentry","category-bez-kategorii"],"_links":{"self":[{"href":"https:\/\/grupamisyjna.misjonarze.pl\/index.php?rest_route=\/wp\/v2\/posts\/5122","targetHints":{"allow":["GET"]}}],"collection":[{"href":"https:\/\/grupamisyjna.misjonarze.pl\/index.php?rest_route=\/wp\/v2\/posts"}],"about":[{"href":"https:\/\/grupamisyjna.misjonarze.pl\/index.php?rest_route=\/wp\/v2\/types\/post"}],"author":[{"embeddable":true,"href":"https:\/\/grupamisyjna.misjonarze.pl\/index.php?rest_route=\/wp\/v2\/users\/2"}],"replies":[{"embeddable":true,"href":"https:\/\/grupamisyjna.misjonarze.pl\/index.php?rest_route=%2Fwp%2Fv2%2Fcomments&post=5122"}],"version-history":[{"count":1,"href":"https:\/\/grupamisyjna.misjonarze.pl\/index.php?rest_route=\/wp\/v2\/posts\/5122\/revisions"}],"predecessor-version":[{"id":5123,"href":"https:\/\/grupamisyjna.misjonarze.pl\/index.php?rest_route=\/wp\/v2\/posts\/5122\/revisions\/5123"}],"wp:featuredmedia":[{"embeddable":true,"href":"https:\/\/grupamisyjna.misjonarze.pl\/index.php?rest_route=\/wp\/v2\/media\/5117"}],"wp:attachment":[{"href":"https:\/\/grupamisyjna.misjonarze.pl\/index.php?rest_route=%2Fwp%2Fv2%2Fmedia&parent=5122"}],"wp:term":[{"taxonomy":"category","embeddable":true,"href":"https:\/\/grupamisyjna.misjonarze.pl\/index.php?rest_route=%2Fwp%2Fv2%2Fcategories&post=5122"},{"taxonomy":"post_tag","embeddable":true,"href":"https:\/\/grupamisyjna.misjonarze.pl\/index.php?rest_route=%2Fwp%2Fv2%2Ftags&post=5122"}],"curies":[{"name":"wp","href":"https:\/\/api.w.org\/{rel}","templated":true}]}}