{"id":5131,"date":"2026-03-12T17:15:48","date_gmt":"2026-03-12T16:15:48","guid":{"rendered":"https:\/\/grupamisyjna.misjonarze.pl\/?p=5131"},"modified":"2026-03-12T17:16:03","modified_gmt":"2026-03-12T16:16:03","slug":"5131","status":"publish","type":"post","link":"https:\/\/grupamisyjna.misjonarze.pl\/?p=5131","title":{"rendered":""},"content":{"rendered":"<p><strong>\u00a0<u>REKOLEKCJE<\/u>\u00a0\u00a0<u>WIELKOPOSTNE<\/u><\/strong><\/p>\n<p><strong>W\u00a0 PARAFII\u00a0 PW. \u015aW.\u00a0 ANDRZEJA\u00a0 BOBOLI<\/strong><\/p>\n<p><strong>W\u00a0 SICIENKU<\/strong><\/p>\n<p>&nbsp;<\/p>\n<p>III Niedziel\u0105 Wielkiego Postu rozpocz\u0119\u0142y si\u0119 w parafii pw. \u015aw. Andrzeja Boboli w Sicienku ko\u0142o Bydgoszczy rekolekcje dla doros\u0142ych i dzieci z miejscowej szko\u0142y podstawowej. Chocia\u017c frekwencja wiernych by\u0142a nader skromna, to da\u0142o si\u0119 odczu\u0107 na ka\u017cdym kroku wyj\u0105tkow\u0105 \u017cyczliwo\u015b\u0107 parafian, kt\u00f3rzy nie tylko wytrwale uczestniczyli codziennie w wieczornych naukach rekolekcyjnych, ale te\u017c z oddaniem s\u0142u\u017cyli w ci\u0105gu dnia swoj\u0105 kulinarn\u0105 go\u015bcinno\u015bci\u0105 w domach rodzinnych.<\/p>\n<p>Wart\u0105 podkre\u015blenia jest te\u017c dba\u0142o\u015b\u0107 miejscowego Ksi\u0119dza Proboszcza o wygl\u0105d ko\u015bcio\u0142a, kt\u00f3ry jak i wi\u0119kszo\u015b\u0107 \u015bwi\u0105ty\u0144 diecezji bydgoskiej by\u0142 wzniesiony w minionym wieku staraniem miejscowej wsp\u00f3lnoty protestanckiej. Powojenne przesiedle\u0144cze realia przyczyni\u0142y si\u0119 do przej\u0119cia \u015bwi\u0105tyni przez wiernych ko\u015bcio\u0142a katolickiego. Pocz\u0105tki pos\u0142ugi duszpasterskiej do \u0142atwych nie nale\u017ca\u0142y. Miejscem zamieszkania pierwszych proboszcz\u00f3w sicienkowskiej parafii by\u0142a \u2026. wie\u017ca ko\u015bcio\u0142a.<\/p>\n<p>\u015awie\u017co wyremontowany i odrestaurowany Dom Bo\u017cy jest z pewno\u015bci\u0105 wizyt\u00f3wk\u0105 tej ma\u0142ej miejscowo\u015bci. Oby jego pi\u0119kna architektura o\u017cywa\u0142a obecno\u015bci\u0105 wierz\u0105cych, bo przecie\u017c <em>ko\u015bci\u00f3\u0142 to nie tylko dom z kamienie i z\u0142ota.<\/em><\/p>\n<p>&nbsp;<\/p>\n<ol>\n<li>Maciej Kuczak &#8211; misjonarz<\/li>\n<\/ol>\n<!-- Final Tiles Grid Gallery for WordPress v3.6.13 free --><style>#ftg-405405 .tile .icon { color:#ffffff; }#ftg-405405 .ftg-items .loading-bar i { background:#666; }#ftg-405405 .ftg-items .loading-bar { background:#fff; }#ftg-405405 .tile .icon { font-size:12px; }#ftg-405405 .tile .icon { margin: -6px 0 0 -6px; }#ftg-405405 .tile .caption-block .text-wrapper span.text { font-size:12px; }#ftg-405405 .tile .caption-outside .text-wrapper span.text { font-size:12px; }#ftg-405405 .tile .caption-block .text-wrapper span.title { font-size:14px; }#ftg-405405 .tile .caption-outside .text-wrapper span.title { font-size:14px; }#ftg-405405 .tile { background-color: transparent; }#ftg-405405 .tile .caption-block .text-wrapper span.text { color: #ffffff; }#ftg-405405 .tile .caption-block .text-wrapper span.title { color: #ffffff; }#ftg-405405 .tile .caption-outside .text-wrapper span.text { color: #ffffff; }#ftg-405405 .tile .caption-outside .text-wrapper span.title { color: #ffffff; }#ftg-405405 .tile .ftg-social a { color: #ffffff; }#ftg-405405 .tile .caption-block { transition-timing-function:linear; }#ftg-405405 .tile .caption-block { transition-duration:0.25s; }#ftg-405405 .tile .tile-inner:before { background-color: #000000; }#ftg-405405 .tile .tile-inner:before { background-color: rgba(0, 0, 0, 0.8); }<\/style><a name=\"405\"><\/a><div class=\"final-tiles-gallery  ftg-hover-enabled caption-inside  caption-none caption-middle caption-center\" id=\"ftg-405405\" style=\"width: 100%\"><div class='ftg-items'><div class='loading-bar'><i><\/i><\/div><div  class='tile ftg-preload  '><a title=\"G79A8881\" data-lightbox='ftg-405405' rel='ftg-405405'  class=' tile-inner  ftg-lightbox' href='https:\/\/grupamisyjna.misjonarze.pl\/wp-content\/uploads\/2026\/03\/G79A8881-1024x683.jpg' ><img alt='G79A8881' class='item skip-lazy' data-class='item' data-ftg-source='https:\/\/grupamisyjna.misjonarze.pl\/wp-content\/uploads\/2026\/03\/G79A8881-1024x683.jpg' src='https:\/\/grupamisyjna.misjonarze.pl\/wp-content\/uploads\/2026\/03\/G79A8881-1024x683.jpg' width='1024' height='683' \/><span class='icon fa fa-zoom'><\/span><div class='caption-block'><div class='text-wrapper'><span class='title'>G79A8881<\/span><\/div><\/div><\/a><div class='ftg-social'><\/div><\/div><div  class='tile ftg-preload  '><a title=\"G79A8883\" data-lightbox='ftg-405405' rel='ftg-405405'  class=' tile-inner  ftg-lightbox' href='https:\/\/grupamisyjna.misjonarze.pl\/wp-content\/uploads\/2026\/03\/G79A8883-1024x683.jpg' ><img alt='G79A8883' class='item skip-lazy' data-class='item' data-ftg-source='https:\/\/grupamisyjna.misjonarze.pl\/wp-content\/uploads\/2026\/03\/G79A8883-1024x683.jpg' src='https:\/\/grupamisyjna.misjonarze.pl\/wp-content\/uploads\/2026\/03\/G79A8883-1024x683.jpg' width='1024' height='683' \/><span class='icon fa fa-zoom'><\/span><div class='caption-block'><div class='text-wrapper'><span class='title'>G79A8883<\/span><\/div><\/div><\/a><div class='ftg-social'><\/div><\/div><div  class='tile ftg-preload  '><a title=\"G79A8892\" data-lightbox='ftg-405405' rel='ftg-405405'  class=' tile-inner  ftg-lightbox' href='https:\/\/grupamisyjna.misjonarze.pl\/wp-content\/uploads\/2026\/03\/G79A8892-1024x683.jpg' ><img alt='G79A8892' class='item skip-lazy' data-class='item' data-ftg-source='https:\/\/grupamisyjna.misjonarze.pl\/wp-content\/uploads\/2026\/03\/G79A8892-1024x683.jpg' src='https:\/\/grupamisyjna.misjonarze.pl\/wp-content\/uploads\/2026\/03\/G79A8892-1024x683.jpg' width='1024' height='683' \/><span class='icon fa fa-zoom'><\/span><div class='caption-block'><div class='text-wrapper'><span class='title'>G79A8892<\/span><\/div><\/div><\/a><div class='ftg-social'><\/div><\/div><div  class='tile ftg-preload  '><a title=\"G79A8899\" data-lightbox='ftg-405405' rel='ftg-405405'  class=' tile-inner  ftg-lightbox' href='https:\/\/grupamisyjna.misjonarze.pl\/wp-content\/uploads\/2026\/03\/G79A8899-1024x683.jpg' ><img alt='G79A8899' class='item skip-lazy' data-class='item' data-ftg-source='https:\/\/grupamisyjna.misjonarze.pl\/wp-content\/uploads\/2026\/03\/G79A8899-1024x683.jpg' src='https:\/\/grupamisyjna.misjonarze.pl\/wp-content\/uploads\/2026\/03\/G79A8899-1024x683.jpg' width='1024' height='683' \/><span class='icon fa fa-zoom'><\/span><div class='caption-block'><div class='text-wrapper'><span class='title'>G79A8899<\/span><\/div><\/div><\/a><div class='ftg-social'><\/div><\/div><div  class='tile ftg-preload  '><a title=\"G79A8900\" data-lightbox='ftg-405405' rel='ftg-405405'  class=' tile-inner  ftg-lightbox' href='https:\/\/grupamisyjna.misjonarze.pl\/wp-content\/uploads\/2026\/03\/G79A8900-1024x683.jpg' ><img alt='G79A8900' class='item skip-lazy' data-class='item' data-ftg-source='https:\/\/grupamisyjna.misjonarze.pl\/wp-content\/uploads\/2026\/03\/G79A8900-1024x683.jpg' src='https:\/\/grupamisyjna.misjonarze.pl\/wp-content\/uploads\/2026\/03\/G79A8900-1024x683.jpg' width='1024' height='683' \/><span class='icon fa fa-zoom'><\/span><div class='caption-block'><div class='text-wrapper'><span class='title'>G79A8900<\/span><\/div><\/div><\/a><div class='ftg-social'><\/div><\/div><div  class='tile ftg-preload  '><a title=\"G79A8902\" data-lightbox='ftg-405405' rel='ftg-405405'  class=' tile-inner  ftg-lightbox' href='https:\/\/grupamisyjna.misjonarze.pl\/wp-content\/uploads\/2026\/03\/G79A8902-1024x683.jpg' ><img alt='G79A8902' class='item skip-lazy' data-class='item' data-ftg-source='https:\/\/grupamisyjna.misjonarze.pl\/wp-content\/uploads\/2026\/03\/G79A8902-1024x683.jpg' src='https:\/\/grupamisyjna.misjonarze.pl\/wp-content\/uploads\/2026\/03\/G79A8902-1024x683.jpg' width='1024' height='683' \/><span class='icon fa fa-zoom'><\/span><div class='caption-block'><div class='text-wrapper'><span class='title'>G79A8902<\/span><\/div><\/div><\/a><div class='ftg-social'><\/div><\/div><div  class='tile ftg-preload  '><a title=\"G79A8903\" data-lightbox='ftg-405405' rel='ftg-405405'  class=' tile-inner  ftg-lightbox' href='https:\/\/grupamisyjna.misjonarze.pl\/wp-content\/uploads\/2026\/03\/G79A8903-1024x683.jpg' ><img alt='G79A8903' class='item skip-lazy' data-class='item' data-ftg-source='https:\/\/grupamisyjna.misjonarze.pl\/wp-content\/uploads\/2026\/03\/G79A8903-1024x683.jpg' src='https:\/\/grupamisyjna.misjonarze.pl\/wp-content\/uploads\/2026\/03\/G79A8903-1024x683.jpg' width='1024' height='683' \/><span class='icon fa fa-zoom'><\/span><div class='caption-block'><div class='text-wrapper'><span class='title'>G79A8903<\/span><\/div><\/div><\/a><div class='ftg-social'><\/div><\/div><\/div><\/div>\n","protected":false},"excerpt":{"rendered":"<p>\u00a0REKOLEKCJE\u00a0\u00a0WIELKOPOSTNE W\u00a0 PARAFII\u00a0 PW. \u015aW.\u00a0 ANDRZEJA\u00a0 BOBOLI W\u00a0 SICIENKU &nbsp; III Niedziel\u0105 Wielkiego Postu rozpocz\u0119\u0142y si\u0119&hellip;<\/p>\n","protected":false},"author":2,"featured_media":5127,"comment_status":"open","ping_status":"open","sticky":false,"template":"","format":"standard","meta":{"footnotes":""},"categories":[1],"tags":[],"class_list":["post-5131","post","type-post","status-publish","format-standard","has-post-thumbnail","hentry","category-bez-kategorii"],"_links":{"self":[{"href":"https:\/\/grupamisyjna.misjonarze.pl\/index.php?rest_route=\/wp\/v2\/posts\/5131","targetHints":{"allow":["GET"]}}],"collection":[{"href":"https:\/\/grupamisyjna.misjonarze.pl\/index.php?rest_route=\/wp\/v2\/posts"}],"about":[{"href":"https:\/\/grupamisyjna.misjonarze.pl\/index.php?rest_route=\/wp\/v2\/types\/post"}],"author":[{"embeddable":true,"href":"https:\/\/grupamisyjna.misjonarze.pl\/index.php?rest_route=\/wp\/v2\/users\/2"}],"replies":[{"embeddable":true,"href":"https:\/\/grupamisyjna.misjonarze.pl\/index.php?rest_route=%2Fwp%2Fv2%2Fcomments&post=5131"}],"version-history":[{"count":1,"href":"https:\/\/grupamisyjna.misjonarze.pl\/index.php?rest_route=\/wp\/v2\/posts\/5131\/revisions"}],"predecessor-version":[{"id":5132,"href":"https:\/\/grupamisyjna.misjonarze.pl\/index.php?rest_route=\/wp\/v2\/posts\/5131\/revisions\/5132"}],"wp:featuredmedia":[{"embeddable":true,"href":"https:\/\/grupamisyjna.misjonarze.pl\/index.php?rest_route=\/wp\/v2\/media\/5127"}],"wp:attachment":[{"href":"https:\/\/grupamisyjna.misjonarze.pl\/index.php?rest_route=%2Fwp%2Fv2%2Fmedia&parent=5131"}],"wp:term":[{"taxonomy":"category","embeddable":true,"href":"https:\/\/grupamisyjna.misjonarze.pl\/index.php?rest_route=%2Fwp%2Fv2%2Fcategories&post=5131"},{"taxonomy":"post_tag","embeddable":true,"href":"https:\/\/grupamisyjna.misjonarze.pl\/index.php?rest_route=%2Fwp%2Fv2%2Ftags&post=5131"}],"curies":[{"name":"wp","href":"https:\/\/api.w.org\/{rel}","templated":true}]}}