{"id":5154,"date":"2026-03-13T18:05:20","date_gmt":"2026-03-13T17:05:20","guid":{"rendered":"https:\/\/grupamisyjna.misjonarze.pl\/?p=5154"},"modified":"2026-03-13T18:05:31","modified_gmt":"2026-03-13T17:05:31","slug":"bydgoszcz-6","status":"publish","type":"post","link":"https:\/\/grupamisyjna.misjonarze.pl\/?p=5154","title":{"rendered":"BYDGOSZCZ"},"content":{"rendered":"<p>&nbsp;<\/p>\n<p align=\"center\"><span data-olk-copy-source=\"MessageBody\">PARAFIA NAJ\u015aWI\u0118TSZEJ MARYI PANNY MATKI KO\u015aCIO\u0141A<\/span><\/p>\n<p align=\"center\">w Bydgoszczy<\/p>\n<p align=\"center\">REKOLEKCJE SZKOLNE i PARAFIALNE<\/p>\n<p align=\"center\">7-11 marca 2026 r.<\/p>\n<p>To parafia na zachodnich obrze\u017cach miasta Liczy ok. 8 tysi\u0119cy dusz. Na niedzielnych Mszach \u015bwi\u0119tych by\u0142o ok. 2 tysi\u0105ce wiernych, a w naukach rekolekcyjnych uczestniczy\u0142o kilkaset os\u00f3b (+ ok. 200 dzieci z pobliskiej szko\u0142y podstawowej).<\/p>\n<p>Rekolekcje w swej tre\u015bci mia\u0142y charakter Maryjny.<\/p>\n<p>ks. Pawe\u0142 Szyma\u0144ski CM<\/p>\n<!-- Final Tiles Grid Gallery for WordPress v3.6.13 free --><style>#ftg-407407 .tile .icon { color:#ffffff; }#ftg-407407 .ftg-items .loading-bar i { background:#666; }#ftg-407407 .ftg-items .loading-bar { background:#fff; }#ftg-407407 .tile .icon { font-size:12px; }#ftg-407407 .tile .icon { margin: -6px 0 0 -6px; }#ftg-407407 .tile .caption-block .text-wrapper span.text { font-size:12px; }#ftg-407407 .tile .caption-outside .text-wrapper span.text { font-size:12px; }#ftg-407407 .tile .caption-block .text-wrapper span.title { font-size:14px; }#ftg-407407 .tile .caption-outside .text-wrapper span.title { font-size:14px; }#ftg-407407 .tile { background-color: transparent; }#ftg-407407 .tile .caption-block .text-wrapper span.text { color: #ffffff; }#ftg-407407 .tile .caption-block .text-wrapper span.title { color: #ffffff; }#ftg-407407 .tile .caption-outside .text-wrapper span.text { color: #ffffff; }#ftg-407407 .tile .caption-outside .text-wrapper span.title { color: #ffffff; }#ftg-407407 .tile .ftg-social a { color: #ffffff; }#ftg-407407 .tile .caption-block { transition-timing-function:linear; }#ftg-407407 .tile .caption-block { transition-duration:0.25s; }#ftg-407407 .tile .tile-inner:before { background-color: #000000; }#ftg-407407 .tile .tile-inner:before { background-color: rgba(0, 0, 0, 0.8); }<\/style><a name=\"407\"><\/a><div class=\"final-tiles-gallery  ftg-hover-enabled caption-inside  caption-none caption-middle caption-center\" id=\"ftg-407407\" style=\"width: 100%\"><div class='ftg-items'><div class='loading-bar'><i><\/i><\/div><div  class='tile ftg-preload  '><a title=\"1000006801\" data-lightbox='ftg-407407' rel='ftg-407407'  class=' tile-inner  ftg-lightbox' href='https:\/\/grupamisyjna.misjonarze.pl\/wp-content\/uploads\/2026\/03\/1000006801-1024x768.jpg' ><img alt='1000006801' class='item skip-lazy' data-class='item' data-ftg-source='https:\/\/grupamisyjna.misjonarze.pl\/wp-content\/uploads\/2026\/03\/1000006801-1024x768.jpg' src='https:\/\/grupamisyjna.misjonarze.pl\/wp-content\/uploads\/2026\/03\/1000006801-1024x768.jpg' width='1024' height='768' \/><span class='icon fa fa-zoom'><\/span><div class='caption-block'><div class='text-wrapper'><span class='title'>1000006801<\/span><\/div><\/div><\/a><div class='ftg-social'><\/div><\/div><div  class='tile ftg-preload  '><a title=\"1000006802\" data-lightbox='ftg-407407' rel='ftg-407407'  class=' tile-inner  ftg-lightbox' href='https:\/\/grupamisyjna.misjonarze.pl\/wp-content\/uploads\/2026\/03\/1000006802.jpg' ><img alt='1000006802' class='item skip-lazy' data-class='item' data-ftg-source='https:\/\/grupamisyjna.misjonarze.pl\/wp-content\/uploads\/2026\/03\/1000006802.jpg' src='https:\/\/grupamisyjna.misjonarze.pl\/wp-content\/uploads\/2026\/03\/1000006802.jpg' width='377' height='282' \/><span class='icon fa fa-zoom'><\/span><div class='caption-block'><div class='text-wrapper'><span class='title'>1000006802<\/span><\/div><\/div><\/a><div class='ftg-social'><\/div><\/div><div  class='tile ftg-preload  '><a title=\"1000006803\" data-lightbox='ftg-407407' rel='ftg-407407'  class=' tile-inner  ftg-lightbox' href='https:\/\/grupamisyjna.misjonarze.pl\/wp-content\/uploads\/2026\/03\/1000006803.jpg' ><img alt='1000006803' class='item skip-lazy' data-class='item' data-ftg-source='https:\/\/grupamisyjna.misjonarze.pl\/wp-content\/uploads\/2026\/03\/1000006803.jpg' src='https:\/\/grupamisyjna.misjonarze.pl\/wp-content\/uploads\/2026\/03\/1000006803.jpg' width='282' height='377' \/><span class='icon fa fa-zoom'><\/span><div class='caption-block'><div class='text-wrapper'><span class='title'>1000006803<\/span><\/div><\/div><\/a><div class='ftg-social'><\/div><\/div><div  class='tile ftg-preload  '><a title=\"1000006811\" data-lightbox='ftg-407407' rel='ftg-407407'  class=' tile-inner  ftg-lightbox' href='https:\/\/grupamisyjna.misjonarze.pl\/wp-content\/uploads\/2026\/03\/1000006811-768x1024.jpg' ><img alt='1000006811' class='item skip-lazy' data-class='item' data-ftg-source='https:\/\/grupamisyjna.misjonarze.pl\/wp-content\/uploads\/2026\/03\/1000006811-768x1024.jpg' src='https:\/\/grupamisyjna.misjonarze.pl\/wp-content\/uploads\/2026\/03\/1000006811-768x1024.jpg' width='768' height='1024' \/><span class='icon fa fa-zoom'><\/span><div class='caption-block'><div class='text-wrapper'><span class='title'>1000006811<\/span><\/div><\/div><\/a><div class='ftg-social'><\/div><\/div><\/div><\/div>\n","protected":false},"excerpt":{"rendered":"<p>&nbsp; PARAFIA NAJ\u015aWI\u0118TSZEJ MARYI PANNY MATKI KO\u015aCIO\u0141A w Bydgoszczy REKOLEKCJE SZKOLNE i PARAFIALNE 7-11 marca 2026&hellip;<\/p>\n","protected":false},"author":2,"featured_media":5153,"comment_status":"open","ping_status":"open","sticky":false,"template":"","format":"standard","meta":{"footnotes":""},"categories":[1],"tags":[],"class_list":["post-5154","post","type-post","status-publish","format-standard","has-post-thumbnail","hentry","category-bez-kategorii"],"_links":{"self":[{"href":"https:\/\/grupamisyjna.misjonarze.pl\/index.php?rest_route=\/wp\/v2\/posts\/5154","targetHints":{"allow":["GET"]}}],"collection":[{"href":"https:\/\/grupamisyjna.misjonarze.pl\/index.php?rest_route=\/wp\/v2\/posts"}],"about":[{"href":"https:\/\/grupamisyjna.misjonarze.pl\/index.php?rest_route=\/wp\/v2\/types\/post"}],"author":[{"embeddable":true,"href":"https:\/\/grupamisyjna.misjonarze.pl\/index.php?rest_route=\/wp\/v2\/users\/2"}],"replies":[{"embeddable":true,"href":"https:\/\/grupamisyjna.misjonarze.pl\/index.php?rest_route=%2Fwp%2Fv2%2Fcomments&post=5154"}],"version-history":[{"count":1,"href":"https:\/\/grupamisyjna.misjonarze.pl\/index.php?rest_route=\/wp\/v2\/posts\/5154\/revisions"}],"predecessor-version":[{"id":5155,"href":"https:\/\/grupamisyjna.misjonarze.pl\/index.php?rest_route=\/wp\/v2\/posts\/5154\/revisions\/5155"}],"wp:featuredmedia":[{"embeddable":true,"href":"https:\/\/grupamisyjna.misjonarze.pl\/index.php?rest_route=\/wp\/v2\/media\/5153"}],"wp:attachment":[{"href":"https:\/\/grupamisyjna.misjonarze.pl\/index.php?rest_route=%2Fwp%2Fv2%2Fmedia&parent=5154"}],"wp:term":[{"taxonomy":"category","embeddable":true,"href":"https:\/\/grupamisyjna.misjonarze.pl\/index.php?rest_route=%2Fwp%2Fv2%2Fcategories&post=5154"},{"taxonomy":"post_tag","embeddable":true,"href":"https:\/\/grupamisyjna.misjonarze.pl\/index.php?rest_route=%2Fwp%2Fv2%2Ftags&post=5154"}],"curies":[{"name":"wp","href":"https:\/\/api.w.org\/{rel}","templated":true}]}}