{"id":5181,"date":"2026-03-18T10:48:11","date_gmt":"2026-03-18T09:48:11","guid":{"rendered":"https:\/\/grupamisyjna.misjonarze.pl\/?p=5181"},"modified":"2026-03-18T10:48:37","modified_gmt":"2026-03-18T09:48:37","slug":"bydgoszcz-7","status":"publish","type":"post","link":"https:\/\/grupamisyjna.misjonarze.pl\/?p=5181","title":{"rendered":"BYDGOSZCZ"},"content":{"rendered":"<p>&nbsp;<\/p>\n<p><span data-olk-copy-source=\"MessageBody\">Od 14 marca 2026 roku w parafii \u015bw Wojciecha w Bydgoszczy rekolekcje wielkopostne prowadzi\u0142 ks.Zbigniew Knop. Parafia liczy oko\u0142o 4 tysi\u0119cy wiernych. Proboszczem jest ks. Jaros\u0142aw Antkowiak. Parafianie w wieku 55+ licznie uczestniczyli w spotkaniach rekolekcyjnych, mszach \u015bw., przyst\u0119powali do sakrament\u00f3w \u015bw.\u00a0<\/span><\/p>\n<!-- Final Tiles Grid Gallery for WordPress v3.6.13 free --><style>#ftg-411411 .tile .icon { color:#ffffff; }#ftg-411411 .ftg-items .loading-bar i { background:#666; }#ftg-411411 .ftg-items .loading-bar { background:#fff; }#ftg-411411 .tile .icon { font-size:12px; }#ftg-411411 .tile .icon { margin: -6px 0 0 -6px; }#ftg-411411 .tile .caption-block .text-wrapper span.text { font-size:12px; }#ftg-411411 .tile .caption-outside .text-wrapper span.text { font-size:12px; }#ftg-411411 .tile .caption-block .text-wrapper span.title { font-size:14px; }#ftg-411411 .tile .caption-outside .text-wrapper span.title { font-size:14px; }#ftg-411411 .tile { background-color: transparent; }#ftg-411411 .tile .caption-block .text-wrapper span.text { color: #ffffff; }#ftg-411411 .tile .caption-block .text-wrapper span.title { color: #ffffff; }#ftg-411411 .tile .caption-outside .text-wrapper span.text { color: #ffffff; }#ftg-411411 .tile .caption-outside .text-wrapper span.title { color: #ffffff; }#ftg-411411 .tile .ftg-social a { color: #ffffff; }#ftg-411411 .tile .caption-block { transition-timing-function:linear; }#ftg-411411 .tile .caption-block { transition-duration:0.25s; }#ftg-411411 .tile .tile-inner:before { background-color: #000000; }#ftg-411411 .tile .tile-inner:before { background-color: rgba(0, 0, 0, 0.8); }<\/style><a name=\"411\"><\/a><div class=\"final-tiles-gallery  ftg-hover-enabled caption-inside  caption-none caption-middle caption-center\" id=\"ftg-411411\" style=\"width: 100%\"><div class='ftg-items'><div class='loading-bar'><i><\/i><\/div><div  class='tile ftg-preload  '><a title=\"20260317_083004\" data-lightbox='ftg-411411' rel='ftg-411411'  class=' tile-inner  ftg-lightbox' href='https:\/\/grupamisyjna.misjonarze.pl\/wp-content\/uploads\/2026\/03\/20260317_083004-768x1024.jpg' ><img alt='20260317_083004' class='item skip-lazy' data-class='item' data-ftg-source='https:\/\/grupamisyjna.misjonarze.pl\/wp-content\/uploads\/2026\/03\/20260317_083004-768x1024.jpg' src='https:\/\/grupamisyjna.misjonarze.pl\/wp-content\/uploads\/2026\/03\/20260317_083004-768x1024.jpg' width='768' height='1024' \/><span class='icon fa fa-zoom'><\/span><div class='caption-block'><div class='text-wrapper'><span class='title'>20260317_083004<\/span><\/div><\/div><\/a><div class='ftg-social'><\/div><\/div><div  class='tile ftg-preload  '><a title=\"20260317_083048\" data-lightbox='ftg-411411' rel='ftg-411411'  class=' tile-inner  ftg-lightbox' href='https:\/\/grupamisyjna.misjonarze.pl\/wp-content\/uploads\/2026\/03\/20260317_083048-768x1024.jpg' ><img alt='20260317_083048' class='item skip-lazy' data-class='item' data-ftg-source='https:\/\/grupamisyjna.misjonarze.pl\/wp-content\/uploads\/2026\/03\/20260317_083048-768x1024.jpg' src='https:\/\/grupamisyjna.misjonarze.pl\/wp-content\/uploads\/2026\/03\/20260317_083048-768x1024.jpg' width='768' height='1024' \/><span class='icon fa fa-zoom'><\/span><div class='caption-block'><div class='text-wrapper'><span class='title'>20260317_083048<\/span><\/div><\/div><\/a><div class='ftg-social'><\/div><\/div><div  class='tile ftg-preload  '><a title=\"IMG-20260315-WA0022\" data-lightbox='ftg-411411' rel='ftg-411411'  class=' tile-inner  ftg-lightbox' href='https:\/\/grupamisyjna.misjonarze.pl\/wp-content\/uploads\/2026\/03\/IMG-20260315-WA0022-1024x768.jpg' ><img alt='IMG-20260315-WA0022' class='item skip-lazy' data-class='item' data-ftg-source='https:\/\/grupamisyjna.misjonarze.pl\/wp-content\/uploads\/2026\/03\/IMG-20260315-WA0022-1024x768.jpg' src='https:\/\/grupamisyjna.misjonarze.pl\/wp-content\/uploads\/2026\/03\/IMG-20260315-WA0022-1024x768.jpg' width='1024' height='768' \/><span class='icon fa fa-zoom'><\/span><div class='caption-block'><div class='text-wrapper'><span class='title'>IMG-20260315-WA0022<\/span><\/div><\/div><\/a><div class='ftg-social'><\/div><\/div><div  class='tile ftg-preload  '><a title=\"IMG-20260315-WA0032\" data-lightbox='ftg-411411' rel='ftg-411411'  class=' tile-inner  ftg-lightbox' href='https:\/\/grupamisyjna.misjonarze.pl\/wp-content\/uploads\/2026\/03\/IMG-20260315-WA0032-1024x768.jpg' ><img alt='IMG-20260315-WA0032' class='item skip-lazy' data-class='item' data-ftg-source='https:\/\/grupamisyjna.misjonarze.pl\/wp-content\/uploads\/2026\/03\/IMG-20260315-WA0032-1024x768.jpg' src='https:\/\/grupamisyjna.misjonarze.pl\/wp-content\/uploads\/2026\/03\/IMG-20260315-WA0032-1024x768.jpg' width='1024' height='768' \/><span class='icon fa fa-zoom'><\/span><div class='caption-block'><div class='text-wrapper'><span class='title'>IMG-20260315-WA0032<\/span><\/div><\/div><\/a><div class='ftg-social'><\/div><\/div><div  class='tile ftg-preload  '><a title=\"IMG-20260315-WA0034\" data-lightbox='ftg-411411' rel='ftg-411411'  class=' tile-inner  ftg-lightbox' href='https:\/\/grupamisyjna.misjonarze.pl\/wp-content\/uploads\/2026\/03\/IMG-20260315-WA0034-1024x768.jpg' ><img alt='IMG-20260315-WA0034' class='item skip-lazy' data-class='item' data-ftg-source='https:\/\/grupamisyjna.misjonarze.pl\/wp-content\/uploads\/2026\/03\/IMG-20260315-WA0034-1024x768.jpg' src='https:\/\/grupamisyjna.misjonarze.pl\/wp-content\/uploads\/2026\/03\/IMG-20260315-WA0034-1024x768.jpg' width='1024' height='768' \/><span class='icon fa fa-zoom'><\/span><div class='caption-block'><div class='text-wrapper'><span class='title'>IMG-20260315-WA0034<\/span><\/div><\/div><\/a><div class='ftg-social'><\/div><\/div><div  class='tile ftg-preload  '><a title=\"IMG-20260315-WA0036\" data-lightbox='ftg-411411' rel='ftg-411411'  class=' tile-inner  ftg-lightbox' href='https:\/\/grupamisyjna.misjonarze.pl\/wp-content\/uploads\/2026\/03\/IMG-20260315-WA0036-1024x768.jpg' ><img alt='IMG-20260315-WA0036' class='item skip-lazy' data-class='item' data-ftg-source='https:\/\/grupamisyjna.misjonarze.pl\/wp-content\/uploads\/2026\/03\/IMG-20260315-WA0036-1024x768.jpg' src='https:\/\/grupamisyjna.misjonarze.pl\/wp-content\/uploads\/2026\/03\/IMG-20260315-WA0036-1024x768.jpg' width='1024' height='768' \/><span class='icon fa fa-zoom'><\/span><div class='caption-block'><div class='text-wrapper'><span class='title'>IMG-20260315-WA0036<\/span><\/div><\/div><\/a><div class='ftg-social'><\/div><\/div><div  class='tile ftg-preload  '><a title=\"IMG-20260315-WA0042\" data-lightbox='ftg-411411' rel='ftg-411411'  class=' tile-inner  ftg-lightbox' href='https:\/\/grupamisyjna.misjonarze.pl\/wp-content\/uploads\/2026\/03\/IMG-20260315-WA0042-1024x768.jpg' ><img alt='IMG-20260315-WA0042' class='item skip-lazy' data-class='item' data-ftg-source='https:\/\/grupamisyjna.misjonarze.pl\/wp-content\/uploads\/2026\/03\/IMG-20260315-WA0042-1024x768.jpg' src='https:\/\/grupamisyjna.misjonarze.pl\/wp-content\/uploads\/2026\/03\/IMG-20260315-WA0042-1024x768.jpg' width='1024' height='768' \/><span class='icon fa fa-zoom'><\/span><div class='caption-block'><div class='text-wrapper'><span class='title'>IMG-20260315-WA0042<\/span><\/div><\/div><\/a><div class='ftg-social'><\/div><\/div><\/div><\/div>\n","protected":false},"excerpt":{"rendered":"<p>&nbsp; Od 14 marca 2026 roku w parafii \u015bw Wojciecha w Bydgoszczy rekolekcje wielkopostne prowadzi\u0142 ks.Zbigniew&hellip;<\/p>\n","protected":false},"author":2,"featured_media":5175,"comment_status":"open","ping_status":"open","sticky":false,"template":"","format":"standard","meta":{"footnotes":""},"categories":[1],"tags":[],"class_list":["post-5181","post","type-post","status-publish","format-standard","has-post-thumbnail","hentry","category-bez-kategorii"],"_links":{"self":[{"href":"https:\/\/grupamisyjna.misjonarze.pl\/index.php?rest_route=\/wp\/v2\/posts\/5181","targetHints":{"allow":["GET"]}}],"collection":[{"href":"https:\/\/grupamisyjna.misjonarze.pl\/index.php?rest_route=\/wp\/v2\/posts"}],"about":[{"href":"https:\/\/grupamisyjna.misjonarze.pl\/index.php?rest_route=\/wp\/v2\/types\/post"}],"author":[{"embeddable":true,"href":"https:\/\/grupamisyjna.misjonarze.pl\/index.php?rest_route=\/wp\/v2\/users\/2"}],"replies":[{"embeddable":true,"href":"https:\/\/grupamisyjna.misjonarze.pl\/index.php?rest_route=%2Fwp%2Fv2%2Fcomments&post=5181"}],"version-history":[{"count":1,"href":"https:\/\/grupamisyjna.misjonarze.pl\/index.php?rest_route=\/wp\/v2\/posts\/5181\/revisions"}],"predecessor-version":[{"id":5182,"href":"https:\/\/grupamisyjna.misjonarze.pl\/index.php?rest_route=\/wp\/v2\/posts\/5181\/revisions\/5182"}],"wp:featuredmedia":[{"embeddable":true,"href":"https:\/\/grupamisyjna.misjonarze.pl\/index.php?rest_route=\/wp\/v2\/media\/5175"}],"wp:attachment":[{"href":"https:\/\/grupamisyjna.misjonarze.pl\/index.php?rest_route=%2Fwp%2Fv2%2Fmedia&parent=5181"}],"wp:term":[{"taxonomy":"category","embeddable":true,"href":"https:\/\/grupamisyjna.misjonarze.pl\/index.php?rest_route=%2Fwp%2Fv2%2Fcategories&post=5181"},{"taxonomy":"post_tag","embeddable":true,"href":"https:\/\/grupamisyjna.misjonarze.pl\/index.php?rest_route=%2Fwp%2Fv2%2Ftags&post=5181"}],"curies":[{"name":"wp","href":"https:\/\/api.w.org\/{rel}","templated":true}]}}