{"id":5189,"date":"2026-03-18T10:57:28","date_gmt":"2026-03-18T09:57:28","guid":{"rendered":"https:\/\/grupamisyjna.misjonarze.pl\/?p=5189"},"modified":"2026-03-19T14:32:10","modified_gmt":"2026-03-19T13:32:10","slug":"bydgoszcz-8","status":"publish","type":"post","link":"https:\/\/grupamisyjna.misjonarze.pl\/?p=5189","title":{"rendered":"BYDGOSZCZ"},"content":{"rendered":"<p><strong>PARAFIA\u00a0 PW. NIEPOKALANEGO\u00a0 POCZ\u0118CIA\u00a0 NAJ\u015aWI\u0118TSZEJ\u00a0 MARYI<\/strong><\/p>\n<p><strong>PANNY\u00a0 <\/strong><\/p>\n<p><strong>W\u00a0 BYDGOSZCZY-JACHCICACH<\/strong><\/p>\n<p>&nbsp;<\/p>\n<p>Jachcice \u2013 jedna z dzielnic Bydgoszczy. Tu dzie\u0142u parafii pw. Niepokalanego Pocz\u0119cia Naj\u015bwi\u0119tszej Maryi Panny da\u0142a pocz\u0105tek kaplica pobudowana pod koniec lat 50-tych ubieg\u0142ego wieku przez zdeterminowanych wiernych. Od wrze\u015bnia 2008 roku rozpocz\u0119\u0142o si\u0119 wznoszenie bry\u0142y nowej \u015bwi\u0105tyni obudowuj\u0105c sukcesywnie ze wszystkich stron istniej\u0105c\u0105 ju\u017c kaplic\u0119. Inicjatorem powstania ko\u015bcio\u0142a by\u0142 obecny proboszcz parafii \u2013 ks. kanonik Roman Mrosczok. Kamie\u0144 w\u0119gielny pod Dom Bo\u017cy pochodzi z groty objawie\u0144 w Lourdes. 26-IX-2024r. ko\u015bci\u00f3\u0142 zosta\u0142 po\u015bwi\u0119cony przez bydgoskiego ordynariusza \u2013 ks. bpa Krzysztofa W\u0142odarczyka.<\/p>\n<p>IV Niedziel\u0105 Wielkiego Postu zw. <em>Laetare<\/em> czyli Niedziel\u0105 Rado\u015bci rozpocz\u0119li\u015bmy w tutejszej wsp\u00f3lnocie parafialnej rekolekcje dedykowane dla doros\u0142ych parafian oraz uczni\u00f3w szko\u0142y podstawowej. Tematyka rekolekcji w ca\u0142o\u015bci nawi\u0105zywa\u0142a do wezwania parafii czyli Niepokalanego Pocz\u0119cia Naj\u015bwi\u0119tszej Maryi Panny wkomponowuj\u0105c si\u0119 jednocze\u015bnie w prze\u017cywanie: V roku og\u00f3lnopolskiej Nowenny poprzedzaj\u0105cej Jubileusz 200-lecia Objawie\u0144 Niepokalanej na rue du Bac w Pary\u017cu oraz ko\u0144cz\u0105cego si\u0119 Jubileuszu 400-setnej rocznicy za\u0142o\u017cenia Zgromadzenia Ksi\u0119\u017cy Misjonarzy \u015aw. Wincentego a Paulo.<\/p>\n<p>Chocia\u017c czas po pandemiczny dokona\u0142 ilo\u015bciowej weryfikacji wiernych w skali ca\u0142ego ko\u015bcio\u0142a katolickiego w Polsce, to w nowo pobudowanej \u015bwi\u0105tyni na Jachcicach pozostali ci, kt\u00f3rzy s\u0105 g\u0142\u0119boko przekonani, \u017ce <em>Ko\u015bci\u00f3\u0142 \u017cywy i prawdziwy to jest serc wsp\u00f3lnota. <\/em><\/p>\n<p>ks. Maciej Kuczak CM &#8211; misjonarz<\/p>\n<p>&nbsp;<\/p>\n<!-- Final Tiles Grid Gallery for WordPress v3.6.13 free --><style>#ftg-412412 .tile .icon { color:#ffffff; }#ftg-412412 .ftg-items .loading-bar i { background:#666; }#ftg-412412 .ftg-items .loading-bar { background:#fff; }#ftg-412412 .tile .icon { font-size:12px; }#ftg-412412 .tile .icon { margin: -6px 0 0 -6px; }#ftg-412412 .tile .caption-block .text-wrapper span.text { font-size:12px; }#ftg-412412 .tile .caption-outside .text-wrapper span.text { font-size:12px; }#ftg-412412 .tile .caption-block .text-wrapper span.title { font-size:14px; }#ftg-412412 .tile .caption-outside .text-wrapper span.title { font-size:14px; }#ftg-412412 .tile { background-color: transparent; }#ftg-412412 .tile .caption-block .text-wrapper span.text { color: #ffffff; }#ftg-412412 .tile .caption-block .text-wrapper span.title { color: #ffffff; }#ftg-412412 .tile .caption-outside .text-wrapper span.text { color: #ffffff; }#ftg-412412 .tile .caption-outside .text-wrapper span.title { color: #ffffff; }#ftg-412412 .tile .ftg-social a { color: #ffffff; }#ftg-412412 .tile .caption-block { transition-timing-function:linear; }#ftg-412412 .tile .caption-block { transition-duration:0.25s; }#ftg-412412 .tile .tile-inner:before { background-color: #000000; }#ftg-412412 .tile .tile-inner:before { background-color: rgba(0, 0, 0, 0.8); }<\/style><a name=\"412\"><\/a><div class=\"final-tiles-gallery  ftg-hover-enabled caption-inside  caption-none caption-middle caption-center\" id=\"ftg-412412\" style=\"width: 100%\"><div class='ftg-items'><div class='loading-bar'><i><\/i><\/div><div  class='tile ftg-preload  '><a title=\"G79A8259\" data-lightbox='ftg-412412' rel='ftg-412412'  class=' tile-inner  ftg-lightbox' href='https:\/\/grupamisyjna.misjonarze.pl\/wp-content\/uploads\/2026\/03\/G79A8259-1024x683.jpg' ><img alt='G79A8259' class='item skip-lazy' data-class='item' data-ftg-source='https:\/\/grupamisyjna.misjonarze.pl\/wp-content\/uploads\/2026\/03\/G79A8259-1024x683.jpg' src='https:\/\/grupamisyjna.misjonarze.pl\/wp-content\/uploads\/2026\/03\/G79A8259-1024x683.jpg' width='1024' height='683' \/><span class='icon fa fa-zoom'><\/span><div class='caption-block'><div class='text-wrapper'><span class='title'>G79A8259<\/span><\/div><\/div><\/a><div class='ftg-social'><\/div><\/div><div  class='tile ftg-preload  '><a title=\"G79A8264\" data-lightbox='ftg-412412' rel='ftg-412412'  class=' tile-inner  ftg-lightbox' href='https:\/\/grupamisyjna.misjonarze.pl\/wp-content\/uploads\/2026\/03\/G79A8264-1024x683.jpg' ><img alt='G79A8264' class='item skip-lazy' data-class='item' data-ftg-source='https:\/\/grupamisyjna.misjonarze.pl\/wp-content\/uploads\/2026\/03\/G79A8264-1024x683.jpg' src='https:\/\/grupamisyjna.misjonarze.pl\/wp-content\/uploads\/2026\/03\/G79A8264-1024x683.jpg' width='1024' height='683' \/><span class='icon fa fa-zoom'><\/span><div class='caption-block'><div class='text-wrapper'><span class='title'>G79A8264<\/span><\/div><\/div><\/a><div class='ftg-social'><\/div><\/div><div  class='tile ftg-preload  '><a title=\"G79A8905\" data-lightbox='ftg-412412' rel='ftg-412412'  class=' tile-inner  ftg-lightbox' href='https:\/\/grupamisyjna.misjonarze.pl\/wp-content\/uploads\/2026\/03\/G79A8905-1024x683.jpg' ><img alt='G79A8905' class='item skip-lazy' data-class='item' data-ftg-source='https:\/\/grupamisyjna.misjonarze.pl\/wp-content\/uploads\/2026\/03\/G79A8905-1024x683.jpg' src='https:\/\/grupamisyjna.misjonarze.pl\/wp-content\/uploads\/2026\/03\/G79A8905-1024x683.jpg' width='1024' height='683' \/><span class='icon fa fa-zoom'><\/span><div class='caption-block'><div class='text-wrapper'><span class='title'>G79A8905<\/span><\/div><\/div><\/a><div class='ftg-social'><\/div><\/div><div  class='tile ftg-preload  '><a title=\"G79A8910\" data-lightbox='ftg-412412' rel='ftg-412412'  class=' tile-inner  ftg-lightbox' href='https:\/\/grupamisyjna.misjonarze.pl\/wp-content\/uploads\/2026\/03\/G79A8910-1024x683.jpg' ><img alt='G79A8910' class='item skip-lazy' data-class='item' data-ftg-source='https:\/\/grupamisyjna.misjonarze.pl\/wp-content\/uploads\/2026\/03\/G79A8910-1024x683.jpg' src='https:\/\/grupamisyjna.misjonarze.pl\/wp-content\/uploads\/2026\/03\/G79A8910-1024x683.jpg' width='1024' height='683' \/><span class='icon fa fa-zoom'><\/span><div class='caption-block'><div class='text-wrapper'><span class='title'>G79A8910<\/span><\/div><\/div><\/a><div class='ftg-social'><\/div><\/div><div  class='tile ftg-preload  '><a title=\"G79A8911\" data-lightbox='ftg-412412' rel='ftg-412412'  class=' tile-inner  ftg-lightbox' href='https:\/\/grupamisyjna.misjonarze.pl\/wp-content\/uploads\/2026\/03\/G79A8911-1024x683.jpg' ><img alt='G79A8911' class='item skip-lazy' data-class='item' data-ftg-source='https:\/\/grupamisyjna.misjonarze.pl\/wp-content\/uploads\/2026\/03\/G79A8911-1024x683.jpg' src='https:\/\/grupamisyjna.misjonarze.pl\/wp-content\/uploads\/2026\/03\/G79A8911-1024x683.jpg' width='1024' height='683' \/><span class='icon fa fa-zoom'><\/span><div class='caption-block'><div class='text-wrapper'><span class='title'>G79A8911<\/span><\/div><\/div><\/a><div class='ftg-social'><\/div><\/div><div  class='tile ftg-preload  '><a title=\"G79A8917\" data-lightbox='ftg-412412' rel='ftg-412412'  class=' tile-inner  ftg-lightbox' href='https:\/\/grupamisyjna.misjonarze.pl\/wp-content\/uploads\/2026\/03\/G79A8917-1024x683.jpg' ><img alt='G79A8917' class='item skip-lazy' data-class='item' data-ftg-source='https:\/\/grupamisyjna.misjonarze.pl\/wp-content\/uploads\/2026\/03\/G79A8917-1024x683.jpg' src='https:\/\/grupamisyjna.misjonarze.pl\/wp-content\/uploads\/2026\/03\/G79A8917-1024x683.jpg' width='1024' height='683' \/><span class='icon fa fa-zoom'><\/span><div class='caption-block'><div class='text-wrapper'><span class='title'>G79A8917<\/span><\/div><\/div><\/a><div class='ftg-social'><\/div><\/div><\/div><\/div>\n","protected":false},"excerpt":{"rendered":"<p>PARAFIA\u00a0 PW. NIEPOKALANEGO\u00a0 POCZ\u0118CIA\u00a0 NAJ\u015aWI\u0118TSZEJ\u00a0 MARYI PANNY\u00a0 W\u00a0 BYDGOSZCZY-JACHCICACH &nbsp; Jachcice \u2013 jedna z dzielnic Bydgoszczy.&hellip;<\/p>\n","protected":false},"author":2,"featured_media":5184,"comment_status":"open","ping_status":"open","sticky":false,"template":"","format":"standard","meta":{"footnotes":""},"categories":[1],"tags":[],"class_list":["post-5189","post","type-post","status-publish","format-standard","has-post-thumbnail","hentry","category-bez-kategorii"],"_links":{"self":[{"href":"https:\/\/grupamisyjna.misjonarze.pl\/index.php?rest_route=\/wp\/v2\/posts\/5189","targetHints":{"allow":["GET"]}}],"collection":[{"href":"https:\/\/grupamisyjna.misjonarze.pl\/index.php?rest_route=\/wp\/v2\/posts"}],"about":[{"href":"https:\/\/grupamisyjna.misjonarze.pl\/index.php?rest_route=\/wp\/v2\/types\/post"}],"author":[{"embeddable":true,"href":"https:\/\/grupamisyjna.misjonarze.pl\/index.php?rest_route=\/wp\/v2\/users\/2"}],"replies":[{"embeddable":true,"href":"https:\/\/grupamisyjna.misjonarze.pl\/index.php?rest_route=%2Fwp%2Fv2%2Fcomments&post=5189"}],"version-history":[{"count":3,"href":"https:\/\/grupamisyjna.misjonarze.pl\/index.php?rest_route=\/wp\/v2\/posts\/5189\/revisions"}],"predecessor-version":[{"id":5231,"href":"https:\/\/grupamisyjna.misjonarze.pl\/index.php?rest_route=\/wp\/v2\/posts\/5189\/revisions\/5231"}],"wp:featuredmedia":[{"embeddable":true,"href":"https:\/\/grupamisyjna.misjonarze.pl\/index.php?rest_route=\/wp\/v2\/media\/5184"}],"wp:attachment":[{"href":"https:\/\/grupamisyjna.misjonarze.pl\/index.php?rest_route=%2Fwp%2Fv2%2Fmedia&parent=5189"}],"wp:term":[{"taxonomy":"category","embeddable":true,"href":"https:\/\/grupamisyjna.misjonarze.pl\/index.php?rest_route=%2Fwp%2Fv2%2Fcategories&post=5189"},{"taxonomy":"post_tag","embeddable":true,"href":"https:\/\/grupamisyjna.misjonarze.pl\/index.php?rest_route=%2Fwp%2Fv2%2Ftags&post=5189"}],"curies":[{"name":"wp","href":"https:\/\/api.w.org\/{rel}","templated":true}]}}