{"id":5215,"date":"2026-03-19T14:01:23","date_gmt":"2026-03-19T13:01:23","guid":{"rendered":"https:\/\/grupamisyjna.misjonarze.pl\/?p=5215"},"modified":"2026-03-19T14:01:33","modified_gmt":"2026-03-19T13:01:33","slug":"bydgoszcz-9","status":"publish","type":"post","link":"https:\/\/grupamisyjna.misjonarze.pl\/?p=5215","title":{"rendered":"BYDGOSZCZ"},"content":{"rendered":"<p>&nbsp;<\/p>\n<p>W dniach 16-18.03 odby\u0142y si\u0119 rekolekcje dla dzieci z klas 1-8 szko\u0142y podstawowej nr 16 im. Mariana Turwida, kt\u00f3ra znajduje si\u0119 na terenie parafii \u015bw. Antoniego w Bydgoszczy. Tematem przewodnim by\u0142y uczynki mi\u0142osierdzia, kt\u00f3re ka\u017cde dziecko mo\u017ce w codzienno\u015bci realizowa\u0107 w swoim \u017cyciu, co w efekcie przybli\u017ca go do obiecanego \u017cycia wiecznego \u2013 \u201eCi, kt\u00f3rzy pe\u0142nili dobre czyny, p\u00f3jd\u0105 na zmartwychwstanie \u017cycia\u201d (J5,29).<\/p>\n<p>Pierwszego dnia dzieci pozna\u0142y, b\u0105d\u017a przypomnia\u0142y sobie sze\u015b\u0107 uczynk\u00f3w mi\u0142osierdzia, np. \u201eg\u0142odnych nakarmi\u0107\u201d, \u201espragnionych napoi\u0107\u201d. Cz\u0119\u015b\u0107 z nich wcieli\u0142a je w swoje m\u0142ode \u017cycie, co potwierdzili sercami przyniesionymi na drugi dzie\u0144 rekolekcji, gdzie zapisane by\u0142y ich dobre uczynki. Tego dnia odby\u0142a si\u0119 droga krzy\u017cowa dostosowana tre\u015bci\u0105 do ka\u017cdej grupy wiekowej. Cz\u0119\u015b\u0107 z rozwa\u017ca\u0144 by\u0142a przygotowana przez uczni\u00f3w. Podobnie niekt\u00f3re klasy przygotowa\u0142y w szkole lub domu prace plastyczne o tematyce drogi krzy\u017cowej, gdzie akcent k\u0142adziony by\u0142 na kolejne uczynki mi\u0142osierdzia, np. \u201estrapionych pociesza\u0107\u201d, czy \u201ekrzywdy cierpliwie znosi\u0107\u201d, co w efekcie da\u0142o pi\u0119kn\u0105 wystaw\u0119. Dnia trzeciego odby\u0142a si\u0119 spowied\u017a oraz Msza \u015awi\u0119ta dla klas 4-6 oraz 7-8, w czasie kt\u00f3rej om\u00f3wione zosta\u0142y kolejne dwa uczynki mi\u0142osierdzia, za\u015b dla najm\u0142odszych podstawowe wiadomo\u015bci dotycz\u0105ce Eucharystii.<\/p>\n<p>Ca\u0142o\u015b\u0107 rekolekcji mia\u0142a sporo akcent\u00f3w misyjnych, co wzbudza\u0142o zainteresowanie odbiorc\u00f3w tym, jak nasza wiara praktykowana jest w Afryce, jak r\u00f3wnie\u017c mo\u017cliwo\u015b\u0107 poznania pozdrowienia u\u017cywanego w plemieniu Bariba(p\u00f3\u0142nocny Benin), czy nauczenia si\u0119 kr\u00f3tkiej piosenki religijnej w tym j\u0119zyku.<\/p>\n<p>Rekolekcje przeprowadzone zosta\u0142y z u\u017cyciem multimedi\u00f3w oraz odpowiednich rekwizyt\u00f3w tak, by dostosowa\u0107 odbi\u00f3r do mentalno\u015bci i potrzeb wsp\u00f3\u0142czesnego m\u0142odego pokolenia. Rekolekcje przeprowadzi\u0142 ks. Kamil Laba CM oraz p. Dorota Szczuka.<\/p>\n<!-- Final Tiles Grid Gallery for WordPress v3.6.13 free --><style>#ftg-414414 .tile .icon { color:#ffffff; }#ftg-414414 .ftg-items .loading-bar i { background:#666; }#ftg-414414 .ftg-items .loading-bar { background:#fff; }#ftg-414414 .tile .icon { font-size:12px; }#ftg-414414 .tile .icon { margin: -6px 0 0 -6px; }#ftg-414414 .tile .caption-block .text-wrapper span.text { font-size:12px; }#ftg-414414 .tile .caption-outside .text-wrapper span.text { font-size:12px; }#ftg-414414 .tile .caption-block .text-wrapper span.title { font-size:14px; }#ftg-414414 .tile .caption-outside .text-wrapper span.title { font-size:14px; }#ftg-414414 .tile { background-color: transparent; }#ftg-414414 .tile .caption-block .text-wrapper span.text { color: #ffffff; }#ftg-414414 .tile .caption-block .text-wrapper span.title { color: #ffffff; }#ftg-414414 .tile .caption-outside .text-wrapper span.text { color: #ffffff; }#ftg-414414 .tile .caption-outside .text-wrapper span.title { color: #ffffff; }#ftg-414414 .tile .ftg-social a { color: #ffffff; }#ftg-414414 .tile .caption-block { transition-timing-function:linear; }#ftg-414414 .tile .caption-block { transition-duration:0.25s; }#ftg-414414 .tile .tile-inner:before { background-color: #000000; }#ftg-414414 .tile .tile-inner:before { background-color: rgba(0, 0, 0, 0.8); }<\/style><a name=\"414\"><\/a><div class=\"final-tiles-gallery  ftg-hover-enabled caption-inside  caption-none caption-middle caption-center\" id=\"ftg-414414\" style=\"width: 100%\"><div class='ftg-items'><div class='loading-bar'><i><\/i><\/div><div  class='tile ftg-preload  '><a title=\"1531\" data-lightbox='ftg-414414' rel='ftg-414414'  class=' tile-inner  ftg-lightbox' href='https:\/\/grupamisyjna.misjonarze.pl\/wp-content\/uploads\/2026\/03\/1531-768x1024.jpg' ><img alt='1531' class='item skip-lazy' data-class='item' data-ftg-source='https:\/\/grupamisyjna.misjonarze.pl\/wp-content\/uploads\/2026\/03\/1531-768x1024.jpg' src='https:\/\/grupamisyjna.misjonarze.pl\/wp-content\/uploads\/2026\/03\/1531-768x1024.jpg' width='768' height='1024' \/><span class='icon fa fa-zoom'><\/span><div class='caption-block'><div class='text-wrapper'><span class='title'>1531<\/span><\/div><\/div><\/a><div class='ftg-social'><\/div><\/div><div  class='tile ftg-preload  '><a title=\"20260316_103622\" data-lightbox='ftg-414414' rel='ftg-414414'  class=' tile-inner  ftg-lightbox' href='https:\/\/grupamisyjna.misjonarze.pl\/wp-content\/uploads\/2026\/03\/20260316_103622-768x1024.jpg' ><img alt='20260316_103622' class='item skip-lazy' data-class='item' data-ftg-source='https:\/\/grupamisyjna.misjonarze.pl\/wp-content\/uploads\/2026\/03\/20260316_103622-768x1024.jpg' src='https:\/\/grupamisyjna.misjonarze.pl\/wp-content\/uploads\/2026\/03\/20260316_103622-768x1024.jpg' width='768' height='1024' \/><span class='icon fa fa-zoom'><\/span><div class='caption-block'><div class='text-wrapper'><span class='title'>20260316_103622<\/span><\/div><\/div><\/a><div class='ftg-social'><\/div><\/div><div  class='tile ftg-preload  '><a title=\"714628270375890130\" data-lightbox='ftg-414414' rel='ftg-414414'  class=' tile-inner  ftg-lightbox' href='https:\/\/grupamisyjna.misjonarze.pl\/wp-content\/uploads\/2026\/03\/714628270375890130.jpg' ><img alt='714628270375890130' class='item skip-lazy' data-class='item' data-ftg-source='https:\/\/grupamisyjna.misjonarze.pl\/wp-content\/uploads\/2026\/03\/714628270375890130.jpg' src='https:\/\/grupamisyjna.misjonarze.pl\/wp-content\/uploads\/2026\/03\/714628270375890130.jpg' width='720' height='960' \/><span class='icon fa fa-zoom'><\/span><div class='caption-block'><div class='text-wrapper'><span class='title'>714628270375890130<\/span><\/div><\/div><\/a><div class='ftg-social'><\/div><\/div><div  class='tile ftg-preload  '><a title=\"image000000002\" data-lightbox='ftg-414414' rel='ftg-414414'  class=' tile-inner  ftg-lightbox' href='https:\/\/grupamisyjna.misjonarze.pl\/wp-content\/uploads\/2026\/03\/image000000002.jpg' ><img alt='image000000002' class='item skip-lazy' data-class='item' data-ftg-source='https:\/\/grupamisyjna.misjonarze.pl\/wp-content\/uploads\/2026\/03\/image000000002.jpg' src='https:\/\/grupamisyjna.misjonarze.pl\/wp-content\/uploads\/2026\/03\/image000000002.jpg' width='599' height='799' \/><span class='icon fa fa-zoom'><\/span><div class='caption-block'><div class='text-wrapper'><span class='title'>image000000002<\/span><\/div><\/div><\/a><div class='ftg-social'><\/div><\/div><div  class='tile ftg-preload  '><a title=\"image000000003\" data-lightbox='ftg-414414' rel='ftg-414414'  class=' tile-inner  ftg-lightbox' href='https:\/\/grupamisyjna.misjonarze.pl\/wp-content\/uploads\/2026\/03\/image000000003-768x1024.jpg' ><img alt='image000000003' class='item skip-lazy' data-class='item' data-ftg-source='https:\/\/grupamisyjna.misjonarze.pl\/wp-content\/uploads\/2026\/03\/image000000003-768x1024.jpg' src='https:\/\/grupamisyjna.misjonarze.pl\/wp-content\/uploads\/2026\/03\/image000000003-768x1024.jpg' width='768' height='1024' \/><span class='icon fa fa-zoom'><\/span><div class='caption-block'><div class='text-wrapper'><span class='title'>image000000003<\/span><\/div><\/div><\/a><div class='ftg-social'><\/div><\/div><div  class='tile ftg-preload  '><a title=\"image000000004\" data-lightbox='ftg-414414' rel='ftg-414414'  class=' tile-inner  ftg-lightbox' href='https:\/\/grupamisyjna.misjonarze.pl\/wp-content\/uploads\/2026\/03\/image000000004.jpg' ><img alt='image000000004' class='item skip-lazy' data-class='item' data-ftg-source='https:\/\/grupamisyjna.misjonarze.pl\/wp-content\/uploads\/2026\/03\/image000000004.jpg' src='https:\/\/grupamisyjna.misjonarze.pl\/wp-content\/uploads\/2026\/03\/image000000004.jpg' width='423' height='564' \/><span class='icon fa fa-zoom'><\/span><div class='caption-block'><div class='text-wrapper'><span class='title'>image000000004<\/span><\/div><\/div><\/a><div class='ftg-social'><\/div><\/div><div  class='tile ftg-preload  '><a title=\"image000004\" data-lightbox='ftg-414414' rel='ftg-414414'  class=' tile-inner  ftg-lightbox' href='https:\/\/grupamisyjna.misjonarze.pl\/wp-content\/uploads\/2026\/03\/image000004.jpg' ><img alt='image000004' class='item skip-lazy' data-class='item' data-ftg-source='https:\/\/grupamisyjna.misjonarze.pl\/wp-content\/uploads\/2026\/03\/image000004.jpg' src='https:\/\/grupamisyjna.misjonarze.pl\/wp-content\/uploads\/2026\/03\/image000004.jpg' width='398' height='298' \/><span class='icon fa fa-zoom'><\/span><div class='caption-block'><div class='text-wrapper'><span class='title'>image000004<\/span><\/div><\/div><\/a><div class='ftg-social'><\/div><\/div><div  class='tile ftg-preload  '><a title=\"image000001001\" data-lightbox='ftg-414414' rel='ftg-414414'  class=' tile-inner  ftg-lightbox' href='https:\/\/grupamisyjna.misjonarze.pl\/wp-content\/uploads\/2026\/03\/image000001001.jpg' ><img alt='image000001001' class='item skip-lazy' data-class='item' data-ftg-source='https:\/\/grupamisyjna.misjonarze.pl\/wp-content\/uploads\/2026\/03\/image000001001.jpg' src='https:\/\/grupamisyjna.misjonarze.pl\/wp-content\/uploads\/2026\/03\/image000001001.jpg' width='799' height='599' \/><span class='icon fa fa-zoom'><\/span><div class='caption-block'><div class='text-wrapper'><span class='title'>image000001001<\/span><\/div><\/div><\/a><div class='ftg-social'><\/div><\/div><\/div><\/div>\n","protected":false},"excerpt":{"rendered":"<p>&nbsp; W dniach 16-18.03 odby\u0142y si\u0119 rekolekcje dla dzieci z klas 1-8 szko\u0142y podstawowej nr 16&hellip;<\/p>\n","protected":false},"author":2,"featured_media":5209,"comment_status":"open","ping_status":"open","sticky":false,"template":"","format":"standard","meta":{"footnotes":""},"categories":[1],"tags":[],"class_list":["post-5215","post","type-post","status-publish","format-standard","has-post-thumbnail","hentry","category-bez-kategorii"],"_links":{"self":[{"href":"https:\/\/grupamisyjna.misjonarze.pl\/index.php?rest_route=\/wp\/v2\/posts\/5215","targetHints":{"allow":["GET"]}}],"collection":[{"href":"https:\/\/grupamisyjna.misjonarze.pl\/index.php?rest_route=\/wp\/v2\/posts"}],"about":[{"href":"https:\/\/grupamisyjna.misjonarze.pl\/index.php?rest_route=\/wp\/v2\/types\/post"}],"author":[{"embeddable":true,"href":"https:\/\/grupamisyjna.misjonarze.pl\/index.php?rest_route=\/wp\/v2\/users\/2"}],"replies":[{"embeddable":true,"href":"https:\/\/grupamisyjna.misjonarze.pl\/index.php?rest_route=%2Fwp%2Fv2%2Fcomments&post=5215"}],"version-history":[{"count":1,"href":"https:\/\/grupamisyjna.misjonarze.pl\/index.php?rest_route=\/wp\/v2\/posts\/5215\/revisions"}],"predecessor-version":[{"id":5216,"href":"https:\/\/grupamisyjna.misjonarze.pl\/index.php?rest_route=\/wp\/v2\/posts\/5215\/revisions\/5216"}],"wp:featuredmedia":[{"embeddable":true,"href":"https:\/\/grupamisyjna.misjonarze.pl\/index.php?rest_route=\/wp\/v2\/media\/5209"}],"wp:attachment":[{"href":"https:\/\/grupamisyjna.misjonarze.pl\/index.php?rest_route=%2Fwp%2Fv2%2Fmedia&parent=5215"}],"wp:term":[{"taxonomy":"category","embeddable":true,"href":"https:\/\/grupamisyjna.misjonarze.pl\/index.php?rest_route=%2Fwp%2Fv2%2Fcategories&post=5215"},{"taxonomy":"post_tag","embeddable":true,"href":"https:\/\/grupamisyjna.misjonarze.pl\/index.php?rest_route=%2Fwp%2Fv2%2Ftags&post=5215"}],"curies":[{"name":"wp","href":"https:\/\/api.w.org\/{rel}","templated":true}]}}