{"id":5244,"date":"2026-03-19T18:54:40","date_gmt":"2026-03-19T17:54:40","guid":{"rendered":"https:\/\/grupamisyjna.misjonarze.pl\/?p=5244"},"modified":"2026-03-19T18:55:49","modified_gmt":"2026-03-19T17:55:49","slug":"sopot-6","status":"publish","type":"post","link":"https:\/\/grupamisyjna.misjonarze.pl\/?p=5244","title":{"rendered":"SOPOT"},"content":{"rendered":"<p>&nbsp;<\/p>\n<p><span data-olk-copy-source=\"MessageBody\">W czwart\u0105 niedziel\u0119 Wielkiego Postu rozpocz\u0119\u0142y si\u0119 rekolekcje w parafii pw. \u015aw. Andrzeja Boboli w Sopocie. Nauki rekolekcyjne do doros\u0142ych by\u0142y g\u0142oszone rano i wieczorem do \u015brody w\u0142\u0105cznie. Frekwencja nie by\u0142a zbyt wysoka. Uczestnicy rekolekcji mogli r\u00f3wnie\u017c skorzysta\u0107 z mo\u017cliwo\u015bci adoracji Naj\u015bwi\u0119tszego Sakramentu w po\u0142o\u017conej obok ko\u015bcio\u0142a parafialnego kaplicy ca\u0142odziennej adoracji. Ks. Wojciech Koz\u0142owski CM<\/span><\/p>\n<!-- Final Tiles Grid Gallery for WordPress v3.6.13 free --><style>#ftg-417417 .tile .icon { color:#ffffff; }#ftg-417417 .ftg-items .loading-bar i { background:#666; }#ftg-417417 .ftg-items .loading-bar { background:#fff; }#ftg-417417 .tile .icon { font-size:12px; }#ftg-417417 .tile .icon { margin: -6px 0 0 -6px; }#ftg-417417 .tile .caption-block .text-wrapper span.text { font-size:12px; }#ftg-417417 .tile .caption-outside .text-wrapper span.text { font-size:12px; }#ftg-417417 .tile .caption-block .text-wrapper span.title { font-size:14px; }#ftg-417417 .tile .caption-outside .text-wrapper span.title { font-size:14px; }#ftg-417417 .tile { background-color: transparent; }#ftg-417417 .tile .caption-block .text-wrapper span.text { color: #ffffff; }#ftg-417417 .tile .caption-block .text-wrapper span.title { color: #ffffff; }#ftg-417417 .tile .caption-outside .text-wrapper span.text { color: #ffffff; }#ftg-417417 .tile .caption-outside .text-wrapper span.title { color: #ffffff; }#ftg-417417 .tile .ftg-social a { color: #ffffff; }#ftg-417417 .tile .caption-block { transition-timing-function:linear; }#ftg-417417 .tile .caption-block { transition-duration:0.25s; }#ftg-417417 .tile .tile-inner:before { background-color: #000000; }#ftg-417417 .tile .tile-inner:before { background-color: rgba(0, 0, 0, 0.8); }<\/style><a name=\"417\"><\/a><div class=\"final-tiles-gallery  ftg-hover-enabled caption-inside  caption-none caption-middle caption-center\" id=\"ftg-417417\" style=\"width: 100%\"><div class='ftg-items'><div class='loading-bar'><i><\/i><\/div><div  class='tile ftg-preload  '><a title=\"IMG-20260319-WA0000\" data-lightbox='ftg-417417' rel='ftg-417417'  class=' tile-inner  ftg-lightbox' href='https:\/\/grupamisyjna.misjonarze.pl\/wp-content\/uploads\/2026\/03\/IMG-20260319-WA0000-768x1024.jpg' ><img alt='IMG-20260319-WA0000' class='item skip-lazy' data-class='item' data-ftg-source='https:\/\/grupamisyjna.misjonarze.pl\/wp-content\/uploads\/2026\/03\/IMG-20260319-WA0000-768x1024.jpg' src='https:\/\/grupamisyjna.misjonarze.pl\/wp-content\/uploads\/2026\/03\/IMG-20260319-WA0000-768x1024.jpg' width='768' height='1024' \/><span class='icon fa fa-zoom'><\/span><div class='caption-block'><div class='text-wrapper'><span class='title'>IMG-20260319-WA0000<\/span><\/div><\/div><\/a><div class='ftg-social'><\/div><\/div><div  class='tile ftg-preload  '><a title=\"IMG-20260319-WA0001\" data-lightbox='ftg-417417' rel='ftg-417417'  class=' tile-inner  ftg-lightbox' href='https:\/\/grupamisyjna.misjonarze.pl\/wp-content\/uploads\/2026\/03\/IMG-20260319-WA0001-768x1024.jpg' ><img alt='IMG-20260319-WA0001' class='item skip-lazy' data-class='item' data-ftg-source='https:\/\/grupamisyjna.misjonarze.pl\/wp-content\/uploads\/2026\/03\/IMG-20260319-WA0001-768x1024.jpg' src='https:\/\/grupamisyjna.misjonarze.pl\/wp-content\/uploads\/2026\/03\/IMG-20260319-WA0001-768x1024.jpg' width='768' height='1024' \/><span class='icon fa fa-zoom'><\/span><div class='caption-block'><div class='text-wrapper'><span class='title'>IMG-20260319-WA0001<\/span><\/div><\/div><\/a><div class='ftg-social'><\/div><\/div><div  class='tile ftg-preload  '><a title=\"IMG-20260319-WA0002\" data-lightbox='ftg-417417' rel='ftg-417417'  class=' tile-inner  ftg-lightbox' href='https:\/\/grupamisyjna.misjonarze.pl\/wp-content\/uploads\/2026\/03\/IMG-20260319-WA0002-768x1024.jpg' ><img alt='IMG-20260319-WA0002' class='item skip-lazy' data-class='item' data-ftg-source='https:\/\/grupamisyjna.misjonarze.pl\/wp-content\/uploads\/2026\/03\/IMG-20260319-WA0002-768x1024.jpg' src='https:\/\/grupamisyjna.misjonarze.pl\/wp-content\/uploads\/2026\/03\/IMG-20260319-WA0002-768x1024.jpg' width='768' height='1024' \/><span class='icon fa fa-zoom'><\/span><div class='caption-block'><div class='text-wrapper'><span class='title'>IMG-20260319-WA0002<\/span><\/div><\/div><\/a><div class='ftg-social'><\/div><\/div><div  class='tile ftg-preload  '><a title=\"IMG-20260319-WA0003\" data-lightbox='ftg-417417' rel='ftg-417417'  class=' tile-inner  ftg-lightbox' href='https:\/\/grupamisyjna.misjonarze.pl\/wp-content\/uploads\/2026\/03\/IMG-20260319-WA0003-768x1024.jpg' ><img alt='IMG-20260319-WA0003' class='item skip-lazy' data-class='item' data-ftg-source='https:\/\/grupamisyjna.misjonarze.pl\/wp-content\/uploads\/2026\/03\/IMG-20260319-WA0003-768x1024.jpg' src='https:\/\/grupamisyjna.misjonarze.pl\/wp-content\/uploads\/2026\/03\/IMG-20260319-WA0003-768x1024.jpg' width='768' height='1024' \/><span class='icon fa fa-zoom'><\/span><div class='caption-block'><div class='text-wrapper'><span class='title'>IMG-20260319-WA0003<\/span><\/div><\/div><\/a><div class='ftg-social'><\/div><\/div><\/div><\/div>\n","protected":false},"excerpt":{"rendered":"<p>&nbsp; W czwart\u0105 niedziel\u0119 Wielkiego Postu rozpocz\u0119\u0142y si\u0119 rekolekcje w parafii pw. \u015aw. Andrzeja Boboli w&hellip;<\/p>\n","protected":false},"author":2,"featured_media":5241,"comment_status":"open","ping_status":"open","sticky":false,"template":"","format":"standard","meta":{"footnotes":""},"categories":[1],"tags":[],"class_list":["post-5244","post","type-post","status-publish","format-standard","has-post-thumbnail","hentry","category-bez-kategorii"],"_links":{"self":[{"href":"https:\/\/grupamisyjna.misjonarze.pl\/index.php?rest_route=\/wp\/v2\/posts\/5244","targetHints":{"allow":["GET"]}}],"collection":[{"href":"https:\/\/grupamisyjna.misjonarze.pl\/index.php?rest_route=\/wp\/v2\/posts"}],"about":[{"href":"https:\/\/grupamisyjna.misjonarze.pl\/index.php?rest_route=\/wp\/v2\/types\/post"}],"author":[{"embeddable":true,"href":"https:\/\/grupamisyjna.misjonarze.pl\/index.php?rest_route=\/wp\/v2\/users\/2"}],"replies":[{"embeddable":true,"href":"https:\/\/grupamisyjna.misjonarze.pl\/index.php?rest_route=%2Fwp%2Fv2%2Fcomments&post=5244"}],"version-history":[{"count":2,"href":"https:\/\/grupamisyjna.misjonarze.pl\/index.php?rest_route=\/wp\/v2\/posts\/5244\/revisions"}],"predecessor-version":[{"id":5246,"href":"https:\/\/grupamisyjna.misjonarze.pl\/index.php?rest_route=\/wp\/v2\/posts\/5244\/revisions\/5246"}],"wp:featuredmedia":[{"embeddable":true,"href":"https:\/\/grupamisyjna.misjonarze.pl\/index.php?rest_route=\/wp\/v2\/media\/5241"}],"wp:attachment":[{"href":"https:\/\/grupamisyjna.misjonarze.pl\/index.php?rest_route=%2Fwp%2Fv2%2Fmedia&parent=5244"}],"wp:term":[{"taxonomy":"category","embeddable":true,"href":"https:\/\/grupamisyjna.misjonarze.pl\/index.php?rest_route=%2Fwp%2Fv2%2Fcategories&post=5244"},{"taxonomy":"post_tag","embeddable":true,"href":"https:\/\/grupamisyjna.misjonarze.pl\/index.php?rest_route=%2Fwp%2Fv2%2Ftags&post=5244"}],"curies":[{"name":"wp","href":"https:\/\/api.w.org\/{rel}","templated":true}]}}