{"id":5262,"date":"2026-03-21T15:31:56","date_gmt":"2026-03-21T14:31:56","guid":{"rendered":"https:\/\/grupamisyjna.misjonarze.pl\/?p=5262"},"modified":"2026-03-21T15:32:29","modified_gmt":"2026-03-21T14:32:29","slug":"zlotow-5","status":"publish","type":"post","link":"https:\/\/grupamisyjna.misjonarze.pl\/?p=5262","title":{"rendered":"Z\u0141OT\u00d3W"},"content":{"rendered":"<p>&nbsp;<\/p>\n<p><span data-olk-copy-source=\"MessageBody\">Od 14tego do 18tego marca prze\u017cywali\u015bmy rekolekcje w Z\u0142otowie. Na naukach rekolekcyjnych spotkali\u015bmy si\u0119 z doros\u0142ymi na porannej i wieczornej Mszy \u015bw. R\u00f3wnolegle grupa m\u0142odzie\u017cy z ksi\u0119dzem opiekunem z Torunia prowadzi\u0142a rekolekcje dla m\u0142odzie\u017cy. Spotykali\u015bmy si\u0119 razem na wieczornych nabo\u017ce\u0144stwach. Przyj\u0119cie by\u0142o bardzo \u017cyczliwe i mam nadziej\u0119, \u017ce zasiane S\u0142owo wyda b\u0142ogos\u0142awione owoce. Ks. Andrzej Giero\u0144 CM\u00a0<\/span><\/p>\n<!-- Final Tiles Grid Gallery for WordPress v3.6.13 free --><style>#ftg-419419 .tile .icon { color:#ffffff; }#ftg-419419 .ftg-items .loading-bar i { background:#666; }#ftg-419419 .ftg-items .loading-bar { background:#fff; }#ftg-419419 .tile .icon { font-size:12px; }#ftg-419419 .tile .icon { margin: -6px 0 0 -6px; }#ftg-419419 .tile .caption-block .text-wrapper span.text { font-size:12px; }#ftg-419419 .tile .caption-outside .text-wrapper span.text { font-size:12px; }#ftg-419419 .tile .caption-block .text-wrapper span.title { font-size:14px; }#ftg-419419 .tile .caption-outside .text-wrapper span.title { font-size:14px; }#ftg-419419 .tile { background-color: transparent; }#ftg-419419 .tile .caption-block .text-wrapper span.text { color: #ffffff; }#ftg-419419 .tile .caption-block .text-wrapper span.title { color: #ffffff; }#ftg-419419 .tile .caption-outside .text-wrapper span.text { color: #ffffff; }#ftg-419419 .tile .caption-outside .text-wrapper span.title { color: #ffffff; }#ftg-419419 .tile .ftg-social a { color: #ffffff; }#ftg-419419 .tile .caption-block { transition-timing-function:linear; }#ftg-419419 .tile .caption-block { transition-duration:0.25s; }#ftg-419419 .tile .tile-inner:before { background-color: #000000; }#ftg-419419 .tile .tile-inner:before { background-color: rgba(0, 0, 0, 0.8); }<\/style><a name=\"419\"><\/a><div class=\"final-tiles-gallery  ftg-hover-enabled caption-inside  caption-none caption-middle caption-center\" id=\"ftg-419419\" style=\"width: 100%\"><div class='ftg-items'><div class='loading-bar'><i><\/i><\/div><div  class='tile ftg-preload  '><a title=\"1000021233\" data-lightbox='ftg-419419' rel='ftg-419419'  class=' tile-inner  ftg-lightbox' href='https:\/\/grupamisyjna.misjonarze.pl\/wp-content\/uploads\/2026\/03\/1000021233-1024x768.jpg' ><img alt='1000021233' class='item skip-lazy' data-class='item' data-ftg-source='https:\/\/grupamisyjna.misjonarze.pl\/wp-content\/uploads\/2026\/03\/1000021233-1024x768.jpg' src='https:\/\/grupamisyjna.misjonarze.pl\/wp-content\/uploads\/2026\/03\/1000021233-1024x768.jpg' width='1024' height='768' \/><span class='icon fa fa-zoom'><\/span><div class='caption-block'><div class='text-wrapper'><span class='title'>1000021233<\/span><\/div><\/div><\/a><div class='ftg-social'><\/div><\/div><div  class='tile ftg-preload  '><a title=\"1000021239\" data-lightbox='ftg-419419' rel='ftg-419419'  class=' tile-inner  ftg-lightbox' href='https:\/\/grupamisyjna.misjonarze.pl\/wp-content\/uploads\/2026\/03\/1000021239-1024x768.jpg' ><img alt='1000021239' class='item skip-lazy' data-class='item' data-ftg-source='https:\/\/grupamisyjna.misjonarze.pl\/wp-content\/uploads\/2026\/03\/1000021239-1024x768.jpg' src='https:\/\/grupamisyjna.misjonarze.pl\/wp-content\/uploads\/2026\/03\/1000021239-1024x768.jpg' width='1024' height='768' \/><span class='icon fa fa-zoom'><\/span><div class='caption-block'><div class='text-wrapper'><span class='title'>1000021239<\/span><\/div><\/div><\/a><div class='ftg-social'><\/div><\/div><div  class='tile ftg-preload  '><a title=\"1000021243\" data-lightbox='ftg-419419' rel='ftg-419419'  class=' tile-inner  ftg-lightbox' href='https:\/\/grupamisyjna.misjonarze.pl\/wp-content\/uploads\/2026\/03\/1000021243-1024x768.jpg' ><img alt='1000021243' class='item skip-lazy' data-class='item' data-ftg-source='https:\/\/grupamisyjna.misjonarze.pl\/wp-content\/uploads\/2026\/03\/1000021243-1024x768.jpg' src='https:\/\/grupamisyjna.misjonarze.pl\/wp-content\/uploads\/2026\/03\/1000021243-1024x768.jpg' width='1024' height='768' \/><span class='icon fa fa-zoom'><\/span><div class='caption-block'><div class='text-wrapper'><span class='title'>1000021243<\/span><\/div><\/div><\/a><div class='ftg-social'><\/div><\/div><div  class='tile ftg-preload  '><a title=\"1000021259\" data-lightbox='ftg-419419' rel='ftg-419419'  class=' tile-inner  ftg-lightbox' href='https:\/\/grupamisyjna.misjonarze.pl\/wp-content\/uploads\/2026\/03\/1000021259-1024x768.jpg' ><img alt='1000021259' class='item skip-lazy' data-class='item' data-ftg-source='https:\/\/grupamisyjna.misjonarze.pl\/wp-content\/uploads\/2026\/03\/1000021259-1024x768.jpg' src='https:\/\/grupamisyjna.misjonarze.pl\/wp-content\/uploads\/2026\/03\/1000021259-1024x768.jpg' width='1024' height='768' \/><span class='icon fa fa-zoom'><\/span><div class='caption-block'><div class='text-wrapper'><span class='title'>1000021259<\/span><\/div><\/div><\/a><div class='ftg-social'><\/div><\/div><\/div><\/div>\n","protected":false},"excerpt":{"rendered":"<p>&nbsp; Od 14tego do 18tego marca prze\u017cywali\u015bmy rekolekcje w Z\u0142otowie. Na naukach rekolekcyjnych spotkali\u015bmy si\u0119 z&hellip;<\/p>\n","protected":false},"author":2,"featured_media":5258,"comment_status":"open","ping_status":"open","sticky":false,"template":"","format":"standard","meta":{"footnotes":""},"categories":[1],"tags":[],"class_list":["post-5262","post","type-post","status-publish","format-standard","has-post-thumbnail","hentry","category-bez-kategorii"],"_links":{"self":[{"href":"https:\/\/grupamisyjna.misjonarze.pl\/index.php?rest_route=\/wp\/v2\/posts\/5262","targetHints":{"allow":["GET"]}}],"collection":[{"href":"https:\/\/grupamisyjna.misjonarze.pl\/index.php?rest_route=\/wp\/v2\/posts"}],"about":[{"href":"https:\/\/grupamisyjna.misjonarze.pl\/index.php?rest_route=\/wp\/v2\/types\/post"}],"author":[{"embeddable":true,"href":"https:\/\/grupamisyjna.misjonarze.pl\/index.php?rest_route=\/wp\/v2\/users\/2"}],"replies":[{"embeddable":true,"href":"https:\/\/grupamisyjna.misjonarze.pl\/index.php?rest_route=%2Fwp%2Fv2%2Fcomments&post=5262"}],"version-history":[{"count":1,"href":"https:\/\/grupamisyjna.misjonarze.pl\/index.php?rest_route=\/wp\/v2\/posts\/5262\/revisions"}],"predecessor-version":[{"id":5263,"href":"https:\/\/grupamisyjna.misjonarze.pl\/index.php?rest_route=\/wp\/v2\/posts\/5262\/revisions\/5263"}],"wp:featuredmedia":[{"embeddable":true,"href":"https:\/\/grupamisyjna.misjonarze.pl\/index.php?rest_route=\/wp\/v2\/media\/5258"}],"wp:attachment":[{"href":"https:\/\/grupamisyjna.misjonarze.pl\/index.php?rest_route=%2Fwp%2Fv2%2Fmedia&parent=5262"}],"wp:term":[{"taxonomy":"category","embeddable":true,"href":"https:\/\/grupamisyjna.misjonarze.pl\/index.php?rest_route=%2Fwp%2Fv2%2Fcategories&post=5262"},{"taxonomy":"post_tag","embeddable":true,"href":"https:\/\/grupamisyjna.misjonarze.pl\/index.php?rest_route=%2Fwp%2Fv2%2Ftags&post=5262"}],"curies":[{"name":"wp","href":"https:\/\/api.w.org\/{rel}","templated":true}]}}