{"id":5268,"date":"2026-03-21T16:18:05","date_gmt":"2026-03-21T15:18:05","guid":{"rendered":"https:\/\/grupamisyjna.misjonarze.pl\/?p=5268"},"modified":"2026-03-21T16:19:09","modified_gmt":"2026-03-21T15:19:09","slug":"wiecbork-5","status":"publish","type":"post","link":"https:\/\/grupamisyjna.misjonarze.pl\/?p=5268","title":{"rendered":"WI\u0118CBORK"},"content":{"rendered":"<p>&nbsp;<\/p>\n<p>W dniach 14-20 marca 2026 ks. Tomasz Wa\u017cny przeprowadzi\u0142 rekolekcje w parafii \u015bw. Szymona i Judy Tadeusza w Wi\u0119cborku. By\u0142y to wielkopostne rekolekcje parafialne, a tak\u017ce rekolekcje dla czterech szk\u00f3\u0142 podstawowych i Zespo\u0142u Szk\u00f3\u0142 Ponadpodstawowych. W czasie czterdziestu spotka\u0144 rekolekcyjnych parafianie wi\u0119cborskiej parafii, a tak\u017ce uczniowie szk\u00f3\u0142, w du\u017cej mierze pochodz\u0105cy z okolicznych miejscowo\u015bci, przygotowywali swoje serca do godnego i radosnego prze\u017cycia wielkanocnych \u015bwi\u0105t naszego odkupienia.<\/p>\n<p>&nbsp;<\/p>\n<!-- Final Tiles Grid Gallery for WordPress v3.6.13 free --><style>#ftg-420420 .tile .icon { color:#ffffff; }#ftg-420420 .ftg-items .loading-bar i { background:#666; }#ftg-420420 .ftg-items .loading-bar { background:#fff; }#ftg-420420 .tile .icon { font-size:12px; }#ftg-420420 .tile .icon { margin: -6px 0 0 -6px; }#ftg-420420 .tile .caption-block .text-wrapper span.text { font-size:12px; }#ftg-420420 .tile .caption-outside .text-wrapper span.text { font-size:12px; }#ftg-420420 .tile .caption-block .text-wrapper span.title { font-size:14px; }#ftg-420420 .tile .caption-outside .text-wrapper span.title { font-size:14px; }#ftg-420420 .tile { background-color: transparent; }#ftg-420420 .tile .caption-block .text-wrapper span.text { color: #ffffff; }#ftg-420420 .tile .caption-block .text-wrapper span.title { color: #ffffff; }#ftg-420420 .tile .caption-outside .text-wrapper span.text { color: #ffffff; }#ftg-420420 .tile .caption-outside .text-wrapper span.title { color: #ffffff; }#ftg-420420 .tile .ftg-social a { color: #ffffff; }#ftg-420420 .tile .caption-block { transition-timing-function:linear; }#ftg-420420 .tile .caption-block { transition-duration:0.25s; }#ftg-420420 .tile .tile-inner:before { background-color: #000000; }#ftg-420420 .tile .tile-inner:before { background-color: rgba(0, 0, 0, 0.8); }<\/style><a name=\"420\"><\/a><div class=\"final-tiles-gallery  ftg-hover-enabled caption-inside  caption-none caption-middle caption-center\" id=\"ftg-420420\" style=\"width: 100%\"><div class='ftg-items'><div class='loading-bar'><i><\/i><\/div><div  class='tile ftg-preload  '><a title=\"1000003668\" data-lightbox='ftg-420420' rel='ftg-420420'  class=' tile-inner  ftg-lightbox' href='https:\/\/grupamisyjna.misjonarze.pl\/wp-content\/uploads\/2026\/03\/1000003668-771x1024.jpg' ><img alt='1000003668' class='item skip-lazy' data-class='item' data-ftg-source='https:\/\/grupamisyjna.misjonarze.pl\/wp-content\/uploads\/2026\/03\/1000003668-771x1024.jpg' src='https:\/\/grupamisyjna.misjonarze.pl\/wp-content\/uploads\/2026\/03\/1000003668-771x1024.jpg' width='771' height='1024' \/><span class='icon fa fa-zoom'><\/span><div class='caption-block'><div class='text-wrapper'><span class='title'>1000003668<\/span><\/div><\/div><\/a><div class='ftg-social'><\/div><\/div><div  class='tile ftg-preload  '><a title=\"1000003687\" data-lightbox='ftg-420420' rel='ftg-420420'  class=' tile-inner  ftg-lightbox' href='https:\/\/grupamisyjna.misjonarze.pl\/wp-content\/uploads\/2026\/03\/1000003687-768x1024.jpg' ><img alt='1000003687' class='item skip-lazy' data-class='item' data-ftg-source='https:\/\/grupamisyjna.misjonarze.pl\/wp-content\/uploads\/2026\/03\/1000003687-768x1024.jpg' src='https:\/\/grupamisyjna.misjonarze.pl\/wp-content\/uploads\/2026\/03\/1000003687-768x1024.jpg' width='768' height='1024' \/><span class='icon fa fa-zoom'><\/span><div class='caption-block'><div class='text-wrapper'><span class='title'>1000003687<\/span><\/div><\/div><\/a><div class='ftg-social'><\/div><\/div><div  class='tile ftg-preload  '><a title=\"1000003705\" data-lightbox='ftg-420420' rel='ftg-420420'  class=' tile-inner  ftg-lightbox' href='https:\/\/grupamisyjna.misjonarze.pl\/wp-content\/uploads\/2026\/03\/1000003705-768x1024.jpg' ><img alt='1000003705' class='item skip-lazy' data-class='item' data-ftg-source='https:\/\/grupamisyjna.misjonarze.pl\/wp-content\/uploads\/2026\/03\/1000003705-768x1024.jpg' src='https:\/\/grupamisyjna.misjonarze.pl\/wp-content\/uploads\/2026\/03\/1000003705-768x1024.jpg' width='768' height='1024' \/><span class='icon fa fa-zoom'><\/span><div class='caption-block'><div class='text-wrapper'><span class='title'>1000003705<\/span><\/div><\/div><\/a><div class='ftg-social'><\/div><\/div><div  class='tile ftg-preload  '><a title=\"WhatsApp Image 2026-03-17 at 09.43.12\" data-lightbox='ftg-420420' rel='ftg-420420'  class=' tile-inner  ftg-lightbox' href='https:\/\/grupamisyjna.misjonarze.pl\/wp-content\/uploads\/2026\/03\/WhatsApp-Image-2026-03-17-at-09.43.12-768x1024.jpeg' ><img alt='WhatsApp Image 2026-03-17 at 09.43.12' class='item skip-lazy' data-class='item' data-ftg-source='https:\/\/grupamisyjna.misjonarze.pl\/wp-content\/uploads\/2026\/03\/WhatsApp-Image-2026-03-17-at-09.43.12-768x1024.jpeg' src='https:\/\/grupamisyjna.misjonarze.pl\/wp-content\/uploads\/2026\/03\/WhatsApp-Image-2026-03-17-at-09.43.12-768x1024.jpeg' width='768' height='1024' \/><span class='icon fa fa-zoom'><\/span><div class='caption-block'><div class='text-wrapper'><span class='title'>WhatsApp Image 2026-03-17 at 09.43.12<\/span><\/div><\/div><\/a><div class='ftg-social'><\/div><\/div><\/div><\/div>\n","protected":false},"excerpt":{"rendered":"<p>&nbsp; W dniach 14-20 marca 2026 ks. Tomasz Wa\u017cny przeprowadzi\u0142 rekolekcje w parafii \u015bw. Szymona i&hellip;<\/p>\n","protected":false},"author":2,"featured_media":5267,"comment_status":"open","ping_status":"open","sticky":false,"template":"","format":"standard","meta":{"footnotes":""},"categories":[1],"tags":[],"class_list":["post-5268","post","type-post","status-publish","format-standard","has-post-thumbnail","hentry","category-bez-kategorii"],"_links":{"self":[{"href":"https:\/\/grupamisyjna.misjonarze.pl\/index.php?rest_route=\/wp\/v2\/posts\/5268","targetHints":{"allow":["GET"]}}],"collection":[{"href":"https:\/\/grupamisyjna.misjonarze.pl\/index.php?rest_route=\/wp\/v2\/posts"}],"about":[{"href":"https:\/\/grupamisyjna.misjonarze.pl\/index.php?rest_route=\/wp\/v2\/types\/post"}],"author":[{"embeddable":true,"href":"https:\/\/grupamisyjna.misjonarze.pl\/index.php?rest_route=\/wp\/v2\/users\/2"}],"replies":[{"embeddable":true,"href":"https:\/\/grupamisyjna.misjonarze.pl\/index.php?rest_route=%2Fwp%2Fv2%2Fcomments&post=5268"}],"version-history":[{"count":1,"href":"https:\/\/grupamisyjna.misjonarze.pl\/index.php?rest_route=\/wp\/v2\/posts\/5268\/revisions"}],"predecessor-version":[{"id":5269,"href":"https:\/\/grupamisyjna.misjonarze.pl\/index.php?rest_route=\/wp\/v2\/posts\/5268\/revisions\/5269"}],"wp:featuredmedia":[{"embeddable":true,"href":"https:\/\/grupamisyjna.misjonarze.pl\/index.php?rest_route=\/wp\/v2\/media\/5267"}],"wp:attachment":[{"href":"https:\/\/grupamisyjna.misjonarze.pl\/index.php?rest_route=%2Fwp%2Fv2%2Fmedia&parent=5268"}],"wp:term":[{"taxonomy":"category","embeddable":true,"href":"https:\/\/grupamisyjna.misjonarze.pl\/index.php?rest_route=%2Fwp%2Fv2%2Fcategories&post=5268"},{"taxonomy":"post_tag","embeddable":true,"href":"https:\/\/grupamisyjna.misjonarze.pl\/index.php?rest_route=%2Fwp%2Fv2%2Ftags&post=5268"}],"curies":[{"name":"wp","href":"https:\/\/api.w.org\/{rel}","templated":true}]}}