{"id":5275,"date":"2026-03-22T12:19:38","date_gmt":"2026-03-22T11:19:38","guid":{"rendered":"https:\/\/grupamisyjna.misjonarze.pl\/?p=5275"},"modified":"2026-03-22T12:19:38","modified_gmt":"2026-03-22T11:19:38","slug":"krakow-4","status":"publish","type":"post","link":"https:\/\/grupamisyjna.misjonarze.pl\/?p=5275","title":{"rendered":"KRAK\u00d3W"},"content":{"rendered":"<p>&nbsp;<\/p>\n<p><span data-olk-copy-source=\"MessageBody\">W dniach 15 \u2013 19 marca, w parafii \u015aw. Wojciecha w Krakowie, tamtejsza wsp\u00f3lnota parafialna prze\u017cywa\u0142a szczeg\u00f3ln\u0105 form\u0119 rekolekcji wielkopostnych, jakimi s\u0105 renowacje misji. Rok wcze\u015bniej, wraz z ks. Zbigniewem Knopem CM, g\u0142osili\u015bmy w tej parafii misje, st\u0105d i w tym roku mia\u0142em mo\u017cliwo\u015b\u0107 przyjecha\u0107 i wyg\u0142osi\u0107 nauki. W rekolekcjach brali udzia\u0142 doro\u015bli, dzieci szk\u00f3\u0142 podstawowych oraz m\u0142odzie\u017c z technikum budowlanego. Parafianie licznie podj\u0119li trud przygotowania do Wielkanocy, jakim s\u0105 rekolekcje parafialne.<\/span><\/p>\n<p>Ks. \u0141ukasz Olszewski CM<\/p>\n<!-- Final Tiles Grid Gallery for WordPress v3.6.13 free --><style>#ftg-421421 .tile .icon { color:#ffffff; }#ftg-421421 .ftg-items .loading-bar i { background:#666; }#ftg-421421 .ftg-items .loading-bar { background:#fff; }#ftg-421421 .tile .icon { font-size:12px; }#ftg-421421 .tile .icon { margin: -6px 0 0 -6px; }#ftg-421421 .tile .caption-block .text-wrapper span.text { font-size:12px; }#ftg-421421 .tile .caption-outside .text-wrapper span.text { font-size:12px; }#ftg-421421 .tile .caption-block .text-wrapper span.title { font-size:14px; }#ftg-421421 .tile .caption-outside .text-wrapper span.title { font-size:14px; }#ftg-421421 .tile { background-color: transparent; }#ftg-421421 .tile .caption-block .text-wrapper span.text { color: #ffffff; }#ftg-421421 .tile .caption-block .text-wrapper span.title { color: #ffffff; }#ftg-421421 .tile .caption-outside .text-wrapper span.text { color: #ffffff; }#ftg-421421 .tile .caption-outside .text-wrapper span.title { color: #ffffff; }#ftg-421421 .tile .ftg-social a { color: #ffffff; }#ftg-421421 .tile .caption-block { transition-timing-function:linear; }#ftg-421421 .tile .caption-block { transition-duration:0.25s; }#ftg-421421 .tile .tile-inner:before { background-color: #000000; }#ftg-421421 .tile .tile-inner:before { background-color: rgba(0, 0, 0, 0.8); }<\/style><a name=\"421\"><\/a><div class=\"final-tiles-gallery  ftg-hover-enabled caption-inside  caption-none caption-middle caption-center\" id=\"ftg-421421\" style=\"width: 100%\"><div class='ftg-items'><div class='loading-bar'><i><\/i><\/div><div  class='tile ftg-preload  '><a title=\"IMG-20250308-WA0003\" data-lightbox='ftg-421421' rel='ftg-421421'  class=' tile-inner  ftg-lightbox' href='https:\/\/grupamisyjna.misjonarze.pl\/wp-content\/uploads\/2026\/03\/IMG-20250308-WA0003-576x1024.jpg' ><img alt='IMG-20250308-WA0003' class='item skip-lazy' data-class='item' data-ftg-source='https:\/\/grupamisyjna.misjonarze.pl\/wp-content\/uploads\/2026\/03\/IMG-20250308-WA0003-576x1024.jpg' src='https:\/\/grupamisyjna.misjonarze.pl\/wp-content\/uploads\/2026\/03\/IMG-20250308-WA0003-576x1024.jpg' width='576' height='1024' \/><span class='icon fa fa-zoom'><\/span><div class='caption-block'><div class='text-wrapper'><span class='title'>IMG-20250308-WA0003<\/span><\/div><\/div><\/a><div class='ftg-social'><\/div><\/div><div  class='tile ftg-preload  '><a title=\"IMG-20260322-WA0001\" data-lightbox='ftg-421421' rel='ftg-421421'  class=' tile-inner  ftg-lightbox' href='https:\/\/grupamisyjna.misjonarze.pl\/wp-content\/uploads\/2026\/03\/IMG-20260322-WA0001-1024x768.jpg' ><img alt='IMG-20260322-WA0001' class='item skip-lazy' data-class='item' data-ftg-source='https:\/\/grupamisyjna.misjonarze.pl\/wp-content\/uploads\/2026\/03\/IMG-20260322-WA0001-1024x768.jpg' src='https:\/\/grupamisyjna.misjonarze.pl\/wp-content\/uploads\/2026\/03\/IMG-20260322-WA0001-1024x768.jpg' width='1024' height='768' \/><span class='icon fa fa-zoom'><\/span><div class='caption-block'><div class='text-wrapper'><span class='title'>IMG-20260322-WA0001<\/span><\/div><\/div><\/a><div class='ftg-social'><\/div><\/div><div  class='tile ftg-preload  '><a title=\"IMG-20260322-WA0002\" data-lightbox='ftg-421421' rel='ftg-421421'  class=' tile-inner  ftg-lightbox' href='https:\/\/grupamisyjna.misjonarze.pl\/wp-content\/uploads\/2026\/03\/IMG-20260322-WA0002-1024x768.jpg' ><img alt='IMG-20260322-WA0002' class='item skip-lazy' data-class='item' data-ftg-source='https:\/\/grupamisyjna.misjonarze.pl\/wp-content\/uploads\/2026\/03\/IMG-20260322-WA0002-1024x768.jpg' src='https:\/\/grupamisyjna.misjonarze.pl\/wp-content\/uploads\/2026\/03\/IMG-20260322-WA0002-1024x768.jpg' width='1024' height='768' \/><span class='icon fa fa-zoom'><\/span><div class='caption-block'><div class='text-wrapper'><span class='title'>IMG-20260322-WA0002<\/span><\/div><\/div><\/a><div class='ftg-social'><\/div><\/div><div  class='tile ftg-preload  '><a title=\"IMG-20260322-WA0003\" data-lightbox='ftg-421421' rel='ftg-421421'  class=' tile-inner  ftg-lightbox' href='https:\/\/grupamisyjna.misjonarze.pl\/wp-content\/uploads\/2026\/03\/IMG-20260322-WA0003-768x1024.jpg' ><img alt='IMG-20260322-WA0003' class='item skip-lazy' data-class='item' data-ftg-source='https:\/\/grupamisyjna.misjonarze.pl\/wp-content\/uploads\/2026\/03\/IMG-20260322-WA0003-768x1024.jpg' src='https:\/\/grupamisyjna.misjonarze.pl\/wp-content\/uploads\/2026\/03\/IMG-20260322-WA0003-768x1024.jpg' width='768' height='1024' \/><span class='icon fa fa-zoom'><\/span><div class='caption-block'><div class='text-wrapper'><span class='title'>IMG-20260322-WA0003<\/span><\/div><\/div><\/a><div class='ftg-social'><\/div><\/div><div  class='tile ftg-preload  '><a title=\"IMG-20260322-WA0005\" data-lightbox='ftg-421421' rel='ftg-421421'  class=' tile-inner  ftg-lightbox' href='https:\/\/grupamisyjna.misjonarze.pl\/wp-content\/uploads\/2026\/03\/IMG-20260322-WA0005-768x1024.jpg' ><img alt='IMG-20260322-WA0005' class='item skip-lazy' data-class='item' data-ftg-source='https:\/\/grupamisyjna.misjonarze.pl\/wp-content\/uploads\/2026\/03\/IMG-20260322-WA0005-768x1024.jpg' src='https:\/\/grupamisyjna.misjonarze.pl\/wp-content\/uploads\/2026\/03\/IMG-20260322-WA0005-768x1024.jpg' width='768' height='1024' \/><span class='icon fa fa-zoom'><\/span><div class='caption-block'><div class='text-wrapper'><span class='title'>IMG-20260322-WA0005<\/span><\/div><\/div><\/a><div class='ftg-social'><\/div><\/div><\/div><\/div>\n","protected":false},"excerpt":{"rendered":"<p>&nbsp; W dniach 15 \u2013 19 marca, w parafii \u015aw. Wojciecha w Krakowie, tamtejsza wsp\u00f3lnota parafialna&hellip;<\/p>\n","protected":false},"author":2,"featured_media":5270,"comment_status":"open","ping_status":"open","sticky":false,"template":"","format":"standard","meta":{"footnotes":""},"categories":[1],"tags":[],"class_list":["post-5275","post","type-post","status-publish","format-standard","has-post-thumbnail","hentry","category-bez-kategorii"],"_links":{"self":[{"href":"https:\/\/grupamisyjna.misjonarze.pl\/index.php?rest_route=\/wp\/v2\/posts\/5275","targetHints":{"allow":["GET"]}}],"collection":[{"href":"https:\/\/grupamisyjna.misjonarze.pl\/index.php?rest_route=\/wp\/v2\/posts"}],"about":[{"href":"https:\/\/grupamisyjna.misjonarze.pl\/index.php?rest_route=\/wp\/v2\/types\/post"}],"author":[{"embeddable":true,"href":"https:\/\/grupamisyjna.misjonarze.pl\/index.php?rest_route=\/wp\/v2\/users\/2"}],"replies":[{"embeddable":true,"href":"https:\/\/grupamisyjna.misjonarze.pl\/index.php?rest_route=%2Fwp%2Fv2%2Fcomments&post=5275"}],"version-history":[{"count":1,"href":"https:\/\/grupamisyjna.misjonarze.pl\/index.php?rest_route=\/wp\/v2\/posts\/5275\/revisions"}],"predecessor-version":[{"id":5276,"href":"https:\/\/grupamisyjna.misjonarze.pl\/index.php?rest_route=\/wp\/v2\/posts\/5275\/revisions\/5276"}],"wp:featuredmedia":[{"embeddable":true,"href":"https:\/\/grupamisyjna.misjonarze.pl\/index.php?rest_route=\/wp\/v2\/media\/5270"}],"wp:attachment":[{"href":"https:\/\/grupamisyjna.misjonarze.pl\/index.php?rest_route=%2Fwp%2Fv2%2Fmedia&parent=5275"}],"wp:term":[{"taxonomy":"category","embeddable":true,"href":"https:\/\/grupamisyjna.misjonarze.pl\/index.php?rest_route=%2Fwp%2Fv2%2Fcategories&post=5275"},{"taxonomy":"post_tag","embeddable":true,"href":"https:\/\/grupamisyjna.misjonarze.pl\/index.php?rest_route=%2Fwp%2Fv2%2Ftags&post=5275"}],"curies":[{"name":"wp","href":"https:\/\/api.w.org\/{rel}","templated":true}]}}