{"id":5285,"date":"2026-03-24T06:02:10","date_gmt":"2026-03-24T05:02:10","guid":{"rendered":"https:\/\/grupamisyjna.misjonarze.pl\/?p=5285"},"modified":"2026-03-24T06:02:33","modified_gmt":"2026-03-24T05:02:33","slug":"konin-lezyn","status":"publish","type":"post","link":"https:\/\/grupamisyjna.misjonarze.pl\/?p=5285","title":{"rendered":"KONIN &#8211; \u0141\u0118\u017bYN"},"content":{"rendered":"<p>&nbsp;<\/p>\n<p>PARAFIA PW. \u015aW. TERESY OD DZIECI\u0104TKA JEZUS<\/p>\n<p>W KONINIE-\u0141\u0118\u017bYNIE<\/p>\n<p>&nbsp;<\/p>\n<p>Oko\u0142o 13 kilometr\u00f3w na p\u00f3\u0142noc od centrum prawobrze\u017cnego Konina, na obrze\u017cach miasta, w dzielnicy \u2013 \u0141\u0119\u017cyn znajduje si\u0119 przynale\u017c\u0105cy do diecezji w\u0142oc\u0142awskiej ko\u015bci\u00f3\u0142 pw. \u015aw. Teresy od Dzieci\u0105tka Jezus. Parafi\u0119 erygowano w roku 1970. \u015awi\u0105tynia zosta\u0142a wzniesiona dekad\u0119 p\u00f3\u017aniej w latach 80-tych ubieg\u0142ego wieku. To w\u0142a\u015bnie tutaj, nietypowo, bo od pi\u0105tku przed V Niedziel\u0105 Wielkiego Postu rozpocz\u0119\u0142y si\u0119 3-dniowe rekolekcje dla dzieci i doros\u0142ych parafian. Spore zainteresowanie nimi po\u015br\u00f3d m\u0142odszego i starszego pokolenia oraz pr\u0119\u017cnie dzia\u0142aj\u0105ce grupy: S\u0142u\u017cby Liturgicznej O\u0142tarza, scholi, kt\u00f3rych inicjatorem i opiekunem jest obecny Ksi\u0105dz Proboszcz S\u0142awomir \u015bwiadcz\u0105 o mocno wsp\u00f3lnotowym charakterze parafii, co w \u015brodowisku miejskim, jak na obecne czasy mo\u017cna uzna\u0107 za ewenement.<\/p>\n<p>W planie rekolekcji znalaz\u0142y si\u0119 wi\u0119c i nauki dla dzieci ze szko\u0142y podstawowej, i nabo\u017ce\u0144stwo Drogi Krzy\u017cowej, i Msza \u015aw. z udzieleniem Sakramentu Namaszczenia i oczywi\u015bcie Eucharystie dla doros\u0142ych z licznym ich zaanga\u017cowaniem si\u0119 w \u017cycie sakramentalne (Spowied\u017a, Komunia \u015aw.).<\/p>\n<p>Ile\u017c wspania\u0142ego duchowego dobra mo\u017ce si\u0119 zadzia\u0107 nawet w dzisiejszych czasach, gdy wszystkim poczynaniom towarzyszy udzia\u0142 dobrej woli cz\u0142owieka, kt\u00f3ry \u0142aknie Bo\u017cej \u0142aski jak \u0142ania pragnie wody ze strumieni (Ps 42).<\/p>\n<p>&nbsp;<\/p>\n<p>Ks. Maciej Kuczak CM \u2013 misjonarz<\/p>\n<!-- Final Tiles Grid Gallery for WordPress v3.6.13 free --><style>#ftg-422422 .tile .icon { color:#ffffff; }#ftg-422422 .ftg-items .loading-bar i { background:#666; }#ftg-422422 .ftg-items .loading-bar { background:#fff; }#ftg-422422 .tile .icon { font-size:12px; }#ftg-422422 .tile .icon { margin: -6px 0 0 -6px; }#ftg-422422 .tile .caption-block .text-wrapper span.text { font-size:12px; }#ftg-422422 .tile .caption-outside .text-wrapper span.text { font-size:12px; }#ftg-422422 .tile .caption-block .text-wrapper span.title { font-size:14px; }#ftg-422422 .tile .caption-outside .text-wrapper span.title { font-size:14px; }#ftg-422422 .tile { background-color: transparent; }#ftg-422422 .tile .caption-block .text-wrapper span.text { color: #ffffff; }#ftg-422422 .tile .caption-block .text-wrapper span.title { color: #ffffff; }#ftg-422422 .tile .caption-outside .text-wrapper span.text { color: #ffffff; }#ftg-422422 .tile .caption-outside .text-wrapper span.title { color: #ffffff; }#ftg-422422 .tile .ftg-social a { color: #ffffff; }#ftg-422422 .tile .caption-block { transition-timing-function:linear; }#ftg-422422 .tile .caption-block { transition-duration:0.25s; }#ftg-422422 .tile .tile-inner:before { background-color: #000000; }#ftg-422422 .tile .tile-inner:before { background-color: rgba(0, 0, 0, 0.8); }<\/style><a name=\"422\"><\/a><div class=\"final-tiles-gallery  ftg-hover-enabled caption-inside  caption-none caption-middle caption-center\" id=\"ftg-422422\" style=\"width: 100%\"><div class='ftg-items'><div class='loading-bar'><i><\/i><\/div><div  class='tile ftg-preload  '><a title=\"G79A8926\" data-lightbox='ftg-422422' rel='ftg-422422'  class=' tile-inner  ftg-lightbox' href='https:\/\/grupamisyjna.misjonarze.pl\/wp-content\/uploads\/2026\/03\/G79A8926-1024x683.jpg' ><img alt='G79A8926' class='item skip-lazy' data-class='item' data-ftg-source='https:\/\/grupamisyjna.misjonarze.pl\/wp-content\/uploads\/2026\/03\/G79A8926-1024x683.jpg' src='https:\/\/grupamisyjna.misjonarze.pl\/wp-content\/uploads\/2026\/03\/G79A8926-1024x683.jpg' width='1024' height='683' \/><span class='icon fa fa-zoom'><\/span><div class='caption-block'><div class='text-wrapper'><span class='title'>G79A8926<\/span><\/div><\/div><\/a><div class='ftg-social'><\/div><\/div><div  class='tile ftg-preload  '><a title=\"G79A8928\" data-lightbox='ftg-422422' rel='ftg-422422'  class=' tile-inner  ftg-lightbox' href='https:\/\/grupamisyjna.misjonarze.pl\/wp-content\/uploads\/2026\/03\/G79A8928-1024x683.jpg' ><img alt='G79A8928' class='item skip-lazy' data-class='item' data-ftg-source='https:\/\/grupamisyjna.misjonarze.pl\/wp-content\/uploads\/2026\/03\/G79A8928-1024x683.jpg' src='https:\/\/grupamisyjna.misjonarze.pl\/wp-content\/uploads\/2026\/03\/G79A8928-1024x683.jpg' width='1024' height='683' \/><span class='icon fa fa-zoom'><\/span><div class='caption-block'><div class='text-wrapper'><span class='title'>G79A8928<\/span><\/div><\/div><\/a><div class='ftg-social'><\/div><\/div><div  class='tile ftg-preload  '><a title=\"G79A8931\" data-lightbox='ftg-422422' rel='ftg-422422'  class=' tile-inner  ftg-lightbox' href='https:\/\/grupamisyjna.misjonarze.pl\/wp-content\/uploads\/2026\/03\/G79A8931-1024x683.jpg' ><img alt='G79A8931' class='item skip-lazy' data-class='item' data-ftg-source='https:\/\/grupamisyjna.misjonarze.pl\/wp-content\/uploads\/2026\/03\/G79A8931-1024x683.jpg' src='https:\/\/grupamisyjna.misjonarze.pl\/wp-content\/uploads\/2026\/03\/G79A8931-1024x683.jpg' width='1024' height='683' \/><span class='icon fa fa-zoom'><\/span><div class='caption-block'><div class='text-wrapper'><span class='title'>G79A8931<\/span><\/div><\/div><\/a><div class='ftg-social'><\/div><\/div><div  class='tile ftg-preload  '><a title=\"G79A8933\" data-lightbox='ftg-422422' rel='ftg-422422'  class=' tile-inner  ftg-lightbox' href='https:\/\/grupamisyjna.misjonarze.pl\/wp-content\/uploads\/2026\/03\/G79A8933-1024x683.jpg' ><img alt='G79A8933' class='item skip-lazy' data-class='item' data-ftg-source='https:\/\/grupamisyjna.misjonarze.pl\/wp-content\/uploads\/2026\/03\/G79A8933-1024x683.jpg' src='https:\/\/grupamisyjna.misjonarze.pl\/wp-content\/uploads\/2026\/03\/G79A8933-1024x683.jpg' width='1024' height='683' \/><span class='icon fa fa-zoom'><\/span><div class='caption-block'><div class='text-wrapper'><span class='title'>G79A8933<\/span><\/div><\/div><\/a><div class='ftg-social'><\/div><\/div><div  class='tile ftg-preload  '><a title=\"G79A8934\" data-lightbox='ftg-422422' rel='ftg-422422'  class=' tile-inner  ftg-lightbox' href='https:\/\/grupamisyjna.misjonarze.pl\/wp-content\/uploads\/2026\/03\/G79A8934-683x1024.jpg' ><img alt='G79A8934' class='item skip-lazy' data-class='item' data-ftg-source='https:\/\/grupamisyjna.misjonarze.pl\/wp-content\/uploads\/2026\/03\/G79A8934-683x1024.jpg' src='https:\/\/grupamisyjna.misjonarze.pl\/wp-content\/uploads\/2026\/03\/G79A8934-683x1024.jpg' width='683' height='1024' \/><span class='icon fa fa-zoom'><\/span><div class='caption-block'><div class='text-wrapper'><span class='title'>G79A8934<\/span><\/div><\/div><\/a><div class='ftg-social'><\/div><\/div><div  class='tile ftg-preload  '><a title=\"G79A8935\" data-lightbox='ftg-422422' rel='ftg-422422'  class=' tile-inner  ftg-lightbox' href='https:\/\/grupamisyjna.misjonarze.pl\/wp-content\/uploads\/2026\/03\/G79A8935-683x1024.jpg' ><img alt='G79A8935' class='item skip-lazy' data-class='item' data-ftg-source='https:\/\/grupamisyjna.misjonarze.pl\/wp-content\/uploads\/2026\/03\/G79A8935-683x1024.jpg' src='https:\/\/grupamisyjna.misjonarze.pl\/wp-content\/uploads\/2026\/03\/G79A8935-683x1024.jpg' width='683' height='1024' \/><span class='icon fa fa-zoom'><\/span><div class='caption-block'><div class='text-wrapper'><span class='title'>G79A8935<\/span><\/div><\/div><\/a><div class='ftg-social'><\/div><\/div><div  class='tile ftg-preload  '><a title=\"G79A8942\" data-lightbox='ftg-422422' rel='ftg-422422'  class=' tile-inner  ftg-lightbox' href='https:\/\/grupamisyjna.misjonarze.pl\/wp-content\/uploads\/2026\/03\/G79A8942-1024x683.jpg' ><img alt='G79A8942' class='item skip-lazy' data-class='item' data-ftg-source='https:\/\/grupamisyjna.misjonarze.pl\/wp-content\/uploads\/2026\/03\/G79A8942-1024x683.jpg' src='https:\/\/grupamisyjna.misjonarze.pl\/wp-content\/uploads\/2026\/03\/G79A8942-1024x683.jpg' width='1024' height='683' \/><span class='icon fa fa-zoom'><\/span><div class='caption-block'><div class='text-wrapper'><span class='title'>G79A8942<\/span><\/div><\/div><\/a><div class='ftg-social'><\/div><\/div><div  class='tile ftg-preload  '><a title=\"G79A8945\" data-lightbox='ftg-422422' rel='ftg-422422'  class=' tile-inner  ftg-lightbox' href='https:\/\/grupamisyjna.misjonarze.pl\/wp-content\/uploads\/2026\/03\/G79A8945-1024x683.jpg' ><img alt='G79A8945' class='item skip-lazy' data-class='item' data-ftg-source='https:\/\/grupamisyjna.misjonarze.pl\/wp-content\/uploads\/2026\/03\/G79A8945-1024x683.jpg' src='https:\/\/grupamisyjna.misjonarze.pl\/wp-content\/uploads\/2026\/03\/G79A8945-1024x683.jpg' width='1024' height='683' \/><span class='icon fa fa-zoom'><\/span><div class='caption-block'><div class='text-wrapper'><span class='title'>G79A8945<\/span><\/div><\/div><\/a><div class='ftg-social'><\/div><\/div><\/div><\/div>\n","protected":false},"excerpt":{"rendered":"<p>&nbsp; PARAFIA PW. \u015aW. TERESY OD DZIECI\u0104TKA JEZUS W KONINIE-\u0141\u0118\u017bYNIE &nbsp; Oko\u0142o 13 kilometr\u00f3w na p\u00f3\u0142noc&hellip;<\/p>\n","protected":false},"author":2,"featured_media":5277,"comment_status":"open","ping_status":"open","sticky":false,"template":"","format":"standard","meta":{"footnotes":""},"categories":[1],"tags":[],"class_list":["post-5285","post","type-post","status-publish","format-standard","has-post-thumbnail","hentry","category-bez-kategorii"],"_links":{"self":[{"href":"https:\/\/grupamisyjna.misjonarze.pl\/index.php?rest_route=\/wp\/v2\/posts\/5285","targetHints":{"allow":["GET"]}}],"collection":[{"href":"https:\/\/grupamisyjna.misjonarze.pl\/index.php?rest_route=\/wp\/v2\/posts"}],"about":[{"href":"https:\/\/grupamisyjna.misjonarze.pl\/index.php?rest_route=\/wp\/v2\/types\/post"}],"author":[{"embeddable":true,"href":"https:\/\/grupamisyjna.misjonarze.pl\/index.php?rest_route=\/wp\/v2\/users\/2"}],"replies":[{"embeddable":true,"href":"https:\/\/grupamisyjna.misjonarze.pl\/index.php?rest_route=%2Fwp%2Fv2%2Fcomments&post=5285"}],"version-history":[{"count":1,"href":"https:\/\/grupamisyjna.misjonarze.pl\/index.php?rest_route=\/wp\/v2\/posts\/5285\/revisions"}],"predecessor-version":[{"id":5286,"href":"https:\/\/grupamisyjna.misjonarze.pl\/index.php?rest_route=\/wp\/v2\/posts\/5285\/revisions\/5286"}],"wp:featuredmedia":[{"embeddable":true,"href":"https:\/\/grupamisyjna.misjonarze.pl\/index.php?rest_route=\/wp\/v2\/media\/5277"}],"wp:attachment":[{"href":"https:\/\/grupamisyjna.misjonarze.pl\/index.php?rest_route=%2Fwp%2Fv2%2Fmedia&parent=5285"}],"wp:term":[{"taxonomy":"category","embeddable":true,"href":"https:\/\/grupamisyjna.misjonarze.pl\/index.php?rest_route=%2Fwp%2Fv2%2Fcategories&post=5285"},{"taxonomy":"post_tag","embeddable":true,"href":"https:\/\/grupamisyjna.misjonarze.pl\/index.php?rest_route=%2Fwp%2Fv2%2Ftags&post=5285"}],"curies":[{"name":"wp","href":"https:\/\/api.w.org\/{rel}","templated":true}]}}