{"id":5306,"date":"2026-03-26T18:27:18","date_gmt":"2026-03-26T17:27:18","guid":{"rendered":"https:\/\/grupamisyjna.misjonarze.pl\/?p=5306"},"modified":"2026-03-26T18:27:18","modified_gmt":"2026-03-26T17:27:18","slug":"siemiatycze-6","status":"publish","type":"post","link":"https:\/\/grupamisyjna.misjonarze.pl\/?p=5306","title":{"rendered":"SIEMIATYCZE"},"content":{"rendered":"<p>&nbsp;<\/p>\n<p>&nbsp;<\/p>\n<p>Ks. Andrzej Telus wsp\u00f3\u0142pracuj\u0105cy z Grup\u0105 Misyjn\u0105 przeprowadzi\u0142 rekolekcje w Siemiatyczach. Relacja ks. Andrzeja:<\/p>\n<p>&nbsp;<\/p>\n<p><span data-olk-copy-source=\"MessageBody\">Od 22 do 24 marca prowadzi\u0142em rekolekcje wielkopostne w Siemiatyczach w parafii Wniebowzi\u0119cia NNP. Rekolekcje by\u0142y dla doros\u0142ych i do szko\u0142y podstawowej. Dla doros\u0142ych codziennie by\u0142y msze z nauk\u0105 rekolekcyjna a dla dzieci w poniedzia\u0142ek i wtorek najpierw p\u00f3\u0142godzinne spotkanie i Eucharystia. Ksi\u0119\u017ca pracuj\u0105cy w parafii bardzo \u017cyczliwi i otwarci.<\/span><\/p>\n<!-- Final Tiles Grid Gallery for WordPress v3.6.13 free --><style>#ftg-424424 .tile .icon { color:#ffffff; }#ftg-424424 .ftg-items .loading-bar i { background:#666; }#ftg-424424 .ftg-items .loading-bar { background:#fff; }#ftg-424424 .tile .icon { font-size:12px; }#ftg-424424 .tile .icon { margin: -6px 0 0 -6px; }#ftg-424424 .tile .caption-block .text-wrapper span.text { font-size:12px; }#ftg-424424 .tile .caption-outside .text-wrapper span.text { font-size:12px; }#ftg-424424 .tile .caption-block .text-wrapper span.title { font-size:14px; }#ftg-424424 .tile .caption-outside .text-wrapper span.title { font-size:14px; }#ftg-424424 .tile { background-color: transparent; }#ftg-424424 .tile .caption-block .text-wrapper span.text { color: #ffffff; }#ftg-424424 .tile .caption-block .text-wrapper span.title { color: #ffffff; }#ftg-424424 .tile .caption-outside .text-wrapper span.text { color: #ffffff; }#ftg-424424 .tile .caption-outside .text-wrapper span.title { color: #ffffff; }#ftg-424424 .tile .ftg-social a { color: #ffffff; }#ftg-424424 .tile .caption-block { transition-timing-function:linear; }#ftg-424424 .tile .caption-block { transition-duration:0.25s; }#ftg-424424 .tile .tile-inner:before { background-color: #000000; }#ftg-424424 .tile .tile-inner:before { background-color: rgba(0, 0, 0, 0.8); }<\/style><a name=\"424\"><\/a><div class=\"final-tiles-gallery  ftg-hover-enabled caption-inside  caption-none caption-middle caption-center\" id=\"ftg-424424\" style=\"width: 100%\"><div class='ftg-items'><div class='loading-bar'><i><\/i><\/div><div  class='tile ftg-preload  '><a title=\"image0\" data-lightbox='ftg-424424' rel='ftg-424424'  class=' tile-inner  ftg-lightbox' href='https:\/\/grupamisyjna.misjonarze.pl\/wp-content\/uploads\/2026\/03\/image0-2-1024x768.jpeg' ><img alt='image0' class='item skip-lazy' data-class='item' data-ftg-source='https:\/\/grupamisyjna.misjonarze.pl\/wp-content\/uploads\/2026\/03\/image0-2-1024x768.jpeg' src='https:\/\/grupamisyjna.misjonarze.pl\/wp-content\/uploads\/2026\/03\/image0-2-1024x768.jpeg' width='1024' height='768' \/><span class='icon fa fa-zoom'><\/span><div class='caption-block'><div class='text-wrapper'><span class='title'>image0<\/span><\/div><\/div><\/a><div class='ftg-social'><\/div><\/div><div  class='tile ftg-preload  '><a title=\"image1\" data-lightbox='ftg-424424' rel='ftg-424424'  class=' tile-inner  ftg-lightbox' href='https:\/\/grupamisyjna.misjonarze.pl\/wp-content\/uploads\/2026\/03\/image1-2-768x1024.jpeg' ><img alt='image1' class='item skip-lazy' data-class='item' data-ftg-source='https:\/\/grupamisyjna.misjonarze.pl\/wp-content\/uploads\/2026\/03\/image1-2-768x1024.jpeg' src='https:\/\/grupamisyjna.misjonarze.pl\/wp-content\/uploads\/2026\/03\/image1-2-768x1024.jpeg' width='768' height='1024' \/><span class='icon fa fa-zoom'><\/span><div class='caption-block'><div class='text-wrapper'><span class='title'>image1<\/span><\/div><\/div><\/a><div class='ftg-social'><\/div><\/div><div  class='tile ftg-preload  '><a title=\"image2\" data-lightbox='ftg-424424' rel='ftg-424424'  class=' tile-inner  ftg-lightbox' href='https:\/\/grupamisyjna.misjonarze.pl\/wp-content\/uploads\/2026\/03\/image2-1-768x1024.jpeg' ><img alt='image2' class='item skip-lazy' data-class='item' data-ftg-source='https:\/\/grupamisyjna.misjonarze.pl\/wp-content\/uploads\/2026\/03\/image2-1-768x1024.jpeg' src='https:\/\/grupamisyjna.misjonarze.pl\/wp-content\/uploads\/2026\/03\/image2-1-768x1024.jpeg' width='768' height='1024' \/><span class='icon fa fa-zoom'><\/span><div class='caption-block'><div class='text-wrapper'><span class='title'>image2<\/span><\/div><\/div><\/a><div class='ftg-social'><\/div><\/div><div  class='tile ftg-preload  '><a title=\"image4\" data-lightbox='ftg-424424' rel='ftg-424424'  class=' tile-inner  ftg-lightbox' href='https:\/\/grupamisyjna.misjonarze.pl\/wp-content\/uploads\/2026\/03\/image4-1-768x1024.jpeg' ><img alt='image4' class='item skip-lazy' data-class='item' data-ftg-source='https:\/\/grupamisyjna.misjonarze.pl\/wp-content\/uploads\/2026\/03\/image4-1-768x1024.jpeg' src='https:\/\/grupamisyjna.misjonarze.pl\/wp-content\/uploads\/2026\/03\/image4-1-768x1024.jpeg' width='768' height='1024' \/><span class='icon fa fa-zoom'><\/span><div class='caption-block'><div class='text-wrapper'><span class='title'>image4<\/span><\/div><\/div><\/a><div class='ftg-social'><\/div><\/div><div  class='tile ftg-preload  '><a title=\"image5\" data-lightbox='ftg-424424' rel='ftg-424424'  class=' tile-inner  ftg-lightbox' href='https:\/\/grupamisyjna.misjonarze.pl\/wp-content\/uploads\/2026\/03\/image5-2-768x1024.jpeg' ><img alt='image5' class='item skip-lazy' data-class='item' data-ftg-source='https:\/\/grupamisyjna.misjonarze.pl\/wp-content\/uploads\/2026\/03\/image5-2-768x1024.jpeg' src='https:\/\/grupamisyjna.misjonarze.pl\/wp-content\/uploads\/2026\/03\/image5-2-768x1024.jpeg' width='768' height='1024' \/><span class='icon fa fa-zoom'><\/span><div class='caption-block'><div class='text-wrapper'><span class='title'>image5<\/span><\/div><\/div><\/a><div class='ftg-social'><\/div><\/div><div  class='tile ftg-preload  '><a title=\"image6\" data-lightbox='ftg-424424' rel='ftg-424424'  class=' tile-inner  ftg-lightbox' href='https:\/\/grupamisyjna.misjonarze.pl\/wp-content\/uploads\/2026\/03\/image6-1-768x1024.jpeg' ><img alt='image6' class='item skip-lazy' data-class='item' data-ftg-source='https:\/\/grupamisyjna.misjonarze.pl\/wp-content\/uploads\/2026\/03\/image6-1-768x1024.jpeg' src='https:\/\/grupamisyjna.misjonarze.pl\/wp-content\/uploads\/2026\/03\/image6-1-768x1024.jpeg' width='768' height='1024' \/><span class='icon fa fa-zoom'><\/span><div class='caption-block'><div class='text-wrapper'><span class='title'>image6<\/span><\/div><\/div><\/a><div class='ftg-social'><\/div><\/div><\/div><\/div>\n<p>&nbsp;<\/p>\n","protected":false},"excerpt":{"rendered":"<p>&nbsp; &nbsp; Ks. Andrzej Telus wsp\u00f3\u0142pracuj\u0105cy z Grup\u0105 Misyjn\u0105 przeprowadzi\u0142 rekolekcje w Siemiatyczach. Relacja ks. Andrzeja:&hellip;<\/p>\n","protected":false},"author":2,"featured_media":5304,"comment_status":"open","ping_status":"open","sticky":false,"template":"","format":"standard","meta":{"footnotes":""},"categories":[1],"tags":[],"class_list":["post-5306","post","type-post","status-publish","format-standard","has-post-thumbnail","hentry","category-bez-kategorii"],"_links":{"self":[{"href":"https:\/\/grupamisyjna.misjonarze.pl\/index.php?rest_route=\/wp\/v2\/posts\/5306","targetHints":{"allow":["GET"]}}],"collection":[{"href":"https:\/\/grupamisyjna.misjonarze.pl\/index.php?rest_route=\/wp\/v2\/posts"}],"about":[{"href":"https:\/\/grupamisyjna.misjonarze.pl\/index.php?rest_route=\/wp\/v2\/types\/post"}],"author":[{"embeddable":true,"href":"https:\/\/grupamisyjna.misjonarze.pl\/index.php?rest_route=\/wp\/v2\/users\/2"}],"replies":[{"embeddable":true,"href":"https:\/\/grupamisyjna.misjonarze.pl\/index.php?rest_route=%2Fwp%2Fv2%2Fcomments&post=5306"}],"version-history":[{"count":1,"href":"https:\/\/grupamisyjna.misjonarze.pl\/index.php?rest_route=\/wp\/v2\/posts\/5306\/revisions"}],"predecessor-version":[{"id":5307,"href":"https:\/\/grupamisyjna.misjonarze.pl\/index.php?rest_route=\/wp\/v2\/posts\/5306\/revisions\/5307"}],"wp:featuredmedia":[{"embeddable":true,"href":"https:\/\/grupamisyjna.misjonarze.pl\/index.php?rest_route=\/wp\/v2\/media\/5304"}],"wp:attachment":[{"href":"https:\/\/grupamisyjna.misjonarze.pl\/index.php?rest_route=%2Fwp%2Fv2%2Fmedia&parent=5306"}],"wp:term":[{"taxonomy":"category","embeddable":true,"href":"https:\/\/grupamisyjna.misjonarze.pl\/index.php?rest_route=%2Fwp%2Fv2%2Fcategories&post=5306"},{"taxonomy":"post_tag","embeddable":true,"href":"https:\/\/grupamisyjna.misjonarze.pl\/index.php?rest_route=%2Fwp%2Fv2%2Ftags&post=5306"}],"curies":[{"name":"wp","href":"https:\/\/api.w.org\/{rel}","templated":true}]}}