{"id":5314,"date":"2026-03-26T18:36:10","date_gmt":"2026-03-26T17:36:10","guid":{"rendered":"https:\/\/grupamisyjna.misjonarze.pl\/?p=5314"},"modified":"2026-03-26T18:37:02","modified_gmt":"2026-03-26T17:37:02","slug":"zabrze-3","status":"publish","type":"post","link":"https:\/\/grupamisyjna.misjonarze.pl\/?p=5314","title":{"rendered":"ZABRZE"},"content":{"rendered":"<p>&nbsp;<\/p>\n<p>Rekolekcje Wielkopostne: 22-25 marca 2026r. Zabrze \u2013 parafia \u015bw. J\u00f3zefa<\/p>\n<p>Rekolekcje by\u0142y dla ca\u0142ej wsp\u00f3lnoty parafialnej oraz dla dzieci klas 1-4 i 5-8 szko\u0142y podstawowej oraz dla m\u0142odzie\u017cy. Dzieci i m\u0142odzie\u017c mia\u0142y swoje spotkania od poniedzia\u0142ku do \u015brody do po\u0142udnia, dla doros\u0142ych by\u0142y Msze \u015bwi\u0119te 7.00 i 18.00. Spowied\u017a \u015bwi\u0119ta by\u0142a przez ca\u0142y czas trwania rekolekcji. Bardzo du\u017co parafian oraz dzieci i m\u0142odzie\u017cy skorzysta\u0142o z sakramentu pojednania. W \u015brod\u0119 na zako\u0144czenie rekolekcji na Mszy \u015bwi\u0119tej wieczornej by\u0142 obecny biskup pomocniczy diecezji gliwickiej Andrzej Iwanecki. Podczas Mszy \u015bwi\u0119tej mia\u0142em nauk\u0119 na zako\u0144czenie rekolekcji oraz w tym dniu 34 lata temu zosta\u0142a powo\u0142ana przez papie\u017ca \u015bw. Jana Paw\u0142a II Diecezja Gliwicka. Podczas uroczysto\u015bci Zwiastowania Pa\u0144skiego przyby\u0142y wsp\u00f3lnoty na Msz\u0119 \u015awi\u0119t\u0105, kt\u00f3re anga\u017cuj\u0105 si\u0119 w obron\u0119 \u017cycia pocz\u0119tego. W parafii \u015bw. J\u00f3zefa jeste\u015bmy jako misjonarze po raz trzeci i my\u015bl\u0119, \u017ce wsp\u00f3\u0142praca z ksi\u0119dzem proboszczem J\u00f3zefem nadal b\u0119dzie kontynuowana. Czas na rekolekcjach by\u0142 wyj\u0105tkowy i pe\u0142en refleksji i modlitwy. Dzi\u0119kuj\u0119 wszystkim ksi\u0119\u017com za go\u015bcin\u0119 i wsp\u00f3lnot\u0119 kap\u0142a\u0144sk\u0105 i \u017cycz\u0119 wszystkim radosnych \u015bwi\u0105t Wielkanocnych!!! Ks. Franek Popowicz CM<\/p>\n<!-- Final Tiles Grid Gallery for WordPress v3.6.13 free --><style>#ftg-425425 .tile .icon { color:#ffffff; }#ftg-425425 .ftg-items .loading-bar i { background:#666; }#ftg-425425 .ftg-items .loading-bar { background:#fff; }#ftg-425425 .tile .icon { font-size:12px; }#ftg-425425 .tile .icon { margin: -6px 0 0 -6px; }#ftg-425425 .tile .caption-block .text-wrapper span.text { font-size:12px; }#ftg-425425 .tile .caption-outside .text-wrapper span.text { font-size:12px; }#ftg-425425 .tile .caption-block .text-wrapper span.title { font-size:14px; }#ftg-425425 .tile .caption-outside .text-wrapper span.title { font-size:14px; }#ftg-425425 .tile { background-color: transparent; }#ftg-425425 .tile .caption-block .text-wrapper span.text { color: #ffffff; }#ftg-425425 .tile .caption-block .text-wrapper span.title { color: #ffffff; }#ftg-425425 .tile .caption-outside .text-wrapper span.text { color: #ffffff; }#ftg-425425 .tile .caption-outside .text-wrapper span.title { color: #ffffff; }#ftg-425425 .tile .ftg-social a { color: #ffffff; }#ftg-425425 .tile .caption-block { transition-timing-function:linear; }#ftg-425425 .tile .caption-block { transition-duration:0.25s; }#ftg-425425 .tile .tile-inner:before { background-color: #000000; }#ftg-425425 .tile .tile-inner:before { background-color: rgba(0, 0, 0, 0.8); }<\/style><a name=\"425\"><\/a><div class=\"final-tiles-gallery  ftg-hover-enabled caption-inside  caption-none caption-middle caption-center\" id=\"ftg-425425\" style=\"width: 100%\"><div class='ftg-items'><div class='loading-bar'><i><\/i><\/div><div  class='tile ftg-preload  '><a title=\"IMG_20260321_135828_resized_20260326_074953924\" data-lightbox='ftg-425425' rel='ftg-425425'  class=' tile-inner  ftg-lightbox' href='https:\/\/grupamisyjna.misjonarze.pl\/wp-content\/uploads\/2026\/03\/IMG_20260321_135828_resized_20260326_074953924-768x1024.jpg' ><img alt='IMG_20260321_135828_resized_20260326_074953924' class='item skip-lazy' data-class='item' data-ftg-source='https:\/\/grupamisyjna.misjonarze.pl\/wp-content\/uploads\/2026\/03\/IMG_20260321_135828_resized_20260326_074953924-768x1024.jpg' src='https:\/\/grupamisyjna.misjonarze.pl\/wp-content\/uploads\/2026\/03\/IMG_20260321_135828_resized_20260326_074953924-768x1024.jpg' width='768' height='1024' \/><span class='icon fa fa-zoom'><\/span><div class='caption-block'><div class='text-wrapper'><span class='title'>IMG_20260321_135828_resized_20260326_074953924<\/span><\/div><\/div><\/a><div class='ftg-social'><\/div><\/div><div  class='tile ftg-preload  '><a title=\"IMG_20260323_130957_resized_20260326_074843565\" data-lightbox='ftg-425425' rel='ftg-425425'  class=' tile-inner  ftg-lightbox' href='https:\/\/grupamisyjna.misjonarze.pl\/wp-content\/uploads\/2026\/03\/IMG_20260323_130957_resized_20260326_074843565-768x1024.jpg' ><img alt='IMG_20260323_130957_resized_20260326_074843565' class='item skip-lazy' data-class='item' data-ftg-source='https:\/\/grupamisyjna.misjonarze.pl\/wp-content\/uploads\/2026\/03\/IMG_20260323_130957_resized_20260326_074843565-768x1024.jpg' src='https:\/\/grupamisyjna.misjonarze.pl\/wp-content\/uploads\/2026\/03\/IMG_20260323_130957_resized_20260326_074843565-768x1024.jpg' width='768' height='1024' \/><span class='icon fa fa-zoom'><\/span><div class='caption-block'><div class='text-wrapper'><span class='title'>IMG_20260323_130957_resized_20260326_074843565<\/span><\/div><\/div><\/a><div class='ftg-social'><\/div><\/div><div  class='tile ftg-preload  '><a title=\"IMG_20260324_095300_resized_20260326_074844301\" data-lightbox='ftg-425425' rel='ftg-425425'  class=' tile-inner  ftg-lightbox' href='https:\/\/grupamisyjna.misjonarze.pl\/wp-content\/uploads\/2026\/03\/IMG_20260324_095300_resized_20260326_074844301-768x1024.jpg' ><img alt='IMG_20260324_095300_resized_20260326_074844301' class='item skip-lazy' data-class='item' data-ftg-source='https:\/\/grupamisyjna.misjonarze.pl\/wp-content\/uploads\/2026\/03\/IMG_20260324_095300_resized_20260326_074844301-768x1024.jpg' src='https:\/\/grupamisyjna.misjonarze.pl\/wp-content\/uploads\/2026\/03\/IMG_20260324_095300_resized_20260326_074844301-768x1024.jpg' width='768' height='1024' \/><span class='icon fa fa-zoom'><\/span><div class='caption-block'><div class='text-wrapper'><span class='title'>IMG_20260324_095300_resized_20260326_074844301<\/span><\/div><\/div><\/a><div class='ftg-social'><\/div><\/div><div  class='tile ftg-preload  '><a title=\"IMG_20260324_095303_resized_20260326_074952787\" data-lightbox='ftg-425425' rel='ftg-425425'  class=' tile-inner  ftg-lightbox' href='https:\/\/grupamisyjna.misjonarze.pl\/wp-content\/uploads\/2026\/03\/IMG_20260324_095303_resized_20260326_074952787-1024x768.jpg' ><img alt='IMG_20260324_095303_resized_20260326_074952787' class='item skip-lazy' data-class='item' data-ftg-source='https:\/\/grupamisyjna.misjonarze.pl\/wp-content\/uploads\/2026\/03\/IMG_20260324_095303_resized_20260326_074952787-1024x768.jpg' src='https:\/\/grupamisyjna.misjonarze.pl\/wp-content\/uploads\/2026\/03\/IMG_20260324_095303_resized_20260326_074952787-1024x768.jpg' width='1024' height='768' \/><span class='icon fa fa-zoom'><\/span><div class='caption-block'><div class='text-wrapper'><span class='title'>IMG_20260324_095303_resized_20260326_074952787<\/span><\/div><\/div><\/a><div class='ftg-social'><\/div><\/div><div  class='tile ftg-preload  '><a title=\"IMG_20260324_112632_resized_20260326_074842343\" data-lightbox='ftg-425425' rel='ftg-425425'  class=' tile-inner  ftg-lightbox' href='https:\/\/grupamisyjna.misjonarze.pl\/wp-content\/uploads\/2026\/03\/IMG_20260324_112632_resized_20260326_074842343-768x1024.jpg' ><img alt='IMG_20260324_112632_resized_20260326_074842343' class='item skip-lazy' data-class='item' data-ftg-source='https:\/\/grupamisyjna.misjonarze.pl\/wp-content\/uploads\/2026\/03\/IMG_20260324_112632_resized_20260326_074842343-768x1024.jpg' src='https:\/\/grupamisyjna.misjonarze.pl\/wp-content\/uploads\/2026\/03\/IMG_20260324_112632_resized_20260326_074842343-768x1024.jpg' width='768' height='1024' \/><span class='icon fa fa-zoom'><\/span><div class='caption-block'><div class='text-wrapper'><span class='title'>IMG_20260324_112632_resized_20260326_074842343<\/span><\/div><\/div><\/a><div class='ftg-social'><\/div><\/div><div  class='tile ftg-preload  '><a title=\"IMG_20260325_091458_resized_20260326_074841582\" data-lightbox='ftg-425425' rel='ftg-425425'  class=' tile-inner  ftg-lightbox' href='https:\/\/grupamisyjna.misjonarze.pl\/wp-content\/uploads\/2026\/03\/IMG_20260325_091458_resized_20260326_074841582-768x1024.jpg' ><img alt='IMG_20260325_091458_resized_20260326_074841582' class='item skip-lazy' data-class='item' data-ftg-source='https:\/\/grupamisyjna.misjonarze.pl\/wp-content\/uploads\/2026\/03\/IMG_20260325_091458_resized_20260326_074841582-768x1024.jpg' src='https:\/\/grupamisyjna.misjonarze.pl\/wp-content\/uploads\/2026\/03\/IMG_20260325_091458_resized_20260326_074841582-768x1024.jpg' width='768' height='1024' \/><span class='icon fa fa-zoom'><\/span><div class='caption-block'><div class='text-wrapper'><span class='title'>IMG_20260325_091458_resized_20260326_074841582<\/span><\/div><\/div><\/a><div class='ftg-social'><\/div><\/div><\/div><\/div>\n","protected":false},"excerpt":{"rendered":"<p>&nbsp; Rekolekcje Wielkopostne: 22-25 marca 2026r. Zabrze \u2013 parafia \u015bw. J\u00f3zefa Rekolekcje by\u0142y dla ca\u0142ej wsp\u00f3lnoty&hellip;<\/p>\n","protected":false},"author":2,"featured_media":5308,"comment_status":"open","ping_status":"open","sticky":false,"template":"","format":"standard","meta":{"footnotes":""},"categories":[1],"tags":[],"class_list":["post-5314","post","type-post","status-publish","format-standard","has-post-thumbnail","hentry","category-bez-kategorii"],"_links":{"self":[{"href":"https:\/\/grupamisyjna.misjonarze.pl\/index.php?rest_route=\/wp\/v2\/posts\/5314","targetHints":{"allow":["GET"]}}],"collection":[{"href":"https:\/\/grupamisyjna.misjonarze.pl\/index.php?rest_route=\/wp\/v2\/posts"}],"about":[{"href":"https:\/\/grupamisyjna.misjonarze.pl\/index.php?rest_route=\/wp\/v2\/types\/post"}],"author":[{"embeddable":true,"href":"https:\/\/grupamisyjna.misjonarze.pl\/index.php?rest_route=\/wp\/v2\/users\/2"}],"replies":[{"embeddable":true,"href":"https:\/\/grupamisyjna.misjonarze.pl\/index.php?rest_route=%2Fwp%2Fv2%2Fcomments&post=5314"}],"version-history":[{"count":1,"href":"https:\/\/grupamisyjna.misjonarze.pl\/index.php?rest_route=\/wp\/v2\/posts\/5314\/revisions"}],"predecessor-version":[{"id":5315,"href":"https:\/\/grupamisyjna.misjonarze.pl\/index.php?rest_route=\/wp\/v2\/posts\/5314\/revisions\/5315"}],"wp:featuredmedia":[{"embeddable":true,"href":"https:\/\/grupamisyjna.misjonarze.pl\/index.php?rest_route=\/wp\/v2\/media\/5308"}],"wp:attachment":[{"href":"https:\/\/grupamisyjna.misjonarze.pl\/index.php?rest_route=%2Fwp%2Fv2%2Fmedia&parent=5314"}],"wp:term":[{"taxonomy":"category","embeddable":true,"href":"https:\/\/grupamisyjna.misjonarze.pl\/index.php?rest_route=%2Fwp%2Fv2%2Fcategories&post=5314"},{"taxonomy":"post_tag","embeddable":true,"href":"https:\/\/grupamisyjna.misjonarze.pl\/index.php?rest_route=%2Fwp%2Fv2%2Ftags&post=5314"}],"curies":[{"name":"wp","href":"https:\/\/api.w.org\/{rel}","templated":true}]}}