{"id":5360,"date":"2026-04-02T13:29:49","date_gmt":"2026-04-02T11:29:49","guid":{"rendered":"https:\/\/grupamisyjna.misjonarze.pl\/?p=5360"},"modified":"2026-04-02T13:30:05","modified_gmt":"2026-04-02T11:30:05","slug":"krakow-5","status":"publish","type":"post","link":"https:\/\/grupamisyjna.misjonarze.pl\/?p=5360","title":{"rendered":"KRAK\u00d3W"},"content":{"rendered":"<p>&nbsp;<\/p>\n<div data-olk-copy-source=\"MessageBody\">Rekolekcje u Misjonarzy na krakowskim Kleparzu<\/div>\n<div>28 marca &#8211; 1 kwietnia 2026 r.<\/div>\n<div>Nauki podczas Mszy \u015bw. niedzielnych oraz na 2 Mszach \u015bw. w tygodniu.<\/div>\n<div>Uczestnikami byli przede wszystkim doro\u015bli (du\u017co os\u00f3b starszych).<\/div>\n<div>Tematy poszczeg\u00f3lnych dni:<\/div>\n<ol>\n<li>B\u00f3g Mi\u0142o\u015bci\u0105, a my Jego ukochane dzieci<\/li>\n<li>Maryja &#8211; r\u00f3\u017caniec &#8211; modlitwa<\/li>\n<li>Wdzi\u0119czno\u015b\u0107 buduj\u0105ca wi\u0119zi z Bogiem i lud\u017ami<\/li>\n<li>Jeste\u015bmy uczniami-misjonarzami w coraz bardziej bezbo\u017cnym \u015bwiecie<\/li>\n<\/ol>\n<div>ks. Pawe\u0142 Szyma\u0144ski CM<\/div>\n<!-- Final Tiles Grid Gallery for WordPress v3.6.13 free --><style>#ftg-432432 .tile .icon { color:#ffffff; }#ftg-432432 .ftg-items .loading-bar i { background:#666; }#ftg-432432 .ftg-items .loading-bar { background:#fff; }#ftg-432432 .tile .icon { font-size:12px; }#ftg-432432 .tile .icon { margin: -6px 0 0 -6px; }#ftg-432432 .tile .caption-block .text-wrapper span.text { font-size:12px; }#ftg-432432 .tile .caption-outside .text-wrapper span.text { font-size:12px; }#ftg-432432 .tile .caption-block .text-wrapper span.title { font-size:14px; }#ftg-432432 .tile .caption-outside .text-wrapper span.title { font-size:14px; }#ftg-432432 .tile { background-color: transparent; }#ftg-432432 .tile .caption-block .text-wrapper span.text { color: #ffffff; }#ftg-432432 .tile .caption-block .text-wrapper span.title { color: #ffffff; }#ftg-432432 .tile .caption-outside .text-wrapper span.text { color: #ffffff; }#ftg-432432 .tile .caption-outside .text-wrapper span.title { color: #ffffff; }#ftg-432432 .tile .ftg-social a { color: #ffffff; }#ftg-432432 .tile .caption-block { transition-timing-function:linear; }#ftg-432432 .tile .caption-block { transition-duration:0.25s; }#ftg-432432 .tile .tile-inner:before { background-color: #000000; }#ftg-432432 .tile .tile-inner:before { background-color: rgba(0, 0, 0, 0.8); }<\/style><a name=\"432\"><\/a><div class=\"final-tiles-gallery  ftg-hover-enabled caption-inside  caption-none caption-middle caption-center\" id=\"ftg-432432\" style=\"width: 100%\"><div class='ftg-items'><div class='loading-bar'><i><\/i><\/div><div  class='tile ftg-preload  '><a title=\"Kleparz-1\" data-lightbox='ftg-432432' rel='ftg-432432'  class=' tile-inner  ftg-lightbox' href='https:\/\/grupamisyjna.misjonarze.pl\/wp-content\/uploads\/2026\/04\/Kleparz-1-1024x768.jpg' ><img alt='Kleparz-1' class='item skip-lazy' data-class='item' data-ftg-source='https:\/\/grupamisyjna.misjonarze.pl\/wp-content\/uploads\/2026\/04\/Kleparz-1-1024x768.jpg' src='https:\/\/grupamisyjna.misjonarze.pl\/wp-content\/uploads\/2026\/04\/Kleparz-1-1024x768.jpg' width='1024' height='768' \/><span class='icon fa fa-zoom'><\/span><div class='caption-block'><div class='text-wrapper'><span class='title'>Kleparz-1<\/span><\/div><\/div><\/a><div class='ftg-social'><\/div><\/div><div  class='tile ftg-preload  '><a title=\"Kleparz-2\" data-lightbox='ftg-432432' rel='ftg-432432'  class=' tile-inner  ftg-lightbox' href='https:\/\/grupamisyjna.misjonarze.pl\/wp-content\/uploads\/2026\/04\/Kleparz-2-1024x768.jpg' ><img alt='Kleparz-2' class='item skip-lazy' data-class='item' data-ftg-source='https:\/\/grupamisyjna.misjonarze.pl\/wp-content\/uploads\/2026\/04\/Kleparz-2-1024x768.jpg' src='https:\/\/grupamisyjna.misjonarze.pl\/wp-content\/uploads\/2026\/04\/Kleparz-2-1024x768.jpg' width='1024' height='768' \/><span class='icon fa fa-zoom'><\/span><div class='caption-block'><div class='text-wrapper'><span class='title'>Kleparz-2<\/span><\/div><\/div><\/a><div class='ftg-social'><\/div><\/div><div  class='tile ftg-preload  '><a title=\"Kleparz-3\" data-lightbox='ftg-432432' rel='ftg-432432'  class=' tile-inner  ftg-lightbox' href='https:\/\/grupamisyjna.misjonarze.pl\/wp-content\/uploads\/2026\/04\/Kleparz-3-768x1024.jpg' ><img alt='Kleparz-3' class='item skip-lazy' data-class='item' data-ftg-source='https:\/\/grupamisyjna.misjonarze.pl\/wp-content\/uploads\/2026\/04\/Kleparz-3-768x1024.jpg' src='https:\/\/grupamisyjna.misjonarze.pl\/wp-content\/uploads\/2026\/04\/Kleparz-3-768x1024.jpg' width='768' height='1024' \/><span class='icon fa fa-zoom'><\/span><div class='caption-block'><div class='text-wrapper'><span class='title'>Kleparz-3<\/span><\/div><\/div><\/a><div class='ftg-social'><\/div><\/div><div  class='tile ftg-preload  '><a title=\"pobrane\" data-lightbox='ftg-432432' rel='ftg-432432'  class=' tile-inner  ftg-lightbox' href='https:\/\/grupamisyjna.misjonarze.pl\/wp-content\/uploads\/2026\/04\/pobrane.jpg' ><img alt='pobrane' class='item skip-lazy' data-class='item' data-ftg-source='https:\/\/grupamisyjna.misjonarze.pl\/wp-content\/uploads\/2026\/04\/pobrane.jpg' src='https:\/\/grupamisyjna.misjonarze.pl\/wp-content\/uploads\/2026\/04\/pobrane.jpg' width='225' height='225' \/><span class='icon fa fa-zoom'><\/span><div class='caption-block'><div class='text-wrapper'><span class='title'>pobrane<\/span><\/div><\/div><\/a><div class='ftg-social'><\/div><\/div><\/div><\/div>\n","protected":false},"excerpt":{"rendered":"<p>&nbsp; Rekolekcje u Misjonarzy na krakowskim Kleparzu 28 marca &#8211; 1 kwietnia 2026 r. Nauki podczas&hellip;<\/p>\n","protected":false},"author":2,"featured_media":5359,"comment_status":"open","ping_status":"open","sticky":false,"template":"","format":"standard","meta":{"footnotes":""},"categories":[1],"tags":[],"class_list":["post-5360","post","type-post","status-publish","format-standard","has-post-thumbnail","hentry","category-bez-kategorii"],"_links":{"self":[{"href":"https:\/\/grupamisyjna.misjonarze.pl\/index.php?rest_route=\/wp\/v2\/posts\/5360","targetHints":{"allow":["GET"]}}],"collection":[{"href":"https:\/\/grupamisyjna.misjonarze.pl\/index.php?rest_route=\/wp\/v2\/posts"}],"about":[{"href":"https:\/\/grupamisyjna.misjonarze.pl\/index.php?rest_route=\/wp\/v2\/types\/post"}],"author":[{"embeddable":true,"href":"https:\/\/grupamisyjna.misjonarze.pl\/index.php?rest_route=\/wp\/v2\/users\/2"}],"replies":[{"embeddable":true,"href":"https:\/\/grupamisyjna.misjonarze.pl\/index.php?rest_route=%2Fwp%2Fv2%2Fcomments&post=5360"}],"version-history":[{"count":1,"href":"https:\/\/grupamisyjna.misjonarze.pl\/index.php?rest_route=\/wp\/v2\/posts\/5360\/revisions"}],"predecessor-version":[{"id":5361,"href":"https:\/\/grupamisyjna.misjonarze.pl\/index.php?rest_route=\/wp\/v2\/posts\/5360\/revisions\/5361"}],"wp:featuredmedia":[{"embeddable":true,"href":"https:\/\/grupamisyjna.misjonarze.pl\/index.php?rest_route=\/wp\/v2\/media\/5359"}],"wp:attachment":[{"href":"https:\/\/grupamisyjna.misjonarze.pl\/index.php?rest_route=%2Fwp%2Fv2%2Fmedia&parent=5360"}],"wp:term":[{"taxonomy":"category","embeddable":true,"href":"https:\/\/grupamisyjna.misjonarze.pl\/index.php?rest_route=%2Fwp%2Fv2%2Fcategories&post=5360"},{"taxonomy":"post_tag","embeddable":true,"href":"https:\/\/grupamisyjna.misjonarze.pl\/index.php?rest_route=%2Fwp%2Fv2%2Ftags&post=5360"}],"curies":[{"name":"wp","href":"https:\/\/api.w.org\/{rel}","templated":true}]}}