{"id":5455,"date":"2026-04-27T17:11:53","date_gmt":"2026-04-27T15:11:53","guid":{"rendered":"https:\/\/grupamisyjna.misjonarze.pl\/?p=5455"},"modified":"2026-04-27T17:11:53","modified_gmt":"2026-04-27T15:11:53","slug":"poznan","status":"publish","type":"post","link":"https:\/\/grupamisyjna.misjonarze.pl\/?p=5455","title":{"rendered":"POZNA\u0143"},"content":{"rendered":"<p>&nbsp;<\/p>\n<p>W dniach 25\/26 kwietnia w Parafii Rzymskokatolickiej<br \/>\npw. B\u0142ogos\u0142awionej \u201ePozna\u0144skiej Pi\u0105tki\u201d<br \/>\nw Poznaniu prze\u017cywali\u015bmy Niedziel\u0119 Maryjn\u0105. Tutejsi parafianie wys\u0142uchali kaza\u0144 o Cudownym Medaliku i po Eucharystii przyjmowali ten znak opieki Maryi nad nami.<br \/>\nKS. Jaros\u0142aw Zieli\u0144ski CM<\/p>\n<!-- Final Tiles Grid Gallery for WordPress v3.6.13 free --><style>#ftg-443443 .tile .icon { color:#ffffff; }#ftg-443443 .ftg-items .loading-bar i { background:#666; }#ftg-443443 .ftg-items .loading-bar { background:#fff; }#ftg-443443 .tile .icon { font-size:12px; }#ftg-443443 .tile .icon { margin: -6px 0 0 -6px; }#ftg-443443 .tile .caption-block .text-wrapper span.text { font-size:12px; }#ftg-443443 .tile .caption-outside .text-wrapper span.text { font-size:12px; }#ftg-443443 .tile .caption-block .text-wrapper span.title { font-size:14px; }#ftg-443443 .tile .caption-outside .text-wrapper span.title { font-size:14px; }#ftg-443443 .tile { background-color: transparent; }#ftg-443443 .tile .caption-block .text-wrapper span.text { color: #ffffff; }#ftg-443443 .tile .caption-block .text-wrapper span.title { color: #ffffff; }#ftg-443443 .tile .caption-outside .text-wrapper span.text { color: #ffffff; }#ftg-443443 .tile .caption-outside .text-wrapper span.title { color: #ffffff; }#ftg-443443 .tile .ftg-social a { color: #ffffff; }#ftg-443443 .tile .caption-block { transition-timing-function:linear; }#ftg-443443 .tile .caption-block { transition-duration:0.25s; }#ftg-443443 .tile .tile-inner:before { background-color: #000000; }#ftg-443443 .tile .tile-inner:before { background-color: rgba(0, 0, 0, 0.8); }<\/style><a name=\"443\"><\/a><div class=\"final-tiles-gallery  ftg-hover-enabled caption-inside  caption-none caption-middle caption-center\" id=\"ftg-443443\" style=\"width: 100%\"><div class='ftg-items'><div class='loading-bar'><i><\/i><\/div><div  class='tile ftg-preload  '><a title=\"1000003199\" data-lightbox='ftg-443443' rel='ftg-443443'  class=' tile-inner  ftg-lightbox' href='https:\/\/grupamisyjna.misjonarze.pl\/wp-content\/uploads\/2026\/04\/1000003199-768x1024.jpg' ><img alt='1000003199' class='item skip-lazy' data-class='item' data-ftg-source='https:\/\/grupamisyjna.misjonarze.pl\/wp-content\/uploads\/2026\/04\/1000003199-768x1024.jpg' src='https:\/\/grupamisyjna.misjonarze.pl\/wp-content\/uploads\/2026\/04\/1000003199-768x1024.jpg' width='768' height='1024' \/><span class='icon fa fa-zoom'><\/span><div class='caption-block'><div class='text-wrapper'><span class='title'>1000003199<\/span><\/div><\/div><\/a><div class='ftg-social'><\/div><\/div><div  class='tile ftg-preload  '><a title=\"1000003200\" data-lightbox='ftg-443443' rel='ftg-443443'  class=' tile-inner  ftg-lightbox' href='https:\/\/grupamisyjna.misjonarze.pl\/wp-content\/uploads\/2026\/04\/1000003200-768x1024.jpg' ><img alt='1000003200' class='item skip-lazy' data-class='item' data-ftg-source='https:\/\/grupamisyjna.misjonarze.pl\/wp-content\/uploads\/2026\/04\/1000003200-768x1024.jpg' src='https:\/\/grupamisyjna.misjonarze.pl\/wp-content\/uploads\/2026\/04\/1000003200-768x1024.jpg' width='768' height='1024' \/><span class='icon fa fa-zoom'><\/span><div class='caption-block'><div class='text-wrapper'><span class='title'>1000003200<\/span><\/div><\/div><\/a><div class='ftg-social'><\/div><\/div><div  class='tile ftg-preload  '><a title=\"1000003202\" data-lightbox='ftg-443443' rel='ftg-443443'  class=' tile-inner  ftg-lightbox' href='https:\/\/grupamisyjna.misjonarze.pl\/wp-content\/uploads\/2026\/04\/1000003202-1024x768.jpg' ><img alt='1000003202' class='item skip-lazy' data-class='item' data-ftg-source='https:\/\/grupamisyjna.misjonarze.pl\/wp-content\/uploads\/2026\/04\/1000003202-1024x768.jpg' src='https:\/\/grupamisyjna.misjonarze.pl\/wp-content\/uploads\/2026\/04\/1000003202-1024x768.jpg' width='1024' height='768' \/><span class='icon fa fa-zoom'><\/span><div class='caption-block'><div class='text-wrapper'><span class='title'>1000003202<\/span><\/div><\/div><\/a><div class='ftg-social'><\/div><\/div><div  class='tile ftg-preload  '><a title=\"1000003203\" data-lightbox='ftg-443443' rel='ftg-443443'  class=' tile-inner  ftg-lightbox' href='https:\/\/grupamisyjna.misjonarze.pl\/wp-content\/uploads\/2026\/04\/1000003203-768x1024.jpg' ><img alt='1000003203' class='item skip-lazy' data-class='item' data-ftg-source='https:\/\/grupamisyjna.misjonarze.pl\/wp-content\/uploads\/2026\/04\/1000003203-768x1024.jpg' src='https:\/\/grupamisyjna.misjonarze.pl\/wp-content\/uploads\/2026\/04\/1000003203-768x1024.jpg' width='768' height='1024' \/><span class='icon fa fa-zoom'><\/span><div class='caption-block'><div class='text-wrapper'><span class='title'>1000003203<\/span><\/div><\/div><\/a><div class='ftg-social'><\/div><\/div><div  class='tile ftg-preload  '><a title=\"1000003209\" data-lightbox='ftg-443443' rel='ftg-443443'  class=' tile-inner  ftg-lightbox' href='https:\/\/grupamisyjna.misjonarze.pl\/wp-content\/uploads\/2026\/04\/1000003209-768x1024.jpg' ><img alt='1000003209' class='item skip-lazy' data-class='item' data-ftg-source='https:\/\/grupamisyjna.misjonarze.pl\/wp-content\/uploads\/2026\/04\/1000003209-768x1024.jpg' src='https:\/\/grupamisyjna.misjonarze.pl\/wp-content\/uploads\/2026\/04\/1000003209-768x1024.jpg' width='768' height='1024' \/><span class='icon fa fa-zoom'><\/span><div class='caption-block'><div class='text-wrapper'><span class='title'>1000003209<\/span><\/div><\/div><\/a><div class='ftg-social'><\/div><\/div><\/div><\/div>\n","protected":false},"excerpt":{"rendered":"<p>&nbsp; W dniach 25\/26 kwietnia w Parafii Rzymskokatolickiej pw. B\u0142ogos\u0142awionej \u201ePozna\u0144skiej Pi\u0105tki\u201d w Poznaniu prze\u017cywali\u015bmy Niedziel\u0119&hellip;<\/p>\n","protected":false},"author":2,"featured_media":5454,"comment_status":"open","ping_status":"open","sticky":false,"template":"","format":"standard","meta":{"footnotes":""},"categories":[1],"tags":[],"class_list":["post-5455","post","type-post","status-publish","format-standard","has-post-thumbnail","hentry","category-bez-kategorii"],"_links":{"self":[{"href":"https:\/\/grupamisyjna.misjonarze.pl\/index.php?rest_route=\/wp\/v2\/posts\/5455","targetHints":{"allow":["GET"]}}],"collection":[{"href":"https:\/\/grupamisyjna.misjonarze.pl\/index.php?rest_route=\/wp\/v2\/posts"}],"about":[{"href":"https:\/\/grupamisyjna.misjonarze.pl\/index.php?rest_route=\/wp\/v2\/types\/post"}],"author":[{"embeddable":true,"href":"https:\/\/grupamisyjna.misjonarze.pl\/index.php?rest_route=\/wp\/v2\/users\/2"}],"replies":[{"embeddable":true,"href":"https:\/\/grupamisyjna.misjonarze.pl\/index.php?rest_route=%2Fwp%2Fv2%2Fcomments&post=5455"}],"version-history":[{"count":1,"href":"https:\/\/grupamisyjna.misjonarze.pl\/index.php?rest_route=\/wp\/v2\/posts\/5455\/revisions"}],"predecessor-version":[{"id":5456,"href":"https:\/\/grupamisyjna.misjonarze.pl\/index.php?rest_route=\/wp\/v2\/posts\/5455\/revisions\/5456"}],"wp:featuredmedia":[{"embeddable":true,"href":"https:\/\/grupamisyjna.misjonarze.pl\/index.php?rest_route=\/wp\/v2\/media\/5454"}],"wp:attachment":[{"href":"https:\/\/grupamisyjna.misjonarze.pl\/index.php?rest_route=%2Fwp%2Fv2%2Fmedia&parent=5455"}],"wp:term":[{"taxonomy":"category","embeddable":true,"href":"https:\/\/grupamisyjna.misjonarze.pl\/index.php?rest_route=%2Fwp%2Fv2%2Fcategories&post=5455"},{"taxonomy":"post_tag","embeddable":true,"href":"https:\/\/grupamisyjna.misjonarze.pl\/index.php?rest_route=%2Fwp%2Fv2%2Ftags&post=5455"}],"curies":[{"name":"wp","href":"https:\/\/api.w.org\/{rel}","templated":true}]}}